{"id":7830,"date":"2013-04-03T13:03:17","date_gmt":"2013-04-03T16:03:17","guid":{"rendered":"https:\/\/adhilac.com.ar\/?p=7830"},"modified":"2013-04-03T13:03:17","modified_gmt":"2013-04-03T16:03:17","slug":"certificacion-sobre-el-servicio-militar-prestado-por-francisco-miranda-en-la-habana-cuba-1782","status":"publish","type":"post","link":"https:\/\/adhilac.com.ar\/?p=7830","title":{"rendered":"Certificaci\u00f3n sobre el servicio militar prestado por Francisco Miranda en La Habana, Cuba. 1782."},"content":{"rendered":"<h3><span style=\"color: #339966;\"><a href=\"https:\/\/adhilac.com.ar\/wp-content\/uploads\/2010\/03\/Franc-Miranda.jpg\"><img loading=\"lazy\" decoding=\"async\" class=\"alignleft size-full wp-image-4239\" title=\"Franc Miranda\" src=\"https:\/\/adhilac.com.ar\/wp-content\/uploads\/2010\/03\/Franc-Miranda.jpg\" alt=\"\" width=\"227\" height=\"224\" \/><\/a>Certificaci\u00f3n del Gobernador de la Habana, Juan Manuel de Cagigal y Monserrat <\/span><\/h3>\n<p style=\"text-align: justify;\">Don Juan Manuel de Cagigal y Monserrat, Caballero del Orden de Santiago y Comendador de Ballesteros en la de Calatrava; Teniente General de los Reales Ej\u00e9rcitos y Superintendente de la Renta de Tabacos; Juez Protector de la de Correos Mar\u00edtimos y Terrestres y de la Real Compa\u00f1\u00eda; Gobernador y Capit\u00e1n General Interino y por v\u00eda de Comisi\u00f3n de la Isla de Cuba y ciudad de San Crist\u00f3bal de La Habana, etc.<!--more--><\/p>\n<p style=\"text-align: justify;\">CERTIFICO: Que el Teniente Coronel don Francisco de Miranda, Capit\u00e1n del Regimiento de Infanter\u00eda de la Princesa, destinado \u00faltimamente al de Arag\u00f3n, ha servido bajo mis \u00f3rdenes en el expresado Regimiento de la Princesa todo el tiempo que fui Coronel de este Cuerpo, y en calidad de mi Edec\u00e1n en la expedici\u00f3n que sali\u00f3 de C\u00e1diz el 28 de marzo de 1780 [28 de abril]&#8230; En el desembarco de nuestras tropas en las Islas de Dominica, Guadalupe, etc&#8230; En los aprestos que en La Habana se han hecho y puesto a mi cuidado por el Exmo. Se\u00f1or Comandante General Don Victorio de Navia, para el embarco de toda la artiller\u00eda y ej\u00e9rcito principal de operaciones en Am\u00e9rica&#8230; En la Expedici\u00f3n que bajo mis \u00f3rdenes sali\u00f3 de La Habana el 9 de abril pr\u00f3ximo pasado, para reforzar y auxiliar el ej\u00e9rcito de Su Majestad, que a las \u00f3rdenes del Mariscal de Campo Don Bernardo de G\u00e1lvez sitiaba la Plaza de Pensacola, en cuyo sitio y rendici\u00f3n, como igualmente en todas las anteriores comisiones, ha servido a mi vista con el mayor celo, valor, actividad y buena conducta en cuanto se ha ofrecido y yo le he mandado, concerniente al Real servicio; habiendo servido tambi\u00e9n con igual distinci\u00f3n en la defensa de la Plaza de Melilla&#8230;<\/p>\n<p style=\"text-align: justify;\">Y \u00faltimamente ha sido enviado con pleno poder y facultades por esta Capitan\u00eda General a la Jamaica, a fin de establecer un Cartel para el Canje de prisioneros espa\u00f1oles y brit\u00e1nicos, entre las Islas de Cuba y Jamaica, cumpliendo en todo, como igualmente en varias otras graves e importantes comisiones reservadas del Real servicio que al mismo tiempo se le encargaron, con aquel celo, actividad, penetraci\u00f3n y conocimiento que le caracterizan de un buen oficial, y sirven de honor y lustre a su profesi\u00f3n. Por todo lo cual, le recomiendo muy particularmente y le juzgo acreedor a los ascensos y empleos que la Real bondad de S.M. quiera dispensarle.<\/p>\n<p style=\"text-align: justify;\">Habana, 6 de enero de 1782<\/p>\n<p style=\"text-align: justify;\">Juan Manuel de Cagigal<\/p>\n<p style=\"text-align: justify;\">Fuente: Transcripcion de Gloria Heriquez Uzcategui y Miren J. Basterra.<a title=\"Academia Nacional de la Historia\" href=\"http:\/\/www.anhvenezuela.org\/\" target=\"_blank\"> Academia Nacional del Historia<\/a>. Venezuela<\/p>\n<p><strong>Publicado por ADHILAC Internacional \u00a9 www.adhilac.com.ar<\/strong><\/p>\n<p>Si Ud. desea asociarse de acuerdo a los Estatutos de ADHILAC\u00a0<a title=\"(ver)\" href=\"https:\/\/adhilac.com.ar\/?page_id=263\">(ver)<\/a> complete el formulario correspondiente\u00a0<a title=\"(Ver)\" href=\"https:\/\/adhilac.com.ar\/?page_id=4779\" target=\"_blank\">(ver)<\/a><\/p>\n<p>E-mail:\u00a0<a title=\"info@adhilac.com.ar\" href=\"https:\/\/adhilac.com.ar\/info@adhilac.com.ar\" target=\"_blank\">info@adhilac.com.ar<\/a><strong> <\/strong><\/p>\n<p>Twitter: @AdhilacInfo<\/p>\n","protected":false},"excerpt":{"rendered":"<p>Certificaci\u00f3n del Gobernador de la Habana, Juan Manuel de Cagigal y Monserrat Don Juan Manuel de Cagigal y Monserrat, Caballero del Orden de Santiago y Comendador de Ballesteros en la de Calatrava; Teniente General de los Reales Ej\u00e9rcitos y Superintendente de la Renta de Tabacos; Juez Protector de la de Correos Mar\u00edtimos y Terrestres y [&hellip;]<\/p>\n","protected":false},"author":2,"featured_media":0,"comment_status":"closed","ping_status":"open","sticky":false,"template":"","format":"standard","meta":{"_crdt_document":"","footnotes":""},"categories":[381,8],"tags":[418,419],"class_list":["post-7830","post","type-post","status-publish","format-standard","hentry","category-archivo","category-fuentes-testimonios","tag-francisco-miranda","tag-la-habana"],"_links":{"self":[{"href":"https:\/\/adhilac.com.ar\/index.php?rest_route=\/wp\/v2\/posts\/7830","targetHints":{"allow":["GET"]}}],"collection":[{"href":"https:\/\/adhilac.com.ar\/index.php?rest_route=\/wp\/v2\/posts"}],"about":[{"href":"https:\/\/adhilac.com.ar\/index.php?rest_route=\/wp\/v2\/types\/post"}],"author":[{"embeddable":true,"href":"https:\/\/adhilac.com.ar\/index.php?rest_route=\/wp\/v2\/users\/2"}],"replies":[{"embeddable":true,"href":"https:\/\/adhilac.com.ar\/index.php?rest_route=%2Fwp%2Fv2%2Fcomments&post=7830"}],"version-history":[{"count":1,"href":"https:\/\/adhilac.com.ar\/index.php?rest_route=\/wp\/v2\/posts\/7830\/revisions"}],"predecessor-version":[{"id":7831,"href":"https:\/\/adhilac.com.ar\/index.php?rest_route=\/wp\/v2\/posts\/7830\/revisions\/7831"}],"wp:attachment":[{"href":"https:\/\/adhilac.com.ar\/index.php?rest_route=%2Fwp%2Fv2%2Fmedia&parent=7830"}],"wp:term":[{"taxonomy":"category","embeddable":true,"href":"https:\/\/adhilac.com.ar\/index.php?rest_route=%2Fwp%2Fv2%2Fcategories&post=7830"},{"taxonomy":"post_tag","embeddable":true,"href":"https:\/\/adhilac.com.ar\/index.php?rest_route=%2Fwp%2Fv2%2Ftags&post=7830"}],"curies":[{"name":"wp","href":"https:\/\/api.w.org\/{rel}","templated":true}]}}