{"id":7844,"date":"2013-04-03T14:02:44","date_gmt":"2013-04-03T17:02:44","guid":{"rendered":"https:\/\/adhilac.com.ar\/?p=7844"},"modified":"2013-05-10T08:53:11","modified_gmt":"2013-05-10T11:53:11","slug":"carta-de-francisco-miranda-al-presidente-de-la-convencion-nacional","status":"publish","type":"post","link":"https:\/\/adhilac.com.ar\/?p=7844","title":{"rendered":"Carta de Francisco Miranda al Presidente de la Convenci\u00f3n Nacional"},"content":{"rendered":"<h3 style=\"text-align: justify;\"><span style=\"color: #339966;\"><a href=\"https:\/\/adhilac.com.ar\/wp-content\/uploads\/2013\/04\/Miranda-Arco-Triunfo.jpg\"><img loading=\"lazy\" decoding=\"async\" class=\"size-full wp-image-7845 alignright\" title=\"Miranda Arco Triunfo\" src=\"https:\/\/adhilac.com.ar\/wp-content\/uploads\/2013\/04\/Miranda-Arco-Triunfo.jpg\" alt=\"\" width=\"240\" height=\"180\" srcset=\"https:\/\/adhilac.com.ar\/wp-content\/uploads\/2013\/04\/Miranda-Arco-Triunfo.jpg 500w, https:\/\/adhilac.com.ar\/wp-content\/uploads\/2013\/04\/Miranda-Arco-Triunfo-300x225.jpg 300w\" sizes=\"auto, (max-width: 240px) 100vw, 240px\" \/><\/a>Francia, 1792<\/span><\/h3>\n<p style=\"text-align: justify;\"><em>El nombre de Miranda fue incluido en el Arco del Triunfo en\u00a0Par\u00eds <\/em><\/p>\n<p style=\"text-align: justify;\">Del General Miranda a P\u00e9tion, Alcalde de Par\u00eds,<br \/>\nPrimer Presidente de la Convenci\u00f3n Nacional.<\/p>\n<p style=\"text-align: justify;\"><span style=\"font-size: 13px; line-height: 19px;\">Valenciennes, 26 de octubre de 1792<\/span><\/p>\n<p style=\"text-align: justify;\"><span style=\"font-size: 13px; line-height: 19px;\">A\u00f1o 1\u00ba de la Rep\u00fablica<!--more--><\/span><\/p>\n<p style=\"text-align: justify;\">(No me lea hasta que V. tenga veinte minutos libres, ya que es importante que V. lo lea todo)<\/p>\n<p style=\"text-align: justify;\">&nbsp;<\/p>\n<p style=\"text-align: justify;\">Mi querido y digno amigo:<\/p>\n<p style=\"text-align: justify;\">&nbsp;<\/p>\n<p style=\"text-align: justify;\">V. se habr\u00e1 extra\u00f1ado, quiz\u00e1s, de no haber recibido mis noticias desde que tuve el placer de escribirle por conducto de nuestro com\u00fan amigo, el General en Jefe, se\u00f1or Dumouriez. El caso es que mi salud ha estado un poco quebrantada, hasta este momento en que me siento lo bastante restablecido como para tomar el mando de la segunda Divisi\u00f3n del Ej\u00e9rcito, que el General en Jefe ha tenido a bien confiarme.<\/p>\n<p style=\"text-align: justify;\">En fin, nuestra vanguardia ha entrado con \u00e9xito en territorio enemigo [B\u00e9lgica], y el resto del ej\u00e9rcito entrar\u00e1 pasado ma\u00f1ana&#8230; Nuestros planes para echar al enemigo e invadir los Pa\u00edses Bajos Austr\u00edacos son a menudo y juiciosamente combinados, por lo que parece, por nuestro digno General Dumouriez quien, como tuve ya el honor de decir a V., toma todas las disposiciones \u00e9l mismo&#8230; pero, \u00bfes que los dem\u00e1s Cuerpos, que deben cooperar juntos, cumplir\u00e1n su deber y actuar\u00e1n con unidad? \u00a1He aqu\u00ed lo que temo!<\/p>\n<p style=\"text-align: justify;\">Para probar a V. que mi temor no es del todo infundado, he aqu\u00ed una copia de la carta impertinente que uno de los que deben esencialmente cooperar, acaba de escribir al se\u00f1or Dumouriez, quien, sin embargo, no ha querido notificarla al Ministro de la Guerra, creyendo que con su moderaci\u00f3n llevar\u00e1 a estos oficiales a su deber, sacrificando su tonta vanidad al inter\u00e9s p\u00fablico. Es con la mayor dificultad que he podido obtener esta copia, rogando a V. no se la muestre a nadie, y que le env\u00edo \u00fanicamente para convencer a V. de la necesidad absoluta en que estamos de tener un rango o autoridad militar superior, situada en alg\u00fan lugar, que remedie todas estas disputas y enredos que podr\u00edan muy bien acabar por arruinar la cosa p\u00fablica&#8230; En fin, haga V. lo que considere mejor, y ya le he dicho bastante sobre este mismo tema en otras ocasiones.<\/p>\n<p style=\"text-align: justify;\">Pasemos a otra cosa. El General Dumouriez me ha dicho que V. pensaba enviar una fuerza contra Espa\u00f1a, y que con este motivo quer\u00edan que yo regresara a Par\u00eds, etc. Es materia muy delicada sobre la cual me atrevo a solicitar la palabra, con preferencia a todo lo dem\u00e1s, antes de que V. emprenda la menor cosa. Primero, porque tengo que informar a V. hasta qu\u00e9 punto hab\u00eda llegado Inglaterra, que trat\u00f3 el asunto conmigo, como agente de Am\u00e9rica del Sur, en pro de su independencia y libertad, durante estos \u00faltimos tres a\u00f1os. Segundo, cu\u00e1les eran las disposiciones de Am\u00e9rica del Norte con respecto a la misma empresa. Tercero, los medios eficaces que yo hab\u00eda preparado en Italia con algunos jesuitas americanos, convertidos en hombres ilustrados y en enemigos implacables de Espa\u00f1a. Cuarto, doce a\u00f1os de fatigas, de viajes y meditaciones sobre el mismo tema, me dan una especie de derecho que reclamo con alguna confianza.<\/p>\n<p style=\"text-align: justify;\">Este mismo motivo es, adem\u00e1s, la causa principal (como tuve el honor de decirle a V. en su tiempo) por el que prefer\u00eda establecerme en Francia y ser un ciudadano franc\u00e9s, a toda otra ventaja que yo pudiera obtener en Am\u00e9rica del Norte, en Rusia o incluso en Inglaterra. Sobre este punto, puedo prestar servicios esenciales a la Rep\u00fablica y hacer al mismo tiempo la felicidad de mi Patria, que es el colmo de la felicidad humana. As\u00ed pues, V. no debe dudar de mi completa abnegaci\u00f3n por una y otra cosa&#8230; No conozco sino dos deberes en mi situaci\u00f3n actual, el primero para con Francia, como un miembro leg\u00edtimo de la naci\u00f3n y un servidor fiel de la Rep\u00fablica, a la cual he hecho un juramento inviolable; el segundo, para con mi pobre Patria accidental, que de lejos me tiende la mano y me muestra las cadenas con las que gime desgraciadamente bajo el despotismo m\u00e1s cruel e infame. Esta idea desgarra mi coraz\u00f3n cada vez que pienso en ella&#8230; pero no pierdo la esperanza. \u00a1Animo hombres virtuosos y bienhechores de la humanidad; la posteridad os bendecir\u00e1 eternamente!<\/p>\n<p style=\"text-align: justify;\">Me parece como de buen augurio en este momento la singularidad siguiente: el a\u00f1o 1785, cuando viaj\u00e9 por Prusia, etc., Espa\u00f1a y Francia, que ve\u00edan con muy malos ojos mis \u201cprincipios\u201d y mis ideas, informados por el se\u00f1or La Fayette que yo deb\u00eda pasar por Par\u00eds, de regreso a Inglaterra, me hab\u00edan preparado mi alojamiento en La Bastilla, con la complicidad del se\u00f1or de Aranda, Montmorin, Floridablanca y Luis XVI&#8230; Fracasaron completamente&#8230; y he aqu\u00ed que el primero est\u00e1 en Spandau, el otro sobre el precipicio, el otro decapitado en el Ch\u00e2telet, el cuarto en el Castillo o bastilla de Segovia y el \u00faltimo en el Temple, mientras que este Miranda est\u00e1, la espada en la mano, en los Ej\u00e9rcitos de la Libertad. Es \u00e9sta una reflexi\u00f3n que yo hubiera hecho ya al se\u00f1or La Fayette, si su situaci\u00f3n le permitiese recibirla. Por lo dem\u00e1s, amigo m\u00edo, ruego a V. no hacer comentarios, por razones de orden diverso y de las cuales la Rep\u00fablica pueda sacar mejor partido de mis d\u00e9biles conocimientos. Mi abnegaci\u00f3n es completa y muy sincera.<\/p>\n<p style=\"text-align: justify;\">A prop\u00f3sito de legislaci\u00f3n, estoy muy contento de ver que el demagogo Robespierre ha ca\u00eddo en el olvido donde debiera haber estado siempre, por el bien de la cosa p\u00fablica a la que ha hecho ya bastante da\u00f1o. Pero veo con indignaci\u00f3n que V. tiene que sufrir que otros m\u00e1s infames todav\u00eda, tales como Marat, Cha&#8230;, etc., difamen a los hombres virtuosos, a la naci\u00f3n y a la Convenci\u00f3n Nacional impunemente. Recuerde V. que por una igual negligencia la \u00faltima Asamblea Legislativa se envileci\u00f3 ante los ojos de la naci\u00f3n y de Europa hasta el punto de reducir casi a cero su autoridad. El Comit\u00e9 de Legislaci\u00f3n me parece estar muy bien compuesto, \u00a1y sus nueve miembros poseen m\u00e1s conocimientos sobre esta importante materia que quiz\u00e1s todo el resto de los hombres juntos!<\/p>\n<p style=\"text-align: justify;\">Le recomiendo una cosa de mi parte, sabio legislador, \u00a1y son las mujeres! \u00bfPor qu\u00e9, en un gobierno democr\u00e1tico, la mitad de los individuos no est\u00e1 directa o indirectamente representada, mientras que ellas est\u00e1n igualmente sujetas a la misma severidad de las leyes que los hombres han hecho a su voluntad? \u00bfPor qu\u00e9, al menos, no se les consulta sobre las leyes que les ata\u00f1en m\u00e1s directamente como son las del matrimonio, divorcio, educaci\u00f3n de los hijos, etc.?<\/p>\n<p style=\"text-align: justify;\">Confieso a V. que todas estas cosas me parecen usurpaciones irritantes y muy dignas de ser tomadas en consideraci\u00f3n por nuestros sabios legisladores. Si yo tuviera aqu\u00ed mis papeles, encontrar\u00eda algunas observaciones que he hecho sobre este mismo tema, hablando de ello con algunos legisladores de Am\u00e9rica y de Europa, que nunca me dieron ninguna raz\u00f3n satisfactoria, habiendo convenido en su mayor\u00eda de la injusticia, etc.<\/p>\n<p style=\"text-align: justify;\">En fin, mi querido amigo, no est\u00e9 tan silencioso, env\u00ede una palabra de vez en cuando, ello alegra infinito mi pura amistad y son sensaciones muy agradables. Mis respetuosos saludos a la se\u00f1ora P\u00e9tion, al peque\u00f1o y a todos nuestros amigos. Le abrazo y soy con afecto inviolable.<\/p>\n<p style=\"text-align: justify;\">&nbsp;<\/p>\n<p style=\"text-align: justify;\">Suyo,<\/p>\n<p style=\"text-align: justify;\">&nbsp;<\/p>\n<p style=\"text-align: justify;\">Miranda<\/p>\n<p style=\"text-align: justify;\">Archivos Nacionales de Francia<br \/>\nF\/7 \/4774 Polic\u00eda General<br \/>\nTraducido del franc\u00e9s.<\/p>\n<p style=\"text-align: justify;\">Transcripci\u00f3n\u00a0de Gloria Heriquez Uzcategui y Miren J. Basterra.<a title=\"Academia Nacional de la Historia\" href=\"http:\/\/www.anhvenezuela.org\/\" target=\"_blank\"> Academia Nacional del Historia<\/a>. Venezuela<\/p>\n<p style=\"text-align: justify;\"><strong>Publicado por ADHILAC Internacional \u00a9 www.adhilac.com.ar<\/strong><\/p>\n<p style=\"text-align: justify;\">Si Ud. desea asociarse de acuerdo a los Estatutos de ADHILAC\u00a0<a title=\"(ver)\" href=\"https:\/\/adhilac.com.ar\/?page_id=263\">(ver)<\/a> complete el formulario correspondiente\u00a0<a title=\"(Ver)\" href=\"https:\/\/adhilac.com.ar\/?page_id=4779\" target=\"_blank\">(ver)<\/a><\/p>\n<p style=\"text-align: justify;\">E-mail:\u00a0<a title=\"info@adhilac.com.ar\" href=\"https:\/\/adhilac.com.ar\/info@adhilac.com.ar\" target=\"_blank\">info@adhilac.com.ar<\/a><strong> <\/strong><\/p>\n<p style=\"text-align: justify;\">Twitter: @AdhilacInfo<\/p>\n<p style=\"text-align: justify;\">&nbsp;<\/p>\n","protected":false},"excerpt":{"rendered":"<p>Francia, 1792 El nombre de Miranda fue incluido en el Arco del Triunfo en\u00a0Par\u00eds Del General Miranda a P\u00e9tion, Alcalde de Par\u00eds, Primer Presidente de la Convenci\u00f3n Nacional. Valenciennes, 26 de octubre de 1792 A\u00f1o 1\u00ba de la Rep\u00fablica<\/p>\n","protected":false},"author":24,"featured_media":0,"comment_status":"closed","ping_status":"closed","sticky":false,"template":"","format":"standard","meta":{"_crdt_document":"","footnotes":""},"categories":[381,8],"tags":[50,68,321],"class_list":["post-7844","post","type-post","status-publish","format-standard","hentry","category-archivo","category-fuentes-testimonios","tag-cartas","tag-francisco-de-miranda","tag-revolucion-francesa"],"_links":{"self":[{"href":"https:\/\/adhilac.com.ar\/index.php?rest_route=\/wp\/v2\/posts\/7844","targetHints":{"allow":["GET"]}}],"collection":[{"href":"https:\/\/adhilac.com.ar\/index.php?rest_route=\/wp\/v2\/posts"}],"about":[{"href":"https:\/\/adhilac.com.ar\/index.php?rest_route=\/wp\/v2\/types\/post"}],"author":[{"embeddable":true,"href":"https:\/\/adhilac.com.ar\/index.php?rest_route=\/wp\/v2\/users\/24"}],"replies":[{"embeddable":true,"href":"https:\/\/adhilac.com.ar\/index.php?rest_route=%2Fwp%2Fv2%2Fcomments&post=7844"}],"version-history":[{"count":4,"href":"https:\/\/adhilac.com.ar\/index.php?rest_route=\/wp\/v2\/posts\/7844\/revisions"}],"predecessor-version":[{"id":7967,"href":"https:\/\/adhilac.com.ar\/index.php?rest_route=\/wp\/v2\/posts\/7844\/revisions\/7967"}],"wp:attachment":[{"href":"https:\/\/adhilac.com.ar\/index.php?rest_route=%2Fwp%2Fv2%2Fmedia&parent=7844"}],"wp:term":[{"taxonomy":"category","embeddable":true,"href":"https:\/\/adhilac.com.ar\/index.php?rest_route=%2Fwp%2Fv2%2Fcategories&post=7844"},{"taxonomy":"post_tag","embeddable":true,"href":"https:\/\/adhilac.com.ar\/index.php?rest_route=%2Fwp%2Fv2%2Ftags&post=7844"}],"curies":[{"name":"wp","href":"https:\/\/api.w.org\/{rel}","templated":true}]}}