{"id":7995,"date":"2013-05-28T03:58:20","date_gmt":"2013-05-28T06:58:20","guid":{"rendered":"https:\/\/adhilac.com.ar\/?p=7995"},"modified":"2013-05-28T03:59:30","modified_gmt":"2013-05-28T06:59:30","slug":"repercusiones-del-encuentro-%e2%80%9cgalich-y-el-caribe%e2%80%9d-la-habana-mayo-de-2013","status":"publish","type":"post","link":"https:\/\/adhilac.com.ar\/?p=7995","title":{"rendered":"Repercusiones del encuentro \u201cGalich y el Caribe\u201d. La Habana. Mayo de 2013"},"content":{"rendered":"<h3 style=\"text-align: justify;\"><span style=\"color: #339966;\"><a href=\"https:\/\/adhilac.com.ar\/wp-content\/uploads\/2013\/05\/Manuel-Galich.jpg\"><img loading=\"lazy\" decoding=\"async\" class=\"size-full wp-image-7996 alignleft\" title=\"Manuel Galich\" src=\"https:\/\/adhilac.com.ar\/wp-content\/uploads\/2013\/05\/Manuel-Galich.jpg\" alt=\"\" width=\"284\" height=\"193\" srcset=\"https:\/\/adhilac.com.ar\/wp-content\/uploads\/2013\/05\/Manuel-Galich.jpg 473w, https:\/\/adhilac.com.ar\/wp-content\/uploads\/2013\/05\/Manuel-Galich-300x204.jpg 300w\" sizes=\"auto, (max-width: 284px) 100vw, 284px\" \/><\/a>Vigencia de Manuel Galich<\/span><\/h3>\n<p style=\"text-align: justify;\">Casa de las Am\u00e9ricas<\/p>\n<p style=\"text-align: justify;\">24 de mayo, 2013<\/p>\n<p style=\"text-align: justify;\"><span style=\"text-align: justify;\">Vigencia de Manuel Galich<\/span><\/p>\n<p style=\"text-align: justify;\">El pasado martes 21 de mayo se celebr\u00f3 en la Casa de las Am\u00e9ricas el  panel \u201cGalich y el Caribe\u201d, como parte de las jornadas del Coloquio\u00a0  Internacional La Diversidad Cultural en el Caribe<!--more--><\/p>\n<p style=\"text-align: justify;\">por Ana Laura Su\u00e1rez Rivero<\/p>\n<p style=\"text-align: justify;\">El panel \u201cGalich y el Caribe\u201d tuvo como centro en la tarde de ayer\u00a0  al destacado intelectual de origen guatemalteco Manuel Galich en la\u00a0  sala de la Casa de las Am\u00e9ricas que lleva su nombre. La conducci\u00f3n\u00a0  estuvo a cargo de la directora del Centro de Estudios del Caribe\u00a0  Yolanda Wood, quien resalt\u00f3 la intenci\u00f3n del panel de rendirle\u00a0  homenaje en este a\u00f1o de su centenario, y se refiri\u00f3 a su estrecho\u00a0  v\u00ednculo con la instituci\u00f3n en su calidad de compa\u00f1ero, investigador\u00a0 y  fundador de importantes zonas como el Departamento de Teatro.<\/p>\n<p style=\"text-align: justify;\">En su labor investigativa fue el Caribe una de sus pasiones, lo que\u00a0  le permiti\u00f3 crear un imaginario sobre el mismo cuya permanencia\u00a0  evidenci\u00f3 la doctora Lourdes Dom\u00ednguez, presentada por Wood como\u00a0  \u201cprofesora, investigadora y amiga\u201d. Como disc\u00edpula y colaboradora de\u00a0  Manuel Galich en la Casa de las Am\u00e9ricas, la panelista manifest\u00f3 su\u00a0  intenci\u00f3n de saldar una deuda con \u00e9l, a trav\u00e9s de su presentaci\u00f3n,\u00a0  por todo lo que le inculc\u00f3: \u201cEsta Casa fue mi gu\u00eda y el jefe de esa\u00a0  gu\u00eda fue el Doctor Galich\u201d.<\/p>\n<p style=\"text-align: justify;\">Entre los rasgos fundamentales de la visi\u00f3n del investigador sobre\u00a0  Am\u00e9rica, destac\u00f3 el car\u00e1cter integrador, continental, que le\u00a0 permiti\u00f3  la creaci\u00f3n de Nuestros primeros padres, obra vasta e\u00a0 imprescindible  sobre los pobladores originarios del Continente,\u00a0 \u201cresultado amplio y  entendible\u201d de su visi\u00f3n de conjunto, que\u00a0 demuestra que \u201c\u00e9l hab\u00eda  vivido la Am\u00e9rica y conoc\u00eda los pueblos\u00a0 americanos\u201d. Resalt\u00f3, no  obstante, su preferencia por Centroam\u00e9rica\u00a0 y, dentro de esta, por el  Caribe que \u201clo deslumbr\u00f3\u201d. Se refiri\u00f3, en\u00a0 este sentido, a la claridad  de Galich en la postulaci\u00f3n de hip\u00f3tesis\u00a0 osadas para su momento sobre  el poblamiento de las Antillas, cuya\u00a0 vigencia ha sido demostrada por  la historia y es retomada hoy, como\u00a0 es el caso de haber fundamentado  la traslaci\u00f3n y expansi\u00f3n de los\u00a0 aruacos en su car\u00e1cter biodin\u00e1mico.  No dej\u00f3 de referir emotivamente\u00a0 la experiencia de haber trabajado tan  cerca de esta figura\u00a0 prominente, y su impresi\u00f3n, al escucharlo hablar  de la historia de\u00a0 nuestros pueblos, de \u201csentirse en el mismo lugar  del que \u00e9l hablaba\u201d.<\/p>\n<p style=\"text-align: justify;\">Una segunda parte del panel estuvo dedicada al lanzamiento del libro  Tierras y aguas del Caribe, de la autor\u00eda del propio ensayista, cuyo\u00a0  original in\u00e9dito fue encontrado y entregado a la Casa de las\u00a0 Am\u00e9ricas  para su publicaci\u00f3n por Sergio Guerra Vilaboy, quien\u00a0 realiz\u00f3 la  presentaci\u00f3n junto a la tambi\u00e9n profesora de la\u00a0 Universidad de La  Habana Vilma D\u00edaz. Esta se refiri\u00f3 a la\u00a0 importancia de la figura de  Galich en la formaci\u00f3n de historiadores\u00a0 en la Universidad, y al  car\u00e1cter significativo del libro para darlo\u00a0 a conocer entre las  nuevas generaciones. Asimismo, abord\u00f3 el tema\u00a0 del ensayo, que se  centra en la historia de las Antillas Menores y\u00a0 profundiza, de este  modo, en esta importante faceta investigativa\u00a0 del autor.<\/p>\n<p style=\"text-align: justify;\">Por su parte, Sergio Guerra se refiri\u00f3 a la vida multifac\u00e9tica del\u00a0  escritor, dramaturgo, pol\u00edgrafo, pol\u00edtico, periodista y profesor\u00a0  fundador de la C\u00e1tedra de Historia de la Universidad de La Habana; a\u00a0  sus dotes de orador que lo convirtieron en \u201cel verbo de la\u00a0 revoluci\u00f3n  guatemalteca\u201d de 1944 y recurri\u00f3, especialmente, a su\u00a0 propia  experiencia como su compa\u00f1ero de c\u00e1tedra, pues\u00a0 \u201clamentablemente  \u2015dijo\u2015 no lo tuve como profesor en las aulas\u201d. No\u00a0 obstante, lo  defini\u00f3 como su maestro, por todo el conocimiento que\u00a0 adquiri\u00f3 a  trav\u00e9s de su obra. Su car\u00e1cter \u201cnunca agobiado, con un\u00a0 humorismo  siempre a flor de labios\u201d, su extraordinaria capacidad\u00a0 verbal, \u201csu  presencia siempre estimulante que nos impactaba a\u00a0 todos\u201d, su  sabidur\u00eda, lo convirtieron en un mito venerable para la\u00a0 Facultad de  Historia: \u201cEn las clases de Galich uno aprend\u00eda nada m\u00e1s\u00a0 que con su  presencia, porque implicaba sus experiencias de vida\u201d.<\/p>\n<p style=\"text-align: justify;\">\u201cEl centenario de Galich \u2015concluy\u00f3\u2015 es una ocasi\u00f3n para volver a\u00a0  divulgar su obra y para tenerlo siempre entre nosotros\u201d. El merecido\u00a0  homenaje culmin\u00f3 con la puesta en circulaci\u00f3n del volumen y con la\u00a0  promesa de dar continuidad al tributo de la Casa de las Am\u00e9ricas a\u00a0  esta eminente personalidad a trav\u00e9s de diversas actividades y\u00a0  publicaciones, como la reedici\u00f3n pr\u00f3xima de Nuestros primeros padres.<\/p>\n<p style=\"text-align: justify;\">Publicado por ADHILAC Internacional \u00a9 www.adhilac.com.ar<\/p>\n<p style=\"text-align: justify;\">Si Ud. desea asociarse de acuerdo a los Estatutos de ADHILAC\u00a0<a title=\"(ver)\" href=\"https:\/\/adhilac.com.ar\/?page_id=263\">(ver)<\/a> complete el formulario correspondiente\u00a0<a title=\"(Ver)\" href=\"https:\/\/adhilac.com.ar\/?page_id=4779\" target=\"_blank\">(ver)<\/a><\/p>\n<p style=\"text-align: justify;\">E-mail:\u00a0<a title=\"info@adhilac.com.ar\" href=\"https:\/\/adhilac.com.ar\/info@adhilac.com.ar\" target=\"_blank\">info@adhilac.com.ar<\/a><\/p>\n<p style=\"text-align: justify;\">Twitter: @AdhilacInfo<\/p>\n","protected":false},"excerpt":{"rendered":"<p>Vigencia de Manuel Galich Casa de las Am\u00e9ricas 24 de mayo, 2013 Vigencia de Manuel Galich El pasado martes 21 de mayo se celebr\u00f3 en la Casa de las Am\u00e9ricas el panel \u201cGalich y el Caribe\u201d, como parte de las jornadas del Coloquio\u00a0 Internacional La Diversidad Cultural en el Caribe<\/p>\n","protected":false},"author":2,"featured_media":0,"comment_status":"closed","ping_status":"closed","sticky":false,"template":"","format":"standard","meta":{"_crdt_document":"","footnotes":""},"categories":[18,5],"tags":[428,429],"class_list":["post-7995","post","type-post","status-publish","format-standard","hentry","category-adhilac-cuba","category-congresos","tag-manuel-galich","tag-teatro"],"_links":{"self":[{"href":"https:\/\/adhilac.com.ar\/index.php?rest_route=\/wp\/v2\/posts\/7995","targetHints":{"allow":["GET"]}}],"collection":[{"href":"https:\/\/adhilac.com.ar\/index.php?rest_route=\/wp\/v2\/posts"}],"about":[{"href":"https:\/\/adhilac.com.ar\/index.php?rest_route=\/wp\/v2\/types\/post"}],"author":[{"embeddable":true,"href":"https:\/\/adhilac.com.ar\/index.php?rest_route=\/wp\/v2\/users\/2"}],"replies":[{"embeddable":true,"href":"https:\/\/adhilac.com.ar\/index.php?rest_route=%2Fwp%2Fv2%2Fcomments&post=7995"}],"version-history":[{"count":3,"href":"https:\/\/adhilac.com.ar\/index.php?rest_route=\/wp\/v2\/posts\/7995\/revisions"}],"predecessor-version":[{"id":7998,"href":"https:\/\/adhilac.com.ar\/index.php?rest_route=\/wp\/v2\/posts\/7995\/revisions\/7998"}],"wp:attachment":[{"href":"https:\/\/adhilac.com.ar\/index.php?rest_route=%2Fwp%2Fv2%2Fmedia&parent=7995"}],"wp:term":[{"taxonomy":"category","embeddable":true,"href":"https:\/\/adhilac.com.ar\/index.php?rest_route=%2Fwp%2Fv2%2Fcategories&post=7995"},{"taxonomy":"post_tag","embeddable":true,"href":"https:\/\/adhilac.com.ar\/index.php?rest_route=%2Fwp%2Fv2%2Ftags&post=7995"}],"curies":[{"name":"wp","href":"https:\/\/api.w.org\/{rel}","templated":true}]}}