{"id":8015,"date":"2013-06-04T09:38:45","date_gmt":"2013-06-04T12:38:45","guid":{"rendered":"https:\/\/adhilac.com.ar\/?p=8015"},"modified":"2013-06-05T09:39:10","modified_gmt":"2013-06-05T12:39:10","slug":"reduccion-colonial-de-los-puelches-bajo-los-jesuitas-al-sur-de-buenos-aires","status":"publish","type":"post","link":"https:\/\/adhilac.com.ar\/?p=8015","title":{"rendered":"Reducci\u00f3n colonial de los puelches bajo los jesuitas al sur de Buenos Aires"},"content":{"rendered":"<h3 style=\"text-align: justify;\"><span style=\"color: #339966;\">Historias de puelches y jesuitas a veinte kilometros de Mar del Plata<\/span><\/h3>\n<p style=\"text-align: justify;\"><strong>Los padres de la laguna<\/strong><\/p>\n<p style=\"text-align: justify;\">Por\u00a0Carlos Rodr\u00edguez<\/p>\n<div id=\"cuerpo\" style=\"text-align: justify;\">\n<p>Desde Mar del Plata<\/p>\n<p>Entre 1735 y 1752, la regi\u00f3n en la que se encuentran la Laguna y la Sierra de los Padres fue parte del territorio bajo dominio del cacique Cangapol, llamado \u201cEl Bravo\u201d por los invasores espa\u00f1oles. Perteneciente a la etnia de los puelches o \u201cserranos\u201d, Cangapol tuvo etapas de buena vecindad con algunos religiosos, pero nunca con \u201clos espa\u00f1oles, de quienes hemos recibido muchos agravios en todos tiempos\u201d. <!--more-->En virtud de la firma de un tratado de paz con Cangapol y su gente, el 13 de noviembre de 1746 los misioneros jesuitas Joseph Cardiel y Tom\u00e1s Falkner,(1) uno espa\u00f1ol y el otro ingl\u00e9s de ascendencia irlandesa, fundaron la reducci\u00f3n Nuestra Se\u00f1ora del Pilar, uno de los atractivos tur\u00edsticos que tiene hoy la Laguna de los Padres, llamada al principio \u201cde las Cabrillas\u201d y rebautizada para rendir homenaje a los dos curas. La edificaci\u00f3n original, que inclu\u00eda una peque\u00f1a capilla, tuvo que ser abandonada en 1751 ante un nuevo enojo de Cangapol y dos siglos despu\u00e9s, en 1949, fue hallada bajo tierra y reconstruida con los mismos materiales, luego de que Juan Domingo Per\u00f3n expropiara las tierras de propiedad privada y las convirtiera en reserva p\u00fablica.<\/p>\n<p>El guardaparques Daniel M\u00e9ndez resume en pocas palabras el recorrido que se ofrece al turista, a media hora de viaje desde la ciudad de Mar del Plata: \u201cEl circuito empieza en la laguna, que incluye la reserva jesuita y el Museo Jos\u00e9 Hern\u00e1ndez, y luego sigue en Sierra de los Padres, con el minizoo, la gruta de los pa\u00f1uelos, la hoteler\u00eda y los restaurantes\u201d (ver aparte). M\u00e9ndez, como su misi\u00f3n lo indica, se centra en las maravillas de la laguna: \u201cTenemos m\u00e1s de 130 especies de aves, entre ellas el cisne negro, distintas especies de patos, gallaretas, macaes, garzas, colibr\u00edes, p\u00e1jaros carpinteros y Mart\u00edn pescadores, adem\u00e1s de mam\u00edferos como el carpincho, el roedor m\u00e1s grande del mundo, el coipo o falsa nutria, comadrejas, cuises y hasta gato mont\u00e9s\u201d.<\/p>\n<p>En la laguna se puede pescar durante casi todo el a\u00f1o \u2013el \u00fanico per\u00edodo de veda es entre el 1\u00ba de noviembre y el 1\u00ba de diciembre\u2013 y la presa favorita es el pejerrey. Los pescadores pueden tirar sus l\u00edneas en la orilla o internarse en botes a remo o en lanchas con motor el\u00e9ctrico, \u00fanicamente. En la laguna \u201ctodos los animales est\u00e1n protegidos y no se puede cazar ni capturar presas, ni siquiera la cotorrita verde, que es plaga\u201d. Mientras hace la aclaraci\u00f3n, M\u00e9ndez se\u00f1ala la existencia de jaulas y otros elementos destinados a la captura de p\u00e1jaros que fueron secuestrados por los guardaparques, mientras tres jilgueros corretean despreocupados, a metros del lugar de la charla.<\/p>\n<p>M\u00e9ndez cuenta que a la laguna llegan golondrinas en noviembre y se van a fines de enero, y que ellos, los guardaparques, tambi\u00e9n intervienen en el cercano Atl\u00e1ntico, donde con frecuencia aparecen ping\u00fcinos empetrolados y v\u00edboras que llegan del Brasil. Las capturan y las entregan a las autoridades, que las destinan a algunos de los varios zool\u00f3gicos que hay en la zona. Entre los p\u00e1jaros locales, su preferida es la jacana, un tipo de gallareta multicolor que cuando abre las alas para emprender el vuelo \u201cparece un arco iris\u201d.<\/p>\n<p>En la reconstruida Reducci\u00f3n del Pilar, la capilla permanece con una luz tenue que permite observar en detalle el pesebre \u201ctra\u00eddo este a\u00f1o desde el Vaticano\u201d, informa M\u00f3nica, que vende artesan\u00edas y recuerdos religiosos. Las construcciones actuales, realizadas bajo la direcci\u00f3n del arquitecto Guillermo Furl\u00e1n respetando la idea original, son tres, adem\u00e1s de la capilla. En una de ellas trabaja M\u00f3nica y en las otras dos se conservan objetos que pertenecieron a los curas Cardiel y Falkner. En el predio hay seis tumbas. Tres corresponden a los sacerdotes que le dan nombre a la zona y al religioso Mat\u00edas Stroebel, que supo ser muy respetado por el bravo cacique Cangapol. Las otras tres cruces recuerdan a otros tantos jefes de los pueblos originarios de la zona: Chuyantuya, Marike y Taichoco. No hay nada que haga referencia a Cangapol.<\/p>\n<p>En el epitafio colectivo se lee: \u201cY cuando ya mi tumba de todos olvidada no tenga cruz ni piedra que guarde su lugar, cuando en la tierra sienta el golpe de la azada, entonces mis cenizas, volviendo de la nada, saldr\u00e1n de mi sepulcro los campos a alfombrar\u201d. Es una estrofa del poema escrito en 1896 por el h\u00e9roe nacional filipino Jos\u00e9 Rizal, poco antes de ser ejecutado por las autoridades coloniales espa\u00f1olas en su pa\u00eds, acusado de formar parte de la guerrilla que peleaba por la liberaci\u00f3n nacional.<\/p>\n<p>En la reserva llegaron a vivir cerca de 1200 puelches (\u201cgente del este\u201d), hasta que llegaron las huestes del general Julio Argentino Roca. En el siglo XIX proliferaron las estancias y en 1844, a los 9 a\u00f1os, tras la muerte de su madre, en la Laguna de los Padres se instal\u00f3 con su padre Jos\u00e9 Hern\u00e1ndez. Dicen que el autor del Mart\u00edn Fierro \u201cse hizo gaucho\u201d en este lugar y aprendi\u00f3 a realizar las faenas rurales. En la actualidad, en el casco de la estancia en la que vivi\u00f3, se encuentra el Museo Municipal Jos\u00e9 Hern\u00e1ndez. La Laguna de los Padres, que naci\u00f3 antes que Mar del Plata, tuvo su puerto mar\u00edtimo del mismo nombre y desde all\u00ed se enviaban productos agropecuarios a otras zonas del pa\u00eds.<\/p>\n<\/div>\n<p style=\"text-align: justify;\"><strong>NOTA<\/strong><\/p>\n<p style=\"text-align: justify;\">(1) Ambos fueron de origen\u00a0brit\u00e1nico. Falkner de origen calvinista cambio su fe al catolicismo en el\u00a0R\u00edo\u00a0de la Plata. Tuvo \u00a0una nutrida labor como\u00a0bot\u00e1nico y estudioso de las propiedades medicinales de la flora americana.\u00a0\u00a0Trabaj\u00f3 junto al jesuita Joseph Cardriel. Luego de la\u00a0expulsi\u00f3n\u00a0de los jesuitas regres\u00f3 a su pa\u00eds. En la Argentina un lago en la provincia de Neuqu\u00e9n lleva su nombre.<\/p>\n<p style=\"text-align: justify;\">Fuente: Pagina 12. 22 de enero de 2012<\/p>\n<p style=\"text-align: justify;\">&nbsp;<\/p>\n<p><strong>Publicado por ADHILAC Internacional \u00a9 www.adhilac.com.ar<\/strong><\/p>\n<p>Si Ud. desea asociarse de acuerdo a los Estatutos de ADHILAC\u00a0<a title=\"(ver)\" href=\"https:\/\/adhilac.com.ar\/?page_id=263\">(ver)<\/a> complete el formulario correspondiente\u00a0<a title=\"(Ver)\" href=\"https:\/\/adhilac.com.ar\/?page_id=4779\" target=\"_blank\">(ver)<\/a><\/p>\n<p>E-mail:\u00a0<a title=\"info@adhilac.com.ar\" href=\"https:\/\/adhilac.com.ar\/info@adhilac.com.ar\" target=\"_blank\">info@adhilac.com.ar<\/a><strong> <\/strong><\/p>\n<p>Twitter: @AdhilacInfo<\/p>\n","protected":false},"excerpt":{"rendered":"<p>Historias de puelches y jesuitas a veinte kilometros de Mar del Plata Los padres de la laguna Por\u00a0Carlos Rodr\u00edguez Desde Mar del Plata Entre 1735 y 1752, la regi\u00f3n en la que se encuentran la Laguna y la Sierra de los Padres fue parte del territorio bajo dominio del cacique Cangapol, llamado \u201cEl Bravo\u201d por [&hellip;]<\/p>\n","protected":false},"author":2,"featured_media":0,"comment_status":"closed","ping_status":"closed","sticky":false,"template":"","format":"standard","meta":{"_crdt_document":"","footnotes":""},"categories":[15,40],"tags":[67,430],"class_list":["post-8015","post","type-post","status-publish","format-standard","hentry","category-historia","category-informaciones","tag-argentina","tag-jesuitas"],"_links":{"self":[{"href":"https:\/\/adhilac.com.ar\/index.php?rest_route=\/wp\/v2\/posts\/8015","targetHints":{"allow":["GET"]}}],"collection":[{"href":"https:\/\/adhilac.com.ar\/index.php?rest_route=\/wp\/v2\/posts"}],"about":[{"href":"https:\/\/adhilac.com.ar\/index.php?rest_route=\/wp\/v2\/types\/post"}],"author":[{"embeddable":true,"href":"https:\/\/adhilac.com.ar\/index.php?rest_route=\/wp\/v2\/users\/2"}],"replies":[{"embeddable":true,"href":"https:\/\/adhilac.com.ar\/index.php?rest_route=%2Fwp%2Fv2%2Fcomments&post=8015"}],"version-history":[{"count":2,"href":"https:\/\/adhilac.com.ar\/index.php?rest_route=\/wp\/v2\/posts\/8015\/revisions"}],"predecessor-version":[{"id":8017,"href":"https:\/\/adhilac.com.ar\/index.php?rest_route=\/wp\/v2\/posts\/8015\/revisions\/8017"}],"wp:attachment":[{"href":"https:\/\/adhilac.com.ar\/index.php?rest_route=%2Fwp%2Fv2%2Fmedia&parent=8015"}],"wp:term":[{"taxonomy":"category","embeddable":true,"href":"https:\/\/adhilac.com.ar\/index.php?rest_route=%2Fwp%2Fv2%2Fcategories&post=8015"},{"taxonomy":"post_tag","embeddable":true,"href":"https:\/\/adhilac.com.ar\/index.php?rest_route=%2Fwp%2Fv2%2Ftags&post=8015"}],"curies":[{"name":"wp","href":"https:\/\/api.w.org\/{rel}","templated":true}]}}