{"id":8027,"date":"2013-06-07T13:43:13","date_gmt":"2013-06-07T16:43:13","guid":{"rendered":"https:\/\/adhilac.com.ar\/?p=8027"},"modified":"2013-06-08T03:39:47","modified_gmt":"2013-06-08T06:39:47","slug":"ingreso-como-academico-de-numero-la-habana-11-de-junio-de-2012","status":"publish","type":"post","link":"https:\/\/adhilac.com.ar\/?p=8027","title":{"rendered":"Ingreso como Acad\u00e9mico de N\u00famero. La Habana. 11 de junio de 2012"},"content":{"rendered":"<h3><span style=\"color: #339966;\">La Academia de la Historia de Cuba<\/span><\/h3>\n<p>tiene el gusto de invitarle a la Sesi\u00f3n Solemne que celebrar\u00e1 com motivo del ingresso como Acad\u00e9mico de N\u00famero del Dr. Yoel Cordov\u00ed N\u00fa\u00f1ez.<\/p>\n<p>El discurso de recepci\u00f3n estar\u00e1 a cargo del Dr. Jes\u00fas Guanche P\u00e9rez<!--more--><\/p>\n<p>D\u00eda 11 de junio de 2013. Hora: 10.00 a.m. Lugar: Casa Pedroso Avda del Puerto, Esq a Obrap\u00eda.<!--more--><\/p>\n<p><a href=\"https:\/\/adhilac.com.ar\/wp-content\/uploads\/2013\/06\/invitacion-sesion-solemne-11-de-junio-copy2.jpg\"><img loading=\"lazy\" decoding=\"async\" class=\"alignnone size-full wp-image-8030\" title=\"invitacion sesion solemne, 11 de junio copy\" src=\"https:\/\/adhilac.com.ar\/wp-content\/uploads\/2013\/06\/invitacion-sesion-solemne-11-de-junio-copy2.jpg\" alt=\"\" width=\"449\" height=\"319\" srcset=\"https:\/\/adhilac.com.ar\/wp-content\/uploads\/2013\/06\/invitacion-sesion-solemne-11-de-junio-copy2.jpg 1417w, https:\/\/adhilac.com.ar\/wp-content\/uploads\/2013\/06\/invitacion-sesion-solemne-11-de-junio-copy2-300x213.jpg 300w, https:\/\/adhilac.com.ar\/wp-content\/uploads\/2013\/06\/invitacion-sesion-solemne-11-de-junio-copy2-1024x727.jpg 1024w\" sizes=\"auto, (max-width: 449px) 100vw, 449px\" \/><\/a><\/p>\n<p><strong>Publicado por ADHILAC Internacional \u00a9 www.adhilac.com.ar<\/strong><\/p>\n<p>Si Ud. desea asociarse de acuerdo a los Estatutos de ADHILAC\u00a0<a title=\"(ver)\" href=\"https:\/\/adhilac.com.ar\/?page_id=263\">(ver)<\/a> complete el formulario correspondiente\u00a0<a title=\"(Ver)\" href=\"https:\/\/adhilac.com.ar\/?page_id=4779\" target=\"_blank\">(ver)<\/a><\/p>\n<p>E-mail:\u00a0<a title=\"info@adhilac.com.ar\" href=\"https:\/\/adhilac.com.ar\/info@adhilac.com.ar\" target=\"_blank\">info@adhilac.com.ar<\/a><strong> <\/strong><\/p>\n<p>Twitter: @AdhilacInfo<\/p>\n<p>&nbsp;<\/p>\n","protected":false},"excerpt":{"rendered":"<p>La Academia de la Historia de Cuba tiene el gusto de invitarle a la Sesi\u00f3n Solemne que celebrar\u00e1 com motivo del ingresso como Acad\u00e9mico de N\u00famero del Dr. Yoel Cordov\u00ed N\u00fa\u00f1ez. El discurso de recepci\u00f3n estar\u00e1 a cargo del Dr. Jes\u00fas Guanche P\u00e9rez<\/p>\n","protected":false},"author":2,"featured_media":0,"comment_status":"closed","ping_status":"closed","sticky":false,"template":"","format":"standard","meta":{"_crdt_document":"","footnotes":""},"categories":[18,351,40],"tags":[433],"class_list":["post-8027","post","type-post","status-publish","format-standard","hentry","category-adhilac-cuba","category-historiadores","category-informaciones","tag-academia-de-la-historia-de-cuba"],"_links":{"self":[{"href":"https:\/\/adhilac.com.ar\/index.php?rest_route=\/wp\/v2\/posts\/8027","targetHints":{"allow":["GET"]}}],"collection":[{"href":"https:\/\/adhilac.com.ar\/index.php?rest_route=\/wp\/v2\/posts"}],"about":[{"href":"https:\/\/adhilac.com.ar\/index.php?rest_route=\/wp\/v2\/types\/post"}],"author":[{"embeddable":true,"href":"https:\/\/adhilac.com.ar\/index.php?rest_route=\/wp\/v2\/users\/2"}],"replies":[{"embeddable":true,"href":"https:\/\/adhilac.com.ar\/index.php?rest_route=%2Fwp%2Fv2%2Fcomments&post=8027"}],"version-history":[{"count":3,"href":"https:\/\/adhilac.com.ar\/index.php?rest_route=\/wp\/v2\/posts\/8027\/revisions"}],"predecessor-version":[{"id":8032,"href":"https:\/\/adhilac.com.ar\/index.php?rest_route=\/wp\/v2\/posts\/8027\/revisions\/8032"}],"wp:attachment":[{"href":"https:\/\/adhilac.com.ar\/index.php?rest_route=%2Fwp%2Fv2%2Fmedia&parent=8027"}],"wp:term":[{"taxonomy":"category","embeddable":true,"href":"https:\/\/adhilac.com.ar\/index.php?rest_route=%2Fwp%2Fv2%2Fcategories&post=8027"},{"taxonomy":"post_tag","embeddable":true,"href":"https:\/\/adhilac.com.ar\/index.php?rest_route=%2Fwp%2Fv2%2Ftags&post=8027"}],"curies":[{"name":"wp","href":"https:\/\/api.w.org\/{rel}","templated":true}]}}