{"id":8033,"date":"2013-06-06T05:06:37","date_gmt":"2013-06-06T08:06:37","guid":{"rendered":"https:\/\/adhilac.com.ar\/?p=8033"},"modified":"2013-06-07T05:12:03","modified_gmt":"2013-06-07T08:12:03","slug":"extractivismo-un-debate-necesario-en-america-latina-leandro-morgenfeld","status":"publish","type":"post","link":"https:\/\/adhilac.com.ar\/?p=8033","title":{"rendered":"Extractivismo, un debate necesario en Am\u00e9rica Latina. Leandro Morgenfeld"},"content":{"rendered":"<h3><span style=\"color: #339966;\">Dependencia de las econom\u00edas primario exportadoras<\/span><\/h3>\n<h3><span style=\"color: #339966;\"> <\/span><span style=\"font-size: 13px; font-weight: normal;\">Leandro Morgenfeld*<\/span><\/h3>\n<h3><img decoding=\"async\" style=\"font-size: 13px; font-weight: normal;\" src=\"http:\/\/marcha.org.ar\/1\/images\/stories\/com_form2content\/p1\/f3005\/4.jpg\" alt=\"Extractivismo, un debate necesario en Am\u00e9rica Latina\" \/><span style=\"font-size: 13px; font-weight: normal;\"> <\/span><\/h3>\n<p style=\"text-align: justify;\">La primera d\u00e9cada del siglo XXI gener\u00f3 un boom de la econom\u00eda latinoamericana, basado en parte en la alta demanda y precios de las <em>commodities<\/em>. \u00bfQu\u00e9 peligros sociales y ambientales tiene el esquema basado en las exportaciones agro-mineras? \u00bfEs posible\u00a0 otra utilizaci\u00f3n de los bienes comunes de la naturaleza? <!--more-->Los dilemas de la regi\u00f3n.<\/p>\n<p style=\"text-align: justify;\">&nbsp;<\/p>\n<p style=\"text-align: justify;\">Am\u00e9rica Latina, en los \u00faltimos a\u00f1os, tuvo un crecimiento econ\u00f3mico sorprendente, sostenido por la alta demanda y precios de la soja, petr\u00f3leo y bienes minerales. En la \u00faltima d\u00e9cada, prolifer\u00f3 el modelo extractivista, que se basa en la apropiaci\u00f3n de cuantiosos vol\u00famenes de bienes naturales, generalmente bajo pr\u00e1cticas intensivas, que en su mayor parte se exportan como materias primas (miner\u00eda, agricultura, actividad forestal e hidrocarbur\u00edfera).<\/p>\n<p style=\"text-align: justify;\">Los pa\u00edses de la regi\u00f3n est\u00e1n recreando, en un nuevo contexto mundial, un modelo agro-minero exportador. Este avance del extractivismo produce consecuencias negativas, debido al uso generalizado de agrot\u00f3xicos, desmontes, desalojos de comunidades rurales, contaminaci\u00f3n, concentraci\u00f3n de tierras y represi\u00f3n contra quienes resisten esas pol\u00edticas. Las principales beneficiadas son las grandes corporaciones, en detrimento de los pueblos originarios, los campesinos, los peque\u00f1os productores y la poblaci\u00f3n en general, que sufre y sufrir\u00e1 los nefastos efectos ecol\u00f3gicos. Pero tambi\u00e9n le sacaron provecho, indirectamente, los Estados latinoamericanos, que captan una parte (min\u00fascula generalmente) de esas rentas, pudiendo equilibrar sus cuentas fiscales y, en algunos casos, ampliando el gasto social. Esto \u00faltimo plantea un dilema fundamental para algunos gobiernos de la regi\u00f3n.<\/p>\n<p style=\"text-align: justify;\">Esta inserci\u00f3n econ\u00f3mica internacional latinoamericana de los primeros a\u00f1os del siglo XXI (que permiti\u00f3 lograr balanzas comerciales positivas y super\u00e1vit fiscal) se dio en un contexto mundial de aumento de la demanda de bienes comunes de la naturaleza, especialmente por haberse transformado China en una importadora creciente de materias primas.<\/p>\n<p style=\"text-align: justify;\">No es casual que \u00c1frica y Am\u00e9rica Latina se hayan transformado en dos \u00e1reas fundamentales de disputa entre las hist\u00f3ricas potencias imperiales y China, succionadora de bienes minerales y agropecuarios en estos dos continentes. La necesidad de alimentar a millones de personas que se incorporan cada a\u00f1o como consumidores al sistema capitalista y el creciente consumo energ\u00e9tico de bienes hidrocarbur\u00edferos y minerales no renovables impuls\u00f3 en la \u00faltima d\u00e9cada un aumento in\u00e9dito de los precios y demanda de los mismos, impactando en la inserci\u00f3n econ\u00f3mica internacional de los pa\u00edses latinoamericanos. Parece haber un ciclo en el que se invirti\u00f3 la hist\u00f3rica tendencia al \u00abdeterioro de los t\u00e9rminos de intercambio\u00bb.<\/p>\n<p style=\"text-align: justify;\">Esta orientaci\u00f3n -el denominado \u00abconsenso de las\u00a0<em>commodities<\/em>\u00ab- no se circunscribe a los gobiernos neoliberales de la regi\u00f3n, ni a los pa\u00edses tradicionalmente mineros (Chile, Per\u00fa, Bolivia). Brasil, por ejemplo, es hoy el principal productor y exportador de bienes minerales. Seg\u00fan el especialista Eduardo Gudynas, en ese pa\u00eds se extrajeron 410 millones de toneladas de sus principales minerales en 2011. El resto de los pa\u00edses sudamericanos, en total, sumaron 147 millones de toneladas. En el caso de Argentina, seg\u00fan el periodista Dar\u00edo Aranda, el monocultivo de soja pas\u00f3 en la \u00faltima d\u00e9cada de 12 a casi 20 millones de hect\u00e1reas (del 38% al 56% de la superficie cultivada). En el caso de la miner\u00eda, hace 10 a\u00f1os hab\u00eda 40 proyectos y hoy existen 600. Corporaciones transnacionales, con la Barrick Gold a la cabeza, hacen grandes negocios en el pa\u00eds.<\/p>\n<p style=\"text-align: justify;\">Adem\u00e1s de haberse demostrado que la idea del \u00abdesacople\u00bb (la ilusi\u00f3n de que Am\u00e9rica Latina pod\u00eda evitar las consecuencias de la crisis econ\u00f3mica global) era errada, el modelo extractivista plantea un debate important\u00edsimo: \u00bfEs sostenible desde el punto de vista social este modelo agro-minero exportador? \u00bfY desde el punto de vista ambiental?<\/p>\n<p style=\"text-align: justify;\">Para algunos, el tema ambiental es secundario, y la especializaci\u00f3n en la producci\u00f3n y exportaciones de\u00a0<em>commodities<\/em> es lo que permiti\u00f3 a los gobiernos progresistas de la regi\u00f3n recuperar la influencia del Estado y ampliar las pol\u00edticas sociales. Entre quienes s\u00ed advierten sobre las consecuencias nefastas, existen dos grandes grupos. El primero, integrado por los activistas que apuestan a un capitalismo verde, es decir plantean que es necesario incrementar las regulaciones y controles en funci\u00f3n de un modelo extractivo sustentable. El segundo, compuesto por quienes advierten que la destrucci\u00f3n (consumo sin reposici\u00f3n) exponencial de minerales y bienes agropecuarios llevar\u00e1 en pocas d\u00e9cadas a una crisis sist\u00e9mica y civilizatoria. La salida, esgrimen, tiene que ver con el ecosocialismo, es decir con una perspectiva que denuncie el car\u00e1cter irreconciliable del capitalismo con la preservaci\u00f3n de un equilibrio ecol\u00f3gico. Sostienen la necesidad de construir otro tipo de sociedad -que no se base en la explotaci\u00f3n del hombre por el hombre- y otro patr\u00f3n de producci\u00f3n-consumo que no aniquile los bienes comunes de la tierra en el mediano plazo.<\/p>\n<p style=\"text-align: justify;\">Esta \u00faltima posici\u00f3n se entronca con las luchas y los planteos de diversos movimientos sociales latinoamericanos (como los que se produjeron la semana pasada, en el marco de la Marcha Mundial contra Monsanto) que denuncian la miner\u00eda a cielo abierto, la sojizaci\u00f3n, la desforestaci\u00f3n, la expropiaci\u00f3n de peque\u00f1os campesinos y pueblos originarios, vinculando ambas luchas, social y ambiental, en una perspectiva anti-imperialista y anti-capitalista. Advertir los peligros de la profundizaci\u00f3n de la \u00abacumulaci\u00f3n por desposesi\u00f3n\u00bb -concepto de David Harvey- es un paso fundamental para construir una estrategia de resistencia frente a la ofensiva del gran capital para apropiarse de los bienes comunes de la naturaleza.<\/p>\n<p style=\"text-align: justify;\">&nbsp;<\/p>\n<p style=\"text-align: justify;\">* Docente UBA e ISEN. Investigador del CONICET. Autor de Vecinos en conflicto. Argentina y Estados Unidos en las conferencias panamericanas (Ed. Continente, 2011), de Relaciones peligrosas. Argentina y Estados Unidos (Capital Intelectual, 2012) y del blog\u00a0<a href=\"http:\/\/www.vecinosenconflicto.blogspot.com\/\">www.vecinosenconflicto.blogspot.com<\/a><em> <\/em><\/p>\n<p style=\"text-align: justify;\">Fuente: <em>Marcha<\/em> Viernes, 31 Mayo 2013 03:54. www.marcha.org.ar<\/p>\n<p style=\"text-align: justify;\">&nbsp;<\/p>\n<p><strong>Publicado por ADHILAC Internacional \u00a9 www.adhilac.com.ar<\/strong><\/p>\n<p>Si Ud. desea asociarse de acuerdo a los Estatutos de ADHILAC\u00a0<a title=\"(ver)\" href=\"https:\/\/adhilac.com.ar\/?page_id=263\">(ver)<\/a> complete el formulario correspondiente\u00a0<a title=\"(Ver)\" href=\"https:\/\/adhilac.com.ar\/?page_id=4779\" target=\"_blank\">(ver)<\/a><\/p>\n<p>E-mail:\u00a0<a title=\"info@adhilac.com.ar\" href=\"https:\/\/adhilac.com.ar\/info@adhilac.com.ar\" target=\"_blank\">info@adhilac.com.ar<\/a><strong> <\/strong><\/p>\n<p>Twitter: @AdhilacInfo<\/p>\n<p style=\"text-align: justify;\">&nbsp;<\/p>\n","protected":false},"excerpt":{"rendered":"<p>Dependencia de las econom\u00edas primario exportadoras Leandro Morgenfeld* La primera d\u00e9cada del siglo XXI gener\u00f3 un boom de la econom\u00eda latinoamericana, basado en parte en la alta demanda y precios de las commodities. \u00bfQu\u00e9 peligros sociales y ambientales tiene el esquema basado en las exportaciones agro-mineras? \u00bfEs posible\u00a0 otra utilizaci\u00f3n de los bienes comunes de [&hellip;]<\/p>\n","protected":false},"author":58,"featured_media":0,"comment_status":"closed","ping_status":"closed","sticky":false,"template":"","format":"standard","meta":{"_crdt_document":"","footnotes":""},"categories":[40],"tags":[435,434],"class_list":["post-8033","post","type-post","status-publish","format-standard","hentry","category-informaciones","tag-extractivismo","tag-mineria"],"_links":{"self":[{"href":"https:\/\/adhilac.com.ar\/index.php?rest_route=\/wp\/v2\/posts\/8033","targetHints":{"allow":["GET"]}}],"collection":[{"href":"https:\/\/adhilac.com.ar\/index.php?rest_route=\/wp\/v2\/posts"}],"about":[{"href":"https:\/\/adhilac.com.ar\/index.php?rest_route=\/wp\/v2\/types\/post"}],"author":[{"embeddable":true,"href":"https:\/\/adhilac.com.ar\/index.php?rest_route=\/wp\/v2\/users\/58"}],"replies":[{"embeddable":true,"href":"https:\/\/adhilac.com.ar\/index.php?rest_route=%2Fwp%2Fv2%2Fcomments&post=8033"}],"version-history":[{"count":7,"href":"https:\/\/adhilac.com.ar\/index.php?rest_route=\/wp\/v2\/posts\/8033\/revisions"}],"predecessor-version":[{"id":8042,"href":"https:\/\/adhilac.com.ar\/index.php?rest_route=\/wp\/v2\/posts\/8033\/revisions\/8042"}],"wp:attachment":[{"href":"https:\/\/adhilac.com.ar\/index.php?rest_route=%2Fwp%2Fv2%2Fmedia&parent=8033"}],"wp:term":[{"taxonomy":"category","embeddable":true,"href":"https:\/\/adhilac.com.ar\/index.php?rest_route=%2Fwp%2Fv2%2Fcategories&post=8033"},{"taxonomy":"post_tag","embeddable":true,"href":"https:\/\/adhilac.com.ar\/index.php?rest_route=%2Fwp%2Fv2%2Ftags&post=8033"}],"curies":[{"name":"wp","href":"https:\/\/api.w.org\/{rel}","templated":true}]}}