{"id":8052,"date":"2013-06-10T14:28:55","date_gmt":"2013-06-10T17:28:55","guid":{"rendered":"https:\/\/adhilac.com.ar\/?p=8052"},"modified":"2013-06-10T14:28:55","modified_gmt":"2013-06-10T17:28:55","slug":"%c2%bfotan-en-america-latina-juan-j-paz-y-mino-cepeda","status":"publish","type":"post","link":"https:\/\/adhilac.com.ar\/?p=8052","title":{"rendered":"\u00bfOTAN en Am\u00e9rica Latina? Juan J. Paz y Mi\u00f1o Cepeda"},"content":{"rendered":"<p style=\"text-align: justify;\"><a href=\"https:\/\/adhilac.com.ar\/wp-content\/uploads\/2013\/06\/AL-OTAN_Alb.jpg\"><img loading=\"lazy\" decoding=\"async\" class=\"size-full wp-image-8053 alignleft\" title=\"AL OTAN_Alb\" src=\"https:\/\/adhilac.com.ar\/wp-content\/uploads\/2013\/06\/AL-OTAN_Alb.jpg\" alt=\"\" width=\"285\" height=\"160\" srcset=\"https:\/\/adhilac.com.ar\/wp-content\/uploads\/2013\/06\/AL-OTAN_Alb.jpg 475w, https:\/\/adhilac.com.ar\/wp-content\/uploads\/2013\/06\/AL-OTAN_Alb-300x168.jpg 300w\" sizes=\"auto, (max-width: 285px) 100vw, 285px\" \/><\/a>Despu\u00e9s  de la Segunda Guerra Mundial (1939-1945) se expandi\u00f3 el campo  socialista, pues a la URSS, nacida en 1917, se unieron los pa\u00edses de  Europa del Este, liberados por los sovi\u00e9ticos. El \u201cpeligro\u201d de la  expansi\u00f3n \u201ccomunista\u201d condujo a la creaci\u00f3n de la Organizaci\u00f3n del  Atl\u00e1ntico Norte (OTAN), en 1949, una alianza militar entre los pa\u00edses  europeos occidentales con Canad\u00e1 y los EEUU, que, con el estallido de la  \u201cguerra fr\u00eda\u201d, asegur\u00f3 la defensa del autoproclamado \u201cmundo libre\u201d.<!--more--><!--more--><\/p>\n<p style=\"text-align: justify;\">Bajo  el supuesto de defensa frente a cualquier amenaza \u201cexterna\u201d, en 1947 se  suscribi\u00f3 el Tratado Interamericano de Asistencia Rec\u00edproca (TIAR), un  acuerdo similar a la OTAN, que en plena guerra fr\u00eda y, sobre todo, a  ra\u00edz de la Revoluci\u00f3n Cubana (1959), sirvi\u00f3 de instrumento para  garantizar pol\u00edticas continentales de seguridad militar anticomunista  hegemonizadas por los EEUU.<\/p>\n<p style=\"text-align: justify;\">La  OTAN cre\u00f3 un cerco militar al bloque de pa\u00edses socialistas, garantizado  con bases militares norteamericanas en Europa. En Am\u00e9rica ocurri\u00f3 algo  parecido y, sobre todo, las fuerzas armadas latinoamericanas, penetradas  por la ideolog\u00eda anticomunista, pasaron a ser actores decisivos en la  vigilancia y hasta derrocamiento de gobiernos progresistas y dem\u00f3cratas,  e incluso, en dictadores que dirigieron pol\u00edticas terroristas  destinadas al exterminio de cualquier germen izquierdista, como ocurri\u00f3  en el Cono Sur, a partir del r\u00e9gimen de Pinochet (1973-1990).<\/p>\n<p style=\"text-align: justify;\">El  derrumbe del bloque socialista oblig\u00f3 a modificar las estrategias y  orientaciones de la OTAN. El TIAR demostr\u00f3 ser innecesario e indigno  para las soberan\u00edas y las sociedades latinoamericanas. Hoy, los pa\u00edses  del ALBA encabezan la necesaria reorientaci\u00f3n de las fuerzas armadas y  de las estrategias de inteligencia y seguridad, para que se identifiquen  y sustenten los cambios que se impulsan en Am\u00e9rica Latina.<\/p>\n<p style=\"text-align: justify;\">Pero  en 2009, se aprob\u00f3 la participaci\u00f3n de Colombia en la Fuerza  Internacional\u00a0 de Asistencia para la Seguridad (ISAF); y para este mes  (junio 2013) est\u00e1 previsto el acuerdo de \u201ccooperaci\u00f3n\u201d de esta rep\u00fablica  en la OTAN, seg\u00fan lo precis\u00f3 el Ministro de Defensa colombiano Juan  Carlos Pinz\u00f3n. Esto provoc\u00f3 las reacciones inmediatas de Venezuela,  Bolivia y Nicaragua y con suficiente raz\u00f3n hist\u00f3rica, porque la OTAN no  se compadece con las necesidades de seguridad de Am\u00e9rica Latina, sino  que incrusta, en medio de los pa\u00edses bolivarianos, estrategias directas  de las grandes potencias para expandir sus intereses en la regi\u00f3n.<\/p>\n<p style=\"text-align: justify;\">Fuente:\u00a0EL TEL\u00c9GRAFO &#8211; Primer Diario P\u00fablicoEcuador, lunes 10 de junio de 2013<\/p>\n<p><strong>Publicado por ADHILAC Internacional \u00a9 www.adhilac.com.ar<\/strong><\/p>\n<p>Si Ud. desea asociarse de acuerdo a los Estatutos de ADHILAC\u00a0<a title=\"(ver)\" href=\"https:\/\/adhilac.com.ar\/?page_id=263\">(ver)<\/a> complete el formulario correspondiente\u00a0<a title=\"(Ver)\" href=\"https:\/\/adhilac.com.ar\/?page_id=4779\" target=\"_blank\">(ver)<\/a><\/p>\n<p>E-mail:\u00a0<a title=\"info@adhilac.com.ar\" href=\"https:\/\/adhilac.com.ar\/info@adhilac.com.ar\" target=\"_blank\">info@adhilac.com.ar<\/a><strong><\/strong><\/p>\n<p>Twitter: @AdhilacInfo<\/p>\n","protected":false},"excerpt":{"rendered":"<p>Despu\u00e9s de la Segunda Guerra Mundial (1939-1945) se expandi\u00f3 el campo socialista, pues a la URSS, nacida en 1917, se unieron los pa\u00edses de Europa del Este, liberados por los sovi\u00e9ticos. El \u201cpeligro\u201d de la expansi\u00f3n \u201ccomunista\u201d condujo a la creaci\u00f3n de la Organizaci\u00f3n del Atl\u00e1ntico Norte (OTAN), en 1949, una alianza militar entre los [&hellip;]<\/p>\n","protected":false},"author":18,"featured_media":0,"comment_status":"closed","ping_status":"closed","sticky":false,"template":"","format":"standard","meta":{"_crdt_document":"","footnotes":""},"categories":[32],"tags":[13,436],"class_list":["post-8052","post","type-post","status-publish","format-standard","hentry","category-adhilac-ecuador","tag-america-latina","tag-otan"],"_links":{"self":[{"href":"https:\/\/adhilac.com.ar\/index.php?rest_route=\/wp\/v2\/posts\/8052","targetHints":{"allow":["GET"]}}],"collection":[{"href":"https:\/\/adhilac.com.ar\/index.php?rest_route=\/wp\/v2\/posts"}],"about":[{"href":"https:\/\/adhilac.com.ar\/index.php?rest_route=\/wp\/v2\/types\/post"}],"author":[{"embeddable":true,"href":"https:\/\/adhilac.com.ar\/index.php?rest_route=\/wp\/v2\/users\/18"}],"replies":[{"embeddable":true,"href":"https:\/\/adhilac.com.ar\/index.php?rest_route=%2Fwp%2Fv2%2Fcomments&post=8052"}],"version-history":[{"count":3,"href":"https:\/\/adhilac.com.ar\/index.php?rest_route=\/wp\/v2\/posts\/8052\/revisions"}],"predecessor-version":[{"id":8056,"href":"https:\/\/adhilac.com.ar\/index.php?rest_route=\/wp\/v2\/posts\/8052\/revisions\/8056"}],"wp:attachment":[{"href":"https:\/\/adhilac.com.ar\/index.php?rest_route=%2Fwp%2Fv2%2Fmedia&parent=8052"}],"wp:term":[{"taxonomy":"category","embeddable":true,"href":"https:\/\/adhilac.com.ar\/index.php?rest_route=%2Fwp%2Fv2%2Fcategories&post=8052"},{"taxonomy":"post_tag","embeddable":true,"href":"https:\/\/adhilac.com.ar\/index.php?rest_route=%2Fwp%2Fv2%2Ftags&post=8052"}],"curies":[{"name":"wp","href":"https:\/\/api.w.org\/{rel}","templated":true}]}}