{"id":8058,"date":"2013-06-20T10:17:13","date_gmt":"2013-06-20T13:17:13","guid":{"rendered":"https:\/\/adhilac.com.ar\/?p=8058"},"modified":"2013-06-23T10:33:27","modified_gmt":"2013-06-23T13:33:27","slug":"presentacion-de-un-libro-sobre-alfaro-y-sus-relaciones-con-cuba-en-ecuador-20-de-junio-de-2013","status":"publish","type":"post","link":"https:\/\/adhilac.com.ar\/?p=8058","title":{"rendered":"Presentaci\u00f3n de un libro sobre Alfaro y sus relaciones con Cuba en Ecuador. 20 de junio de 2013"},"content":{"rendered":"<h3 style=\"text-align: justify;\"><span style=\"color: #339966;\"><a href=\"https:\/\/adhilac.com.ar\/wp-content\/uploads\/2013\/06\/Eloy-Alfaro-01.jpg\"><img loading=\"lazy\" decoding=\"async\" class=\"alignright\" title=\"Eloy Alfaro 01\" src=\"https:\/\/adhilac.com.ar\/wp-content\/uploads\/2013\/06\/Eloy-Alfaro-01.jpg\" alt=\"\" width=\"238\" height=\"169\" \/><\/a>Quito. Ecuador<\/span><\/h3>\n<p style=\"text-align: justify;\"><strong>PRESENTAR\u00c1N LIBRO SOBRE ALFARO Y CUBA <\/strong><\/p>\n<p style=\"text-align: justify;\">El historiador Germ\u00e1n Rodas Chaves presentar\u00e1 su libro \u201cEloy Alfaro y  Cuba en el Siglo XIX\u201d, el jueves 20 de junio, a las 18h30, en el Aula  Benjam\u00edn Carri\u00f3n de la Casa de la Cultura Ecuatoriana. Los comentarios  estar\u00e1n a cargo del Dr. Pedro Pablo Rodr\u00edguez, del Centro de Estudios  Martianos.<!--more--><\/p>\n<p style=\"text-align: justify;\">En esta investigaci\u00f3n, auspiciada por la Academia Nacional de Historia,  Rodas aborda el tema de manera\u00a0 amena, sencilla, pedag\u00f3gica y llena de  rigurosidad, con el apoyo de documentos in\u00e9ditos.<\/p>\n<p style=\"text-align: justify;\">El libro del prestigioso historiador ecuatoriano est\u00e1 dedicado al  an\u00e1lisis de los v\u00ednculos hist\u00f3ricos de Ecuador y Cuba, en los a\u00f1os  decisivos de la revoluci\u00f3n liberal de Eloy Alfaro\u00a0 y del inicio de la  guerra por la independencia de Cuba, bajo la conducci\u00f3n de Jos\u00e9 Mart\u00ed.<\/p>\n<p style=\"text-align: justify;\">Seg\u00fan Sergio Guerra Vilaboy, Presidente de la Asociaci\u00f3n de  Historiadores y del Caribe (ADHILAC), este y otros temas que Germ\u00e1n  Rodas Ch\u00e1ves desarrolla con audacia, basados en una rigurosa  investigaci\u00f3n hist\u00f3rica respaldada por fuentes documentales originales,  algunas reveladas por primera vez al p\u00fablico lector, hacen de esta obra  un aporte significativo a la historiograf\u00eda de Nuestra Am\u00e9rica.<\/p>\n<p style=\"text-align: justify;\">Ra\u00fal P\u00e9rez Torres, Presidente de la Casa de la Cultura, afirma:\u201c Este  libro constituye un enorme inter\u00e9s, no s\u00f3lo por sus cualidades  hist\u00f3ricas instr\u00ednsecas, sino porque nos devela muchas verdades no  dichas alrededor del \u00faltimo cuarto del siglo XIX en nuestra Am\u00e9rica,  a\u00f1os de permanente combate donde se fragu\u00f3 la libertad a la que ahora  apuntamos\u201d.<\/p>\n<p style=\"text-align: justify;\">\u201cEloy Alfaro y su primera vinculaci\u00f3n con la lucha libertaria Cubana\u201d,  \u201c La Fundaci\u00f3n del Partido Revolucionario Cubano\u201d, \u201cMart\u00ed y Alfaro: el  valor de una discrepancia estrat\u00e9gica que involucr\u00f3 a Maceo\u201d, \u201cEloy  Alfaro y el pedido de reconocimiento del estado de beligerancia en Cuba,  entre otros, son temas del libro.<\/p>\n<p style=\"text-align: justify;\">Para la investigaci\u00f3n de los datos que integran el libro, Rodas cont\u00f3  con la colaboraci\u00f3n de Fanny Santos Zambrano.<\/p>\n<p style=\"text-align: justify;\">&nbsp;<\/p>\n<p style=\"text-align: justify;\"><strong>Publicado por ADHILAC Internacional \u00a9 www.adhilac.com.ar<\/strong><\/p>\n<p style=\"text-align: justify;\">Si Ud. desea asociarse de acuerdo a los Estatutos de ADHILAC\u00a0<a title=\"(ver)\" href=\"https:\/\/adhilac.com.ar\/?page_id=263\">(ver)<\/a> complete el formulario correspondiente\u00a0<a title=\"(Ver)\" href=\"https:\/\/adhilac.com.ar\/?page_id=4779\" target=\"_blank\">(ver)<\/a><\/p>\n<p style=\"text-align: justify;\">E-mail:\u00a0<a title=\"info@adhilac.com.ar\" href=\"https:\/\/adhilac.com.ar\/info@adhilac.com.ar\" target=\"_blank\">info@adhilac.com.ar<\/a><strong> <\/strong><\/p>\n<p style=\"text-align: justify;\">Twitter: @AdhilacInfo<\/p>\n<p style=\"text-align: justify;\">&nbsp;<\/p>\n<div style=\"text-align: justify;\"><\/div>\n","protected":false},"excerpt":{"rendered":"<p>Quito. Ecuador PRESENTAR\u00c1N LIBRO SOBRE ALFARO Y CUBA El historiador Germ\u00e1n Rodas Chaves presentar\u00e1 su libro \u201cEloy Alfaro y Cuba en el Siglo XIX\u201d, el jueves 20 de junio, a las 18h30, en el Aula Benjam\u00edn Carri\u00f3n de la Casa de la Cultura Ecuatoriana. Los comentarios estar\u00e1n a cargo del Dr. Pedro Pablo Rodr\u00edguez, del [&hellip;]<\/p>\n","protected":false},"author":37,"featured_media":0,"comment_status":"closed","ping_status":"closed","sticky":false,"template":"","format":"standard","meta":{"_crdt_document":"","footnotes":""},"categories":[32,351],"tags":[63,27,281],"class_list":["post-8058","post","type-post","status-publish","format-standard","hentry","category-adhilac-ecuador","category-historiadores","tag-cuba","tag-ecuador","tag-eloy-alfaro"],"_links":{"self":[{"href":"https:\/\/adhilac.com.ar\/index.php?rest_route=\/wp\/v2\/posts\/8058","targetHints":{"allow":["GET"]}}],"collection":[{"href":"https:\/\/adhilac.com.ar\/index.php?rest_route=\/wp\/v2\/posts"}],"about":[{"href":"https:\/\/adhilac.com.ar\/index.php?rest_route=\/wp\/v2\/types\/post"}],"author":[{"embeddable":true,"href":"https:\/\/adhilac.com.ar\/index.php?rest_route=\/wp\/v2\/users\/37"}],"replies":[{"embeddable":true,"href":"https:\/\/adhilac.com.ar\/index.php?rest_route=%2Fwp%2Fv2%2Fcomments&post=8058"}],"version-history":[{"count":4,"href":"https:\/\/adhilac.com.ar\/index.php?rest_route=\/wp\/v2\/posts\/8058\/revisions"}],"predecessor-version":[{"id":8061,"href":"https:\/\/adhilac.com.ar\/index.php?rest_route=\/wp\/v2\/posts\/8058\/revisions\/8061"}],"wp:attachment":[{"href":"https:\/\/adhilac.com.ar\/index.php?rest_route=%2Fwp%2Fv2%2Fmedia&parent=8058"}],"wp:term":[{"taxonomy":"category","embeddable":true,"href":"https:\/\/adhilac.com.ar\/index.php?rest_route=%2Fwp%2Fv2%2Fcategories&post=8058"},{"taxonomy":"post_tag","embeddable":true,"href":"https:\/\/adhilac.com.ar\/index.php?rest_route=%2Fwp%2Fv2%2Ftags&post=8058"}],"curies":[{"name":"wp","href":"https:\/\/api.w.org\/{rel}","templated":true}]}}