{"id":8112,"date":"2013-07-04T08:29:58","date_gmt":"2013-07-04T11:29:58","guid":{"rendered":"https:\/\/adhilac.com.ar\/?p=8112"},"modified":"2013-07-04T12:33:10","modified_gmt":"2013-07-04T15:33:10","slug":"el-vuelo-del-condor-nostalgias-del-colonialismo","status":"publish","type":"post","link":"https:\/\/adhilac.com.ar\/?p=8112","title":{"rendered":"Impedir el vuelo del c\u00f3ndor. Nostalgias del colonialismo"},"content":{"rendered":"<p><span style=\"color: #339966;\"><strong><a href=\"https:\/\/adhilac.com.ar\/wp-content\/uploads\/2013\/07\/El-presidente-de-Bolivia-Evo-Morales._480_311.jpg\"><img loading=\"lazy\" decoding=\"async\" class=\"alignright size-full wp-image-8116\" title=\"E-Morales llega a Bolivia\" src=\"https:\/\/adhilac.com.ar\/wp-content\/uploads\/2013\/07\/El-presidente-de-Bolivia-Evo-Morales._480_311.jpg\" alt=\"\" width=\"230\" height=\"150\" srcset=\"https:\/\/adhilac.com.ar\/wp-content\/uploads\/2013\/07\/El-presidente-de-Bolivia-Evo-Morales._480_311.jpg 480w, https:\/\/adhilac.com.ar\/wp-content\/uploads\/2013\/07\/El-presidente-de-Bolivia-Evo-Morales._480_311-300x194.jpg 300w\" sizes=\"auto, (max-width: 230px) 100vw, 230px\" \/><\/a><\/strong><\/span><\/p>\n<p><span style=\"color: #000000;\"><strong>Carolina Crisorio*<\/strong><\/span><\/p>\n<p style=\"padding-left: 30px; text-align: justify;\">\u00abS\u00f3lo quiero decir a algunos pa\u00edses europeos que se liberen del imperio norteamericano, ya no estamos en el tiempo de las colonias\u00bb. Evo Morales<\/p>\n<p style=\"text-align: justify;\">Los diarios de todo el mundo han reflejado el escandaloso proceder de las grandes potencias, nost\u00e1lgicas de la era de oro del colonialismo.<!--more--><\/p>\n<p style=\"text-align: justify;\">La BBC recoge \u201ccon objetividad\u201d la informaci\u00f3n del llamado de la Canciller\u00eda francesa a su par boliviana para lamentarse por el incidente (el secuestro del presidente boliviano por sospechar que viajaba con E. Snowden). Tambi\u00e9n destaca la reacci\u00f3n de enojo de los mandatarios latinoamericanos. Asimismo destaca el profundo malestar de Jos\u00e9 Miguel Insulza, Secretario General de la Organizaci\u00f3n de Estados Americanos (OEA) por la \u201cfalta de respeto\u201d de los gobiernos Francia, Portugal Italia y Espa\u00f1a. Este acontecimiento est\u00e1 enmarcado en el tembladeral desatado en Europa por la informaci\u00f3n filtrada por el perseguido Edward Snowden que habr\u00eda revelado documentos clasificados acerca de las acciones de espionaje estadounidense \u00a0a trav\u00e9s de sus embajadas incluidas las europeas. \u00a0En tal sentido el gobierno franc\u00e9s solicit\u00f3 a la Uni\u00f3n Europea (UE) \u00a0\u00a0a postergar las negociaciones comerciales con los Estados Unidos, a lo que no est\u00e1 dispuesta la germana Angela Merkel.<\/p>\n<p style=\"text-align: justify;\">En otras palabras, este peri\u00f3dico reflejando las \u201cangry reactions\u201d, de Cristina Fern\u00e1ndez de Kirchner (Argentina), Nicol\u00e1s Maduro (Venezuela), Rafael Correa (Ecuador) y Dilma Rousseff (Brasil),\u00a0 coloca la cuesti\u00f3n en una suerte de intolerancia de los gobiernos latinoamericanos sin expresar la menor condena de la nost\u00e1lgica acci\u00f3n colonialista, imperialista y por qu\u00e9 no de la a\u00f1orada sociedad de castas hispano-colonial. Un miembro de los pueblos originarios ungido presidente que expresa abiertamente sus puntos de vistas cr\u00edticos. No alcanza con la declaraci\u00f3n de Francois Hollande diciendo que dio el permiso ni bien supo que era el avi\u00f3n del presidente boliviano Evo Morales, \u00bfc\u00f3mo tard\u00f3 catorce horas en saber la verdad cuando la noticia dio vueltas por las agencias de noticias y los medios de comunicaci\u00f3n durante varias horas? Es preocupante que uno de los pa\u00edses poseedor de armamentos nucleares tarde tanto en conocer la verdad de la situaci\u00f3n\u2026<\/p>\n<p style=\"text-align: justify;\">\u00bfC\u00f3mo se justifica que el embajador hispano en Viena le solicite al primer mandatario boliviano que le invite a tomar un caf\u00e9 a bordo del avi\u00f3n, con el prop\u00f3sito de verificar que no viajaba Snowden?<\/p>\n<p style=\"text-align: justify;\">El ABC de Espa\u00f1a si bien intent\u00f3 dar una presentaci\u00f3n \u201cobjetiva\u201d transcribiendo distintas afirmaciones del primer mandatario boliviano deja sentada su falta de empat\u00eda en la manera de transmitir la informaci\u00f3n: \u201cConsider\u00f3 que lo sucedido en Europa fue \u00abuna abierta provocaci\u00f3n al continente\u00bb y asegur\u00f3: \u00abNunca nos van a asustar porque somos un pueblo que tiene dignidad y soberan\u00eda\u00bb. \u00abHe visto de cerca c\u00f3mo algunas potencias se unen para seguir planificando pol\u00edticas que s\u00f3lo matan de hambre, que s\u00f3lo hacen guerras, que s\u00f3lo piensan en ellos\u00bb mismos, <span style=\"text-decoration: underline;\">espet\u00f3<\/span>\u201d (el subrayado es m\u00edo).<\/p>\n<p style=\"text-align: justify;\">M\u00e1s \u00abneutro\u00bb fue el tono de CNN en espa\u00f1ol quien mencion\u00f3: \u201cLa retenci\u00f3n de Morales durante al menos 13 horas en el aeropuerto de Viena, en Austria, ante la sospecha de que Edward Snowden estaba en su avi\u00f3n, caus\u00f3 reacciones de varios pa\u00edses, entre ellos M\u00e9xico, quien lament\u00f3 el incidente.\u201d Tambi\u00e9n transcribi\u00f3 las palabras de Evo Morales que hab\u00eda asistido a la Cumbre de los Pa\u00edses Exportadores de Gas en la capital de la Federaci\u00f3n de Rusia: \u201cNo estamos en tiempo de imperios ni colonias, estamos en tiempos de pueblos\u201d, dijo Morales, quien destac\u00f3 la unidad que sus hom\u00f3nimos de Argentina, Ecuador, Per\u00fa y Uruguay tuvieron para manifestar su repudio por las acciones de los pueblos europeos.\u201d<\/p>\n<p style=\"text-align: justify;\">Mientras al repudio se sumaron Surinam (que asiste a la reuni\u00f3n de UNASUR en Bolivia junto a Ecuador, Argentina, Uruguay y Venezuela) Cuba, \u00a0Nicaragua, Per\u00fa, Rafael Correa en su cuenta de Twitter expres\u00f3: \u201co nos graduamos como colonias o reivindicamos nuestra independencia, soberan\u00eda y dignidad. Todos somos Bolivia\u201d @MashiRafael). A su vez Juan Manuel Santos, presidente de Colombia, twitte\u00f3 una posici\u00f3n conciliadora: \u201cNos solidarizamos con Evo Morales porque es inaudito lo que le hicieron pero no permitamos que se convierta en crisis diplom\u00e1tica AL con UE.\u201d (<a href=\"http:\/\/www.elmundo.com\">www.elmundo.com<\/a>). Chile envi\u00f3 \u201cuna nota de repudio\u201d (<a href=\"http:\/\/www.lanacion.cl\">www.lanacion.cl<\/a>). Mientras el embajador de los Estados Unidos en Paraguay, James Harold Thessin declar\u00f3 en Asunci\u00f3n que \u201cParaguay y los Estados Unidos han sido y seguir\u00e1n siendo socios en la b\u00fasqueda de valores compartidos\u201d, en ese pa\u00eds los \u201dsenadores liberales y colorados apoyaron la declaraci\u00f3n de solidaridad (con Bolivia), no as\u00ed repudiar la actitud de los pa\u00edses europeos\u201d (www.abc.py)<\/p>\n<p style=\"text-align: justify;\">No es \u00e9ste el lugar para discutir si el joven ex agente es un individuo peligros\u00edsimo que debe ser deportado a Estados Unidos para que enfrente todo el peso de la ley, o es un valiente h\u00e9roe que ha colaborado en el desenmascaramiento de la puesta en pr\u00e1ctica nuevamente, de tradicionales mecanismos de espionaje contra los intereses nacionales de casi todos los pa\u00edses del globo.<span style=\"text-align: right;\"> <\/span><\/p>\n<p style=\"text-align: justify;\">Lo que hay que destacar es el afloramiento de la prepotencia de los pa\u00edses \u201cm\u00e1s desarrollados\u201d contra uno de los emergentes de los gobiernos latinoamericanos que intentan delinear su propia historia, condicionados por la dependencia econ\u00f3mica, cient\u00edfica y tecnol\u00f3gica. Al mismo tiempo, Evo Morales es tambi\u00e9n el emergente de las voces de Nuestra Am\u00e9rica profunda, acalladas a partir de la traum\u00e1tica invasi\u00f3n europea a nuestro hemisferio a fines del siglo XV.<\/p>\n<p style=\"text-align: justify;\">&nbsp;<\/p>\n<p style=\"text-align: justify;\">* Carolina Crisorio es Docente e Investigadora de la Universidad de Buenos Aires. Vicepresidente de ADHILAC Internacional.<\/p>\n<p style=\"text-align: justify;\">&nbsp;<\/p>\n<p><strong>Publicado por ADHILAC Internacional \u00a9 www.adhilac.com.ar<\/strong><\/p>\n<p>Si Ud. desea asociarse de acuerdo a los Estatutos de ADHILAC\u00a0<a title=\"(ver)\" href=\"https:\/\/adhilac.com.ar\/?page_id=263\">(ver)<\/a> complete el formulario correspondiente\u00a0<a title=\"(Ver)\" href=\"https:\/\/adhilac.com.ar\/?page_id=4779\" target=\"_blank\">(ver)<\/a><\/p>\n<p>E-mail:\u00a0<a title=\"info@adhilac.com.ar\" href=\"https:\/\/adhilac.com.ar\/info@adhilac.com.ar\" target=\"_blank\">info@adhilac.com.ar<\/a><strong> <\/strong><\/p>\n<p>Twitter: @AdhilacInfo<\/p>\n<p style=\"text-align: justify;\">&nbsp;<\/p>\n","protected":false},"excerpt":{"rendered":"<p>Carolina Crisorio* \u00abS\u00f3lo quiero decir a algunos pa\u00edses europeos que se liberen del imperio norteamericano, ya no estamos en el tiempo de las colonias\u00bb. Evo Morales Los diarios de todo el mundo han reflejado el escandaloso proceder de las grandes potencias, nost\u00e1lgicas de la era de oro del colonialismo.<\/p>\n","protected":false},"author":4,"featured_media":0,"comment_status":"closed","ping_status":"closed","sticky":false,"template":"","format":"standard","meta":{"_crdt_document":"","footnotes":""},"categories":[10,8],"tags":[443,13,329,17,330],"class_list":["post-8112","post","type-post","status-publish","format-standard","hentry","category-adhil-arg","category-fuentes-testimonios","tag-am","tag-america-latina","tag-colonialismo","tag-dependencia","tag-imperialismo"],"_links":{"self":[{"href":"https:\/\/adhilac.com.ar\/index.php?rest_route=\/wp\/v2\/posts\/8112","targetHints":{"allow":["GET"]}}],"collection":[{"href":"https:\/\/adhilac.com.ar\/index.php?rest_route=\/wp\/v2\/posts"}],"about":[{"href":"https:\/\/adhilac.com.ar\/index.php?rest_route=\/wp\/v2\/types\/post"}],"author":[{"embeddable":true,"href":"https:\/\/adhilac.com.ar\/index.php?rest_route=\/wp\/v2\/users\/4"}],"replies":[{"embeddable":true,"href":"https:\/\/adhilac.com.ar\/index.php?rest_route=%2Fwp%2Fv2%2Fcomments&post=8112"}],"version-history":[{"count":10,"href":"https:\/\/adhilac.com.ar\/index.php?rest_route=\/wp\/v2\/posts\/8112\/revisions"}],"predecessor-version":[{"id":8118,"href":"https:\/\/adhilac.com.ar\/index.php?rest_route=\/wp\/v2\/posts\/8112\/revisions\/8118"}],"wp:attachment":[{"href":"https:\/\/adhilac.com.ar\/index.php?rest_route=%2Fwp%2Fv2%2Fmedia&parent=8112"}],"wp:term":[{"taxonomy":"category","embeddable":true,"href":"https:\/\/adhilac.com.ar\/index.php?rest_route=%2Fwp%2Fv2%2Fcategories&post=8112"},{"taxonomy":"post_tag","embeddable":true,"href":"https:\/\/adhilac.com.ar\/index.php?rest_route=%2Fwp%2Fv2%2Ftags&post=8112"}],"curies":[{"name":"wp","href":"https:\/\/api.w.org\/{rel}","templated":true}]}}