{"id":8133,"date":"2013-07-09T07:56:29","date_gmt":"2013-07-09T10:56:29","guid":{"rendered":"https:\/\/adhilac.com.ar\/?p=8133"},"modified":"2013-07-09T08:03:05","modified_gmt":"2013-07-09T11:03:05","slug":"embajada-de-bolivia-invita-%e2%80%9cdia-de-la-confraternidad-argentino-boliviana%e2%80%9d-11-de-julio-de-2013","status":"publish","type":"post","link":"https:\/\/adhilac.com.ar\/?p=8133","title":{"rendered":"Embajada de Bolivia invita: \u201cD\u00eda de la Confraternidad Argentino &#8211; Boliviana\u201d. 11 de julio de 2013"},"content":{"rendered":"<h3><span style=\"color: #339966;\"><a href=\"https:\/\/adhilac.com.ar\/wp-content\/uploads\/2013\/07\/invitacion-Juana-Azurduy.jpg\"><img loading=\"lazy\" decoding=\"async\" class=\"size-thumbnail wp-image-8134 alignright\" title=\"2_insert_mexico_solo_19-10-12\" src=\"https:\/\/adhilac.com.ar\/wp-content\/uploads\/2013\/07\/invitacion-Juana-Azurduy-150x150.jpg\" alt=\"\" width=\"109\" height=\"109\" \/><\/a>Juana Azurduy de Padilla, s\u00edmbolo de la hermandad y de la identidad com\u00fan<\/span><\/h3>\n<p style=\"text-align: justify;\">La Embajada del Estado Plurinacional de Bolivia, celebrando el\u00a0\u201cD\u00eda de la Confraternidad Argentino &#8211; Boliviana\u201d,\u00a0 tiene el agrado de invitar a Usted al coloquio\u00a0\u201cJuana Azurduy de Padilla, s\u00edmbolo de la hermandad y de la identidad com\u00fan\u201d que se llevar\u00e1 a cabo en el Auditorio Belgrano de Canciller\u00eda Argentina el 11 de julio del presente a\u00f1o a horas 18:00.<!--more--><\/p>\n<div style=\"text-align: justify;\">\n<div dir=\"ltr\">\n<p>Esperando contar con su distinguida presencia, lo saludamos muy atentamente.<\/p>\n<p>&nbsp;<\/p>\n<p>Embajada de Bolivia en la Argentina<\/p>\n<p><a href=\"https:\/\/adhilac.com.ar\/wp-content\/uploads\/2013\/07\/invitacion-Juana-Azurduy.jpg\"><img loading=\"lazy\" decoding=\"async\" class=\"alignnone size-full wp-image-8134\" title=\"2_insert_mexico_solo_19-10-12\" src=\"https:\/\/adhilac.com.ar\/wp-content\/uploads\/2013\/07\/invitacion-Juana-Azurduy.jpg\" alt=\"\" width=\"390\" height=\"827\" srcset=\"https:\/\/adhilac.com.ar\/wp-content\/uploads\/2013\/07\/invitacion-Juana-Azurduy.jpg 390w, https:\/\/adhilac.com.ar\/wp-content\/uploads\/2013\/07\/invitacion-Juana-Azurduy-141x300.jpg 141w\" sizes=\"auto, (max-width: 390px) 100vw, 390px\" \/><\/a><\/p>\n<\/div>\n<\/div>\n<p><strong>Publicado por ADHILAC Internacional \u00a9 www.adhilac.com.ar<\/strong><\/p>\n<p>Si Ud. desea asociarse de acuerdo a los Estatutos de ADHILAC\u00a0<a title=\"(ver)\" href=\"https:\/\/adhilac.com.ar\/?page_id=263\">(ver)<\/a> complete el formulario correspondiente\u00a0<a title=\"(Ver)\" href=\"https:\/\/adhilac.com.ar\/?page_id=4779\" target=\"_blank\">(ver)<\/a><\/p>\n<p>E-mail:\u00a0<a title=\"info@adhilac.com.ar\" href=\"https:\/\/adhilac.com.ar\/info@adhilac.com.ar\" target=\"_blank\">info@adhilac.com.ar<\/a><strong> <\/strong><\/p>\n<p>Twitter: @AdhilacInfo<\/p>\n<p style=\"text-align: justify;\">&nbsp;<\/p>\n","protected":false},"excerpt":{"rendered":"<p>Juana Azurduy de Padilla, s\u00edmbolo de la hermandad y de la identidad com\u00fan La Embajada del Estado Plurinacional de Bolivia, celebrando el\u00a0\u201cD\u00eda de la Confraternidad Argentino &#8211; Boliviana\u201d,\u00a0 tiene el agrado de invitar a Usted al coloquio\u00a0\u201cJuana Azurduy de Padilla, s\u00edmbolo de la hermandad y de la identidad com\u00fan\u201d que se llevar\u00e1 a cabo en [&hellip;]<\/p>\n","protected":false},"author":2,"featured_media":0,"comment_status":"closed","ping_status":"closed","sticky":false,"template":"","format":"standard","meta":{"_crdt_document":"","footnotes":""},"categories":[40],"tags":[298,444],"class_list":["post-8133","post","type-post","status-publish","format-standard","hentry","category-informaciones","tag-bolivia","tag-juana-azurduy"],"_links":{"self":[{"href":"https:\/\/adhilac.com.ar\/index.php?rest_route=\/wp\/v2\/posts\/8133","targetHints":{"allow":["GET"]}}],"collection":[{"href":"https:\/\/adhilac.com.ar\/index.php?rest_route=\/wp\/v2\/posts"}],"about":[{"href":"https:\/\/adhilac.com.ar\/index.php?rest_route=\/wp\/v2\/types\/post"}],"author":[{"embeddable":true,"href":"https:\/\/adhilac.com.ar\/index.php?rest_route=\/wp\/v2\/users\/2"}],"replies":[{"embeddable":true,"href":"https:\/\/adhilac.com.ar\/index.php?rest_route=%2Fwp%2Fv2%2Fcomments&post=8133"}],"version-history":[{"count":6,"href":"https:\/\/adhilac.com.ar\/index.php?rest_route=\/wp\/v2\/posts\/8133\/revisions"}],"predecessor-version":[{"id":8137,"href":"https:\/\/adhilac.com.ar\/index.php?rest_route=\/wp\/v2\/posts\/8133\/revisions\/8137"}],"wp:attachment":[{"href":"https:\/\/adhilac.com.ar\/index.php?rest_route=%2Fwp%2Fv2%2Fmedia&parent=8133"}],"wp:term":[{"taxonomy":"category","embeddable":true,"href":"https:\/\/adhilac.com.ar\/index.php?rest_route=%2Fwp%2Fv2%2Fcategories&post=8133"},{"taxonomy":"post_tag","embeddable":true,"href":"https:\/\/adhilac.com.ar\/index.php?rest_route=%2Fwp%2Fv2%2Ftags&post=8133"}],"curies":[{"name":"wp","href":"https:\/\/api.w.org\/{rel}","templated":true}]}}