{"id":8283,"date":"2013-08-06T13:25:31","date_gmt":"2013-08-06T16:25:31","guid":{"rendered":"https:\/\/adhilac.com.ar\/?p=8283"},"modified":"2013-08-07T13:38:35","modified_gmt":"2013-08-07T16:38:35","slug":"exposicion-fotografica-e-instalacion-audiovisual-%e2%80%9crostros-ii%e2%80%9d-de-pablo-tesoriere-buenos-aires-6-20-de-agosto-2013","status":"publish","type":"post","link":"https:\/\/adhilac.com.ar\/?p=8283","title":{"rendered":"Exposici\u00f3n fotogr\u00e1fica e instalaci\u00f3n audiovisual  \u201cRostros II\u201d de Pablo Tesoriere. Buenos Aires. 6-20 de agosto 2013"},"content":{"rendered":"<h3 style=\"text-align: justify;\"><span style=\"color: #339966;\">Foyer Auditorio Biblioteca del Congreso de la Naci\u00f3n<\/span><\/h3>\n<div>Alsina 1835 &#8211; C.A.B.A<\/div>\n<div>Exposici\u00f3n fotogr\u00e1fica e instalaci\u00f3n audiovisual<\/div>\n<div><strong>\u201cRostros II\u201d<\/strong> de Pablo Tesoriere.<\/div>\n<div>Inauguraci\u00f3n: Jueves 8 de agosto &#8211; 13.30hs.<\/div>\n<div><!--more--><\/div>\n<div style=\"text-align: justify;\"><\/div>\n<div style=\"text-align: justify;\"><em>Rostros II<\/em> es un ensayo fotogr\u00e1fico y f\u00edlmico que busca generar conciencia y memoria a partir de im\u00e1genes de personas que han perdido un ser querido y\/o que han trabajado, en nuestro pa\u00eds, en la defensa de los derechos humanos.<\/div>\n<div style=\"text-align: justify;\"><\/div>\n<div style=\"text-align: justify;\"><\/div>\n<div style=\"text-align: justify;\">Cada uno de ellos fue retratado y filmado junto a un objeto que identifica al familiar perdido, mientras relatan los casos vividos y la lucha que mantienen, d\u00eda a d\u00eda, para generar memoria.<\/div>\n<div style=\"text-align: justify;\"><\/div>\n<div style=\"text-align: justify;\"><\/div>\n<div style=\"text-align: justify;\">Contando sobre su activismo social para un futuro mejor, que surgi\u00f3 a partir del dolor que les toc\u00f3 vivir y que siguen padeciendo en la actualidad.<\/div>\n<div style=\"text-align: justify;\"><\/div>\n<div style=\"text-align: justify;\"><\/div>\n<div style=\"text-align: justify;\">La muestra se podr\u00e1 visitar desde el Martes 6 de agosto hasta el Martes 20 de agosto de 2013.<\/div>\n<div style=\"text-align: justify;\"><\/div>\n<div style=\"text-align: justify;\"><\/div>\n<div style=\"text-align: justify;\">De Lunes a Viernes de 9 a 20.30hs.\u00a0<em style=\"font-size: 13px; line-height: 19px;\">ROSTROS II. <\/em><span style=\"font-size: 13px; line-height: 19px;\">Un ensayo de Pablo Tesoriere<\/span><\/div>\n<div style=\"text-align: justify;\"><span style=\"font-size: 13px; line-height: 19px;\"><br \/>\n<\/span><\/div>\n<div style=\"text-align: justify;\"><span style=\"font-size: 13px; line-height: 19px;\"> <\/span><\/div>\n<div><span style=\"font-size: 13px; line-height: 19px;\"><br \/>\n<\/span><\/div>\n<div><img loading=\"lazy\" decoding=\"async\" class=\"alignnone\" src=\"https:\/\/mail.google.com\/mail\/u\/0\/?ui=2&amp;ik=31c22b8d02&amp;view=att&amp;th=14059e34315ba948&amp;attid=0.1&amp;disp=emb&amp;realattid=ii_140360474df041be&amp;zw&amp;atsh=1\" alt=\"Im\u00e1genes integradas 3\" width=\"508\" height=\"358\" \/><\/div>\n","protected":false},"excerpt":{"rendered":"<p>Foyer Auditorio Biblioteca del Congreso de la Naci\u00f3n Alsina 1835 &#8211; C.A.B.A Exposici\u00f3n fotogr\u00e1fica e instalaci\u00f3n audiovisual \u201cRostros II\u201d de Pablo Tesoriere. Inauguraci\u00f3n: Jueves 8 de agosto &#8211; 13.30hs.<\/p>\n","protected":false},"author":2,"featured_media":0,"comment_status":"closed","ping_status":"closed","sticky":false,"template":"","format":"standard","meta":{"_crdt_document":"","footnotes":""},"categories":[106],"tags":[67,116,119],"class_list":["post-8283","post","type-post","status-publish","format-standard","hentry","category-arte-y-artistas","tag-argentina","tag-derechos-humanos","tag-memoria"],"_links":{"self":[{"href":"https:\/\/adhilac.com.ar\/index.php?rest_route=\/wp\/v2\/posts\/8283","targetHints":{"allow":["GET"]}}],"collection":[{"href":"https:\/\/adhilac.com.ar\/index.php?rest_route=\/wp\/v2\/posts"}],"about":[{"href":"https:\/\/adhilac.com.ar\/index.php?rest_route=\/wp\/v2\/types\/post"}],"author":[{"embeddable":true,"href":"https:\/\/adhilac.com.ar\/index.php?rest_route=\/wp\/v2\/users\/2"}],"replies":[{"embeddable":true,"href":"https:\/\/adhilac.com.ar\/index.php?rest_route=%2Fwp%2Fv2%2Fcomments&post=8283"}],"version-history":[{"count":7,"href":"https:\/\/adhilac.com.ar\/index.php?rest_route=\/wp\/v2\/posts\/8283\/revisions"}],"predecessor-version":[{"id":8295,"href":"https:\/\/adhilac.com.ar\/index.php?rest_route=\/wp\/v2\/posts\/8283\/revisions\/8295"}],"wp:attachment":[{"href":"https:\/\/adhilac.com.ar\/index.php?rest_route=%2Fwp%2Fv2%2Fmedia&parent=8283"}],"wp:term":[{"taxonomy":"category","embeddable":true,"href":"https:\/\/adhilac.com.ar\/index.php?rest_route=%2Fwp%2Fv2%2Fcategories&post=8283"},{"taxonomy":"post_tag","embeddable":true,"href":"https:\/\/adhilac.com.ar\/index.php?rest_route=%2Fwp%2Fv2%2Ftags&post=8283"}],"curies":[{"name":"wp","href":"https:\/\/api.w.org\/{rel}","templated":true}]}}