{"id":8296,"date":"2013-08-11T04:44:53","date_gmt":"2013-08-11T07:44:53","guid":{"rendered":"https:\/\/adhilac.com.ar\/?p=8296"},"modified":"2014-01-05T10:18:30","modified_gmt":"2014-01-05T13:18:30","slug":"nueva-publicacion-de-los-textos-de-juan-bosch","status":"publish","type":"post","link":"https:\/\/adhilac.com.ar\/?p=8296","title":{"rendered":"Nueva publicaci\u00f3n de los textos de Juan Bosch"},"content":{"rendered":"<h3 style=\"text-align: justify;\"><span style=\"color: #339966;\"><a href=\"https:\/\/adhilac.com.ar\/wp-content\/uploads\/2013\/08\/Bosch-Ecuador-ADHILAC-021.jpg\"><img loading=\"lazy\" decoding=\"async\" class=\"size-full wp-image-8298 alignleft\" title=\"Bosch Ecuador ADHILAC-02\" src=\"https:\/\/adhilac.com.ar\/wp-content\/uploads\/2013\/08\/Bosch-Ecuador-ADHILAC-021.jpg\" alt=\"\" width=\"318\" height=\"223\" srcset=\"https:\/\/adhilac.com.ar\/wp-content\/uploads\/2013\/08\/Bosch-Ecuador-ADHILAC-021.jpg 567w, https:\/\/adhilac.com.ar\/wp-content\/uploads\/2013\/08\/Bosch-Ecuador-ADHILAC-021-300x210.jpg 300w\" sizes=\"auto, (max-width: 318px) 100vw, 318px\" \/><\/a>Miradas sobre Nuestra Am\u00e9rica<\/span><\/h3>\n<p style=\"text-align: justify;\">Juan Bosch (1909-2001) es uno de los m\u00e1s vigorosos pensadores de Nuestra Am\u00e9rica, adem\u00e1s de ser un maestro de la literatura, un afamados soci\u00f3logo y un formidable historiador.<!--more--><\/p>\n<p style=\"text-align: justify;\">Tambi\u00e9n fue un notable oteador de nuestra vida social y nuestra cultura. En tal calidad apreciaba que \u201cnos identificaban todas las experiencias culturales que forman el conjunto de la latinoamericanidad, empezando por la lengua\u201d. Y agregaba que \u201cuna m\u00fasica, un cantar, una danza identificaban a latinoamericanos nacidos en pa\u00edses muy alejados entre s\u00ed; los identifican y los unen sin que en ese movimiento de sus almas hacia la unidad juegue un papel la posici\u00f3n pol\u00edtica.\u201d<\/p>\n<p style=\"text-align: justify;\">En homenaje a este dominicano universal, el Gobierno de la Revoluci\u00f3n Ciudadana publica este libro organizado por Jorge N\u00fanez S\u00e1nchez, que recoge algunas de esas penentrantes miradas que Juan Bosch efectu\u00f3 en su tiempo sobre varios asuntos de Am\u00e9rica Latina y el Caribe.<\/p>\n<p style=\"text-align: justify;\">&nbsp;<\/p>\n<p><strong>Publicado por ADHILAC Internacional \u00a9 www.adhilac.com.ar<\/strong><\/p>\n<p>Si Ud. desea asociarse de acuerdo a nuestros Estatutos\u00a0<a title=\"(ver)\" href=\"https:\/\/adhilac.com.ar\/?page_id=263\">(ver)<\/a> complete el siguiente formulario<a title=\"(ver)\" href=\"https:\/\/adhilac.com.ar\/?page_id=3194\">(ver)<\/a><\/p>\n<p>E-mail: info@adhilac.com.ar<\/p>\n<p style=\"text-align: justify;\">&nbsp;<\/p>\n","protected":false},"excerpt":{"rendered":"<p>Miradas sobre Nuestra Am\u00e9rica Juan Bosch (1909-2001) es uno de los m\u00e1s vigorosos pensadores de Nuestra Am\u00e9rica, adem\u00e1s de ser un maestro de la literatura, un afamados soci\u00f3logo y un formidable historiador.<\/p>\n","protected":false},"author":2,"featured_media":0,"comment_status":"closed","ping_status":"closed","sticky":false,"template":"","format":"standard","meta":{"_crdt_document":"","footnotes":""},"categories":[7],"tags":[414],"class_list":["post-8296","post","type-post","status-publish","format-standard","hentry","category-publicac-info","tag-historia-america-latina"],"_links":{"self":[{"href":"https:\/\/adhilac.com.ar\/index.php?rest_route=\/wp\/v2\/posts\/8296","targetHints":{"allow":["GET"]}}],"collection":[{"href":"https:\/\/adhilac.com.ar\/index.php?rest_route=\/wp\/v2\/posts"}],"about":[{"href":"https:\/\/adhilac.com.ar\/index.php?rest_route=\/wp\/v2\/types\/post"}],"author":[{"embeddable":true,"href":"https:\/\/adhilac.com.ar\/index.php?rest_route=\/wp\/v2\/users\/2"}],"replies":[{"embeddable":true,"href":"https:\/\/adhilac.com.ar\/index.php?rest_route=%2Fwp%2Fv2%2Fcomments&post=8296"}],"version-history":[{"count":5,"href":"https:\/\/adhilac.com.ar\/index.php?rest_route=\/wp\/v2\/posts\/8296\/revisions"}],"predecessor-version":[{"id":8301,"href":"https:\/\/adhilac.com.ar\/index.php?rest_route=\/wp\/v2\/posts\/8296\/revisions\/8301"}],"wp:attachment":[{"href":"https:\/\/adhilac.com.ar\/index.php?rest_route=%2Fwp%2Fv2%2Fmedia&parent=8296"}],"wp:term":[{"taxonomy":"category","embeddable":true,"href":"https:\/\/adhilac.com.ar\/index.php?rest_route=%2Fwp%2Fv2%2Fcategories&post=8296"},{"taxonomy":"post_tag","embeddable":true,"href":"https:\/\/adhilac.com.ar\/index.php?rest_route=%2Fwp%2Fv2%2Ftags&post=8296"}],"curies":[{"name":"wp","href":"https:\/\/api.w.org\/{rel}","templated":true}]}}