{"id":8391,"date":"2014-04-11T02:33:04","date_gmt":"2014-04-11T05:33:04","guid":{"rendered":"https:\/\/adhilac.com.ar\/?p=8391"},"modified":"2014-04-14T21:00:40","modified_gmt":"2014-04-15T00:00:40","slug":"nuevos-talleres-internacionales-de-estudios-regionales-y-locales-urbanos-santa-clara-cuba-25-27-de-junio-de-2014","status":"publish","type":"post","link":"https:\/\/adhilac.com.ar\/?p=8391","title":{"rendered":"Nuevos Talleres Internacionales de Estudios Regionales y Locales (Urbanos). Santa Clara. Cuba. 25-27 de junio de 2014"},"content":{"rendered":"<h3><span style=\"color: #339966;\">La regi\u00f3n: pasado y actualidad<\/span><\/h3>\n<p><strong><span style=\"text-align: justify; font-size: 13px; line-height: 19px;\">CONVOCATORIA<\/span><\/strong><\/p>\n<p><span style=\"text-align: justify; font-size: 13px; line-height: 19px;\">La Universidad Central \u201cMarta Abreu\u201d, a trav\u00e9s de su facultad de Ciencias Sociales, con el coauspicio de la Asociaci\u00f3n de Historiadores de Am\u00e9rica Latina y el Caribe (ADHILAC) \u2013Continental y Secci\u00f3n Cubana-, de la Uni\u00f3n Nacional de Escritores y Artistas de Cuba (UNEAC) \u2013Secci\u00f3n de Literatura Hist\u00f3rica y Social- , de la Universidad Aut\u00f3noma de Coahuila, M\u00e9xico y de la Universidad  Federal de Piau\u00ed, Brasil, convocan a los Nuevos Talleres Internacionales de Estudios Regionales y Locales\u00a0 IV para sesionar entre los d\u00edas 25 al 27 de junio del 2014 en la sede de la filial provincial de la UNEAC de Villa Clara.<\/span><\/p>\n<p style=\"text-align: justify;\"><!--more--><\/p>\n<p style=\"text-align: justify;\">En Cuba existe ya internacionalmente una conocida tradici\u00f3n de este tipo de estudios, cuyo inicio se desarroll\u00f3 precisamente a trav\u00e9s del trabajo multidisciplinario llevado adelante por esta Universidad desde comienzos de la d\u00e9cada de 1970.\u00a0 Su portavoz por excelencia ha sido desde entonces la revista universitaria <em>Islas,<\/em> a partir de la cual han surgido innumerables publicaciones bibliohemerogr\u00e1ficas en Cuba, mientras que, paralelamente, se desarrollaban similares prop\u00f3sitos y propuestas en el resto de Am\u00e9rica Latina, as\u00ed como tambi\u00e9n en Europa y Norteam\u00e9rica.<\/p>\n<p style=\"text-align: justify;\">El amplio movimiento en torno a los estudios regionales y locales que se ha desarrollado en Cuba y en otros pa\u00edses latinoamericanos ha contribuido al desarrollo te\u00f3rico-conceptual y metodol\u00f3gico de las disciplinas y ciencias relacionadas con la regi\u00f3n y la ciudad, avance que se evidencia en los eventos cient\u00edficos nacionales e internacionales en los que Cuba participa u organiza. Ese extendido movimiento cient\u00edfico interact\u00faa crecientemente con una amplia gama de las Ciencias Sociales y Human\u00edsticas, dado el necesario car\u00e1cter multidisciplinario que adquieren los estudios territoriales.<\/p>\n<p style=\"text-align: justify;\">Es el objetivo de este evento, que la Universidad Central realiza desde 2008, el integrar todas estas ciencias y disciplinas en un conjunto de talleres \u00fanicos, que interrelacionen los resultados alcanzados y que nos permitan llegar cada vez m\u00e1s a mayores y mejores conclusiones para el trabajo regional y urbano en su conjunto, en sus m\u00faltiples manifestaciones.<\/p>\n<p style=\"text-align: justify;\">Adem\u00e1s, nuestros Talleres sesionan de forma paralela con el XIII Simposio Internacional de Pensamiento Latinoamericano, lo que da la oportunidad a los asistentes de relacionarse con otras dis\u00edmiles \u00e1reas y disciplinas human\u00edsticas concernientes al pensamiento de la Am\u00e9rica Nuestra.<\/p>\n<p>Los Nuevos Talleres Internacionales de Estudios Regionales y Locales (Urbanos) IV, como su nombre lo indica, contin\u00faan el nuevo camino de integraci\u00f3n sin exclusiones, acorde con las nuevas realidades del mundo contempor\u00e1neo y en particular de los pa\u00edses en v\u00edas de desarrollo.<\/p>\n<p><em> <\/em><\/p>\n<p><em> <\/em><\/p>\n<p><strong>PROGRAMA CIENT\u00cdFICO<\/strong><\/p>\n<p>(Propuestas)<\/p>\n<p><em> <\/em><\/p>\n<p><em> <\/em><\/p>\n<p style=\"padding-left: 30px;\">1. La regi\u00f3n y la ciudad y su conceptualizaci\u00f3n.\u00a0 Teor\u00eda, m\u00e9todo y fuentes.<\/p>\n<p style=\"padding-left: 30px;\">2. Geograf\u00eda y regi\u00f3n.\u00a0\u00a0 Espacio, regi\u00f3n y Ciencias Sociales y Humanas.<\/p>\n<p style=\"padding-left: 30px;\">3. Fronteras nacionales-regionales y conflictos.\u00a0 La frontera como concepto y praxis.\u00a0 Ciudades y regiones de frontera.<\/p>\n<p style=\"padding-left: 30px;\">4. Ciencias Sociales y Humanas, Historiograf\u00eda y Educaci\u00f3n: Las relecturas de los estudios regionales, locales, departamentales y provinciales (estaduales).\u00a0 Las pol\u00edticas editoriales. \u00a0Prensa, revistas y otros. \u00a0Los centros de investigaci\u00f3n y de estudios y sus propuestas.<\/p>\n<p style=\"padding-left: 30px;\">5.\u00a0 Historias regionales y urbanas comparadas.<\/p>\n<p style=\"padding-left: 30px;\">6. Territorios, regiones y otras de sus dimensiones.\u00a0 Pasado, presente y proyecciones futuras.<\/p>\n<p style=\"padding-left: 30px;\">7. Las migraciones en su impacto regional y urbano.<\/p>\n<p style=\"padding-left: 30px;\">8. El pensamiento regional.\u00a0\u00a0 Su impacto local, nacional y mundial.<\/p>\n<p style=\"padding-left: 30px;\">9.\u00a0 La nueva historia pol\u00edtica y las regiones.<\/p>\n<p style=\"padding-left: 30px;\">10.\u00a0 La ciencia y la tecnolog\u00eda y su impacto en las regiones.<\/p>\n<p style=\"padding-left: 30px;\">11. Expresiones regionales y locales de la religiosidad y de la religi\u00f3n.\u00a0 Sus instituciones y movimientos.<\/p>\n<p style=\"padding-left: 30px;\">12. Gobiernos locales y procesos auton\u00f3micos, pasado y presente.\u00a0 Pol\u00edticas y transformaciones regionales y nacionales.<\/p>\n<p style=\"padding-left: 30px;\">13. Desarrollo regional: la econom\u00eda y las din\u00e1micas empresariales, el turismo en sus m\u00faltiples manifestaciones, la ecolog\u00eda y la sustentabilidad como problema, la crisis y los usos del agua, entre otros.<\/p>\n<p style=\"padding-left: 30px;\">14. Los proyectos integracionistas latinoamericanos y sus instituciones en el impacto regional y local.<\/p>\n<p style=\"padding-left: 30px;\">15. Independencia, soberan\u00eda y regi\u00f3n. Pasado anticolonial y presente antihegem\u00f3nico.<\/p>\n<p style=\"padding-left: 30px;\">16. La  Arqueolog\u00eda: especificidades del trabajo en las regiones y localidades.<\/p>\n<p style=\"padding-left: 30px;\">17. Antropolog\u00eda y Etnohistoria.\u00a0 La Antropolog\u00eda Social y Cultural en las regiones.\u00a0\u00a0 Pasado, actualidad y perspectivas futuras.<\/p>\n<p style=\"padding-left: 30px;\">18. Movimientos sociales y sus organizaciones.\u00a0 Logros y retos.<\/p>\n<p style=\"padding-left: 30px;\">19.\u00a0 Trabajo, fiestas y vida cotidiana en la ciudad y la regi\u00f3n.<\/p>\n<p style=\"padding-left: 30px;\">20.  Los estudios de g\u00e9nero.\u00a0 Sus expresiones regionales y urbanas y \u00a0sus relaciones con el nivel nacional y mundial.<\/p>\n<p style=\"padding-left: 30px;\">21. La educaci\u00f3n regional y local y sus problemas.\u00a0 Programas educativos e instituciones.\u00a0 Sus transformaciones y necesidades futuras.\u00a0 La escuela como n\u00facleo de actividad socio-educativa regional.<\/p>\n<p style=\"padding-left: 30px;\">22. Estudios Culturales regionales y urbanos.\u00a0 Estudio de variantes ling\u00fc\u00edsticas regionales.\u00a0 Las literaturas regionales y su impacto local, nacional y mundial. \u00a0Sus diversas tem\u00e1ticas.<\/p>\n<p style=\"padding-left: 30px;\">23. Estudios art\u00edsticos regionales y urbanos.\u00a0 Arte urbano, espacio, patrimonio y memoria.\u00a0 La conservaci\u00f3n y la restauraci\u00f3n y sus pol\u00edticas.<\/p>\n<p style=\"padding-left: 30px;\">24. Patrimonio hist\u00f3rico-cultural en la regi\u00f3n y en la ciudad.<\/p>\n<p style=\"padding-left: 30px;\">25. Los medios masivos de comunicaci\u00f3n en las regiones. El caso de los documentales, cortometrajes, la radio, la televisi\u00f3n y otros en la regi\u00f3n y en sus sistemas de ciudades. Las nuevas tecnolog\u00edas en el estudio de las regiones.<\/p>\n<p style=\"padding-left: 30px;\">26. Arquitectura y urbanismo.<\/p>\n<p style=\"padding-left: 30px;\">27. Medio ambiente, recursos naturales y crisis ecol\u00f3gica.\u00a0 Los desastres \u201cnaturales\u201d: percepci\u00f3n regional e impacto nacional.\u00a0 Las pol\u00edticas al uso y las propuestas alternativas.<\/p>\n<p style=\"padding-left: 30px;\">28. Otras propuestas a someter a consideraci\u00f3n de la Comisi\u00f3n Organizadora de los Talleres.<\/p>\n<p><strong style=\"font-size: 13px; line-height: 19px;\">ORGANIZACI\u00d3N<\/strong><\/p>\n<p><span style=\"text-align: justify; font-size: 13px; line-height: 19px;\">El programa cient\u00edfico se desarrollar\u00e1 por medio de conferencias centrales, mesas, paneles y ponencias individuales.\u00a0\u00a0 Se solicita la presentaci\u00f3n de propuestas para conformar mesas y paneles tem\u00e1ticos, as\u00ed como otras actividades de inter\u00e9s, incluso en el caso de aquellos temas que no aparezcan recogidos en la presente Convocatoria.<\/span><\/p>\n<p style=\"text-align: justify;\">El n\u00famero de temas presentados servir\u00e1 como gu\u00eda para las propuestas y en ning\u00fan caso es limitativo.<\/p>\n<p style=\"text-align: justify;\"><span style=\"font-size: 13px; line-height: 19px;\">Las propuestas de las personas interesadas en participar se remitir\u00e1n a la Comisi\u00f3n Organizadora para ser evaluadas, hasta el 31 de marzo de 2014. Se enviar\u00e1n con copia a\u00a0 \u00a0las siguientes direcciones: <\/span><a style=\"font-size: 13px; line-height: 19px;\" href=\"mailto:hvenegasdelgado@yahoo.es\">hvenegasdelgado@yahoo.es<\/a><span style=\"font-size: 13px; line-height: 19px;\"> y <\/span><a style=\"font-size: 13px; line-height: 19px;\" href=\"mailto:aliciaa@uclv.edu.cu\">aliciaa@uclv.edu.cu<\/a><\/p>\n<p style=\"text-align: justify;\">Estas deben ser enviadas de la siguiente forma:<\/p>\n<p style=\"text-align: justify;\">Encabezamiento con el t\u00edtulo de la actividad a desarrollar, nombre(s) y apellidos, grado(s) cient\u00edfico(s) respectivo(s), instituci\u00f3n(es) a que pertenece(n), ciudad y pa\u00eds, y correo electr\u00f3nico.<\/p>\n<p style=\"text-align: justify;\">Resumen no mayor de 250 palabras.<\/p>\n<p style=\"text-align: justify;\">Tres palabras claves, en espa\u00f1ol o portugu\u00e9s y su traducci\u00f3n al ingl\u00e9s a continuaci\u00f3n.<\/p>\n<p style=\"text-align: justify;\">Estas propuestas deber\u00e1n venir acompa\u00f1adas de un breve curriculum vitae de cada uno de los participantes, no mayor de una p\u00e1gina.<\/p>\n<p style=\"text-align: justify;\">Formatos para ambos casos: Word compatible, letra Arial 12.<\/p>\n<p style=\"text-align: justify;\">Idiomas oficiales: Espa\u00f1ol y portugu\u00e9s (en el caso de otros idiomas debe solicitarse con antelaci\u00f3n suficiente el servicio extra de traducci\u00f3n e interpretaci\u00f3n).<\/p>\n<p style=\"text-align: justify;\">Mesas y paneles: Las informaciones deber\u00e1n venir acompa\u00f1adas de la singularizaci\u00f3n de la persona que se propone como coordinador(a) de estos.<\/p>\n<p style=\"text-align: justify;\">Proceso de selecci\u00f3n: Los resultados del proceso de selecci\u00f3n de las propuestas se dar\u00e1n a conocer peri\u00f3dicamente, en el plazo sumo de un mes a contar desde la fecha de su recepci\u00f3n en por los organizadores.<\/p>\n<p style=\"text-align: justify;\">Aceptaci\u00f3n de las propuestas: La aceptaci\u00f3n de los res\u00famenes\u00a0 implica el env\u00edo de los trabajos, v\u00eda correo electr\u00f3nico, en igual formato, con un m\u00e1ximo de 8 p\u00e1ginas, a dos espacios, hasta el 30 de abril de 2014. Esta versi\u00f3n se publica en CD con ISBN y se entrega a los participantes.<\/p>\n<p style=\"text-align: justify;\">Todos los participantes deben concurrir a los Talleres con los textos completos, de hasta 15 cuartillas -incluyen aparato cr\u00edtico y anexos diversos-, a dos espacios, en las mismas condiciones arriba\u00a0 descritas.<\/p>\n<p style=\"text-align: justify;\">Estas ponencias completas ser\u00e1n entregadas a la Comisi\u00f3n Organizadora, a su arribo a Cuba, en\u00a0 dos ejemplares impresos, papel 8,5 x 11 y con copia electr\u00f3nica, formato Word compatible siempre, en un CD-Rom (no en memoria flash).<\/p>\n<p style=\"text-align: justify;\"><span style=\"font-size: 13px; line-height: 19px;\">Proceso de selecci\u00f3n de las ponencias para su publicaci\u00f3n en forma de libros, con materiales seleccionados y en otras publicaciones especializadas: Este se realizar\u00e1 en dos niveles diferentes: por los miembros de la presidencia de la mesa o panel que se trate y, posteriormente, por los integrantes del Comit\u00e9 Cient\u00edfico, adjunto a la Comisi\u00f3n Organizadora del Taller.<\/span><\/p>\n<p style=\"text-align: justify;\"><strong style=\"font-size: 13px; line-height: 19px;\">ACREDITACI\u00d3N<\/strong><\/p>\n<p style=\"text-align: justify;\">La cuota de inscripci\u00f3n ser\u00e1 de $100.00 pesos para los participantes nacionales y de $100.00 pesos convertibles (CUC) para los extranjeros. Los estudiantes y los acompa\u00f1antes extranjeros abonar\u00e1n el 50% de dicha cuota, previa presentaci\u00f3n de documento acreditativo en el caso de los estudiantes, a ser avalado por la Comisi\u00f3n Organizadora de los Talleres, sin otras excepciones.<\/p>\n<p style=\"text-align: justify;\">El pago de la cuota de inscripci\u00f3n se realizar\u00e1 en el momento de la acreditaci\u00f3n y \u00e9sta cubre el derecho a participar en las sesiones de trabajo, a recibir la documentaci\u00f3n pertinente sobre los Talleres, el certificado de participaci\u00f3n y otros requerimientos correspondientes.<\/p>\n<p style=\"text-align: justify;\"><strong style=\"font-size: 13px; line-height: 19px;\">INFORMACI\u00d3N<\/strong><\/p>\n<p style=\"text-align: justify;\"><span style=\"font-size: 13px; line-height: 19px;\">Para cualquier aclaraci\u00f3n, gesti\u00f3n o tr\u00e1mite, por favor dirigirse a:<\/span><\/p>\n<p><span style=\"font-size: 13px; line-height: 19px;\">Prof. Dr. Hern\u00e1n Venegas Delgado.<\/span><br \/>\n<span style=\"font-size: 13px; line-height: 19px;\">Correo electr\u00f3nico: <\/span><a style=\"font-size: 13px; line-height: 19px;\" href=\"mailto:hvenegasdelgado@yahoo.es\">hvenegasdelgado@yahoo.es<\/a><\/p>\n<p><span style=\"font-size: 13px; line-height: 19px;\">Prof. M. Sc. Alicia Acosta Olaldes<\/span><br \/>\n<span style=\"font-size: 13px; line-height: 19px;\">Correo electr\u00f3nico: <\/span><a style=\"font-size: 13px; line-height: 19px;\" href=\"mailto:aliciaa@uclv.edu.cu\">aliciaa@uclv.edu.cu<\/a><\/p>\n<p style=\"text-align: justify;\">&nbsp;<\/p>\n<p style=\"text-align: justify;\"><strong>COMISI\u00d3N ORGANIZADORA:<\/strong><\/p>\n<p><span style=\"font-size: 13px; line-height: 19px;\">1.- Prof. Dr. Antonio Bermejo Santos. Presidente de la Comisi\u00f3n Organizadora.<\/span><br \/>\n<span style=\"font-size: 13px; line-height: 19px;\">Tel\u00e9fono: (53-42) 21.19.05<\/span><br \/>\n<span style=\"font-size: 13px; line-height: 19px;\">Correo electr\u00f3nico: <\/span><a style=\"font-size: 13px; line-height: 19px;\" href=\"mailto:antoniobs@uclv.edu.cu\">antoniobs@uclv.edu.cu<\/a><\/p>\n<p><span style=\"font-size: 13px; line-height: 19px;\">2.- Prof. Dr. Hern\u00e1n Maximiliano Venegas Delgado. Coordinador General.<\/span><br \/>\n<span style=\"font-size: 13px; line-height: 19px;\">Correo electr\u00f3nico: <\/span><a style=\"font-size: 13px; line-height: 19px;\" href=\"mailto:hvenegasdelgado@yahoo.es\">hvenegasdelgado@yahoo.es<\/a><br \/>\n<span style=\"font-size: 13px; line-height: 19px;\">Tel\u00e9fonos): (52-844) 135.05.82 y 416.24.52 (oficina) -de M\u00e9xico-<\/span><\/p>\n<p><span style=\"font-size: 13px; line-height: 19px;\">3.- Prof. M. Sc. Alicia Acosta Olaldes, Coordinadora Organizativa.<\/span><br \/>\n<span style=\"font-size: 13px; line-height: 19px;\">Correo electr\u00f3nico: <\/span><a style=\"font-size: 13px; line-height: 19px;\" href=\"mailto:aliciaa@uclv.edu.cu\">aliciaa@uclv.edu.cu<\/a><br \/>\n<span style=\"font-size: 13px; line-height: 19px;\">(53-42) 211905<\/span><\/p>\n<p style=\"text-align: justify;\"><span style=\"font-size: 13px; line-height: 19px;\">4.- Prof. M.Sc. Gertrudis Leticia Toledo Cabrera. Secretaria Ejecutiva<\/span><\/p>\n<p style=\"text-align: justify;\">Vicecoordinadores:<\/p>\n<p style=\"text-align: justify;\">5.- Dr. Carlos Jes\u00fas Recio D\u00e1vila, Vice Coordinador (Universidad Aut\u00f3noma de Coahuila, M\u00e9xico)<\/p>\n<p style=\"text-align: justify;\">6.- Dr. Alci\u00f4ne Correa Alves, Vice Coordinador (Universidad Federal de Piau\u00ed, R\u00edo Grande del Norte, Brasil)<\/p>\n<p style=\"text-align: justify;\">&nbsp;<\/p>\n<p style=\"text-align: justify;\"><strong><span style=\"font-size: 13px; line-height: 19px;\">Direcci\u00f3n postal:<\/span><\/strong><\/p>\n<p><span style=\"font-size: 13px; line-height: 19px;\">Prof. Dr. Antonio Bermejo Santos, Decano.<\/span><br \/>\n<span style=\"font-size: 13px; line-height: 19px;\">Facultad de Ciencias Sociales. Universidad\u00a0 Central \u201cMarta Abreu\u201d de Las Villas. Carretera a Camajuan\u00ed km. 5\u00bd, Santa Clara, V.C., Cuba, C.P. 58 430.<\/span><br \/>\n<span style=\"font-size: 13px; line-height: 19px;\">Tel\u00e9fono: (53-42) 21.19.05<\/span><br \/>\n<span style=\"font-size: 13px; line-height: 19px;\">Correo electr\u00f3nico: <\/span><a style=\"font-size: 13px; line-height: 19px;\" href=\"mailto:antoniobs@uclv.edu.cu\">antoniobs@uclv.edu.cu<\/a><\/p>\n<p><strong> <\/strong><a href=\"https:\/\/adhilac.com.ar\/wp-content\/uploads\/2013\/08\/Santa-Clara-2014.jpg\"><img loading=\"lazy\" decoding=\"async\" class=\"alignleft size-full wp-image-8392\" title=\"Santa Clara 2014\" src=\"https:\/\/adhilac.com.ar\/wp-content\/uploads\/2013\/08\/Santa-Clara-2014.jpg\" alt=\"\" width=\"599\" height=\"639\" srcset=\"https:\/\/adhilac.com.ar\/wp-content\/uploads\/2013\/08\/Santa-Clara-2014.jpg 599w, https:\/\/adhilac.com.ar\/wp-content\/uploads\/2013\/08\/Santa-Clara-2014-281x300.jpg 281w\" sizes=\"auto, (max-width: 599px) 100vw, 599px\" \/><\/a><\/p>\n<p style=\"text-align: justify;\"><span style=\"font-size: 13px; line-height: 19px;\"> <\/span><\/p>\n<p><strong>Publicado por ADHILAC Internacional \u00a9 www.adhilac.com.ar<\/strong><\/p>\n<p>Si Ud. desea asociarse de acuerdo a los Estatutos de ADHILAC\u00a0<a title=\"(ver)\" href=\"https:\/\/adhilac.com.ar\/?page_id=263\">(ver)<\/a> complete el formulario correspondiente\u00a0<a title=\"(Ver)\" href=\"https:\/\/adhilac.com.ar\/?page_id=4779\" target=\"_blank\">(ver)<\/a><\/p>\n<p>E-mail:\u00a0<a title=\"info@adhilac.com.ar\" href=\"https:\/\/adhilac.com.ar\/info@adhilac.com.ar\" target=\"_blank\">info@adhilac.com.ar<\/a><strong> <\/strong><\/p>\n<p>Twitter: @AdhilacInfo<\/p>\n","protected":false},"excerpt":{"rendered":"<p>La regi\u00f3n: pasado y actualidad CONVOCATORIA La Universidad Central \u201cMarta Abreu\u201d, a trav\u00e9s de su facultad de Ciencias Sociales, con el coauspicio de la Asociaci\u00f3n de Historiadores de Am\u00e9rica Latina y el Caribe (ADHILAC) \u2013Continental y Secci\u00f3n Cubana-, de la Uni\u00f3n Nacional de Escritores y Artistas de Cuba (UNEAC) \u2013Secci\u00f3n de Literatura Hist\u00f3rica y Social- [&hellip;]<\/p>\n","protected":false},"author":37,"featured_media":0,"comment_status":"closed","ping_status":"closed","sticky":false,"template":"","format":"standard","meta":{"_crdt_document":"","footnotes":""},"categories":[18,5,40],"tags":[457],"class_list":["post-8391","post","type-post","status-publish","format-standard","hentry","category-adhilac-cuba","category-congresos","category-informaciones","tag-estudios-regionales-y-locales-urbanos"],"_links":{"self":[{"href":"https:\/\/adhilac.com.ar\/index.php?rest_route=\/wp\/v2\/posts\/8391","targetHints":{"allow":["GET"]}}],"collection":[{"href":"https:\/\/adhilac.com.ar\/index.php?rest_route=\/wp\/v2\/posts"}],"about":[{"href":"https:\/\/adhilac.com.ar\/index.php?rest_route=\/wp\/v2\/types\/post"}],"author":[{"embeddable":true,"href":"https:\/\/adhilac.com.ar\/index.php?rest_route=\/wp\/v2\/users\/37"}],"replies":[{"embeddable":true,"href":"https:\/\/adhilac.com.ar\/index.php?rest_route=%2Fwp%2Fv2%2Fcomments&post=8391"}],"version-history":[{"count":4,"href":"https:\/\/adhilac.com.ar\/index.php?rest_route=\/wp\/v2\/posts\/8391\/revisions"}],"predecessor-version":[{"id":8394,"href":"https:\/\/adhilac.com.ar\/index.php?rest_route=\/wp\/v2\/posts\/8391\/revisions\/8394"}],"wp:attachment":[{"href":"https:\/\/adhilac.com.ar\/index.php?rest_route=%2Fwp%2Fv2%2Fmedia&parent=8391"}],"wp:term":[{"taxonomy":"category","embeddable":true,"href":"https:\/\/adhilac.com.ar\/index.php?rest_route=%2Fwp%2Fv2%2Fcategories&post=8391"},{"taxonomy":"post_tag","embeddable":true,"href":"https:\/\/adhilac.com.ar\/index.php?rest_route=%2Fwp%2Fv2%2Ftags&post=8391"}],"curies":[{"name":"wp","href":"https:\/\/api.w.org\/{rel}","templated":true}]}}