{"id":8410,"date":"2013-08-29T02:52:33","date_gmt":"2013-08-29T05:52:33","guid":{"rendered":"https:\/\/adhilac.com.ar\/?p=8410"},"modified":"2013-09-15T04:15:32","modified_gmt":"2013-09-15T07:15:32","slug":"tercer-congreso-internacional-sobre-la-vida-y-la-obra-de-ezequiel-martinez-estrada-bahia-blanca-argentina-12-14-de-septiembre-de-2013","status":"publish","type":"post","link":"https:\/\/adhilac.com.ar\/?p=8410","title":{"rendered":"Tercer Congreso Internacional sobre la vida y la obra de Ezequiel Mart\u00ednez Estrada. Bah\u00eda Blanca. Argentina. 12-14 de septiembre de 2013"},"content":{"rendered":"<h3 style=\"text-align: justify;\"><span style=\"color: #008000;\">Lanzamiento del CEINA<\/span><\/h3>\n<p style=\"text-align: justify;\"><strong>Centro de Estudios Interdisciplinarios sobre Nuestra Am\u00e9rica \u201cJos\u00e9 Mart\u00ed\u201d (CEINA<\/strong>)<\/p>\n<p style=\"text-align: justify;\">Bah\u00eda Blanca, Argentina<br \/>\n12 al 14 de setiembre de 2013<br \/>\nAula Magna de la Universidad Nacional del Sur<!--more--><\/p>\n<p style=\"text-align: justify;\">Para acceder a las mesas y res\u00fa<!--more-->menes ingrese en \u00a0http:\/\/cecies.org\/proximos_mas.asp?id=741<\/p>\n<p style=\"text-align: justify;\"><strong>PROGRAMACI\u00d3N GENERAL<\/strong><\/p>\n<p style=\"text-align: justify;\"><strong>Jueves 12 de setiembre<\/strong><\/p>\n<p style=\"text-align: justify;\">9.00 a 10.00 Acreditaciones<\/p>\n<p style=\"text-align: justify;\">10.00 Acto de apertura<\/p>\n<p style=\"text-align: justify;\">Palabras de recepci\u00f3n del Dr. Hugo E. Laborde, presidente de la Fundaci\u00f3n Ezequiel Mart\u00ednez Estrada y profesor consulto de la UNS; de la Lic. Silvia \u00c1lvarez, directora\/decana del Departamento de Humanidades de la Universidad Nacional del Sur, y del Dr. Guillermo H. Crapiste, rector de la Universidad Nacional del Sur.<\/p>\n<p style=\"text-align: justify;\">Bienvenida musical del Coro Universitario \u201cJos\u00e9 Luis Ram\u00edrez Urtasun\u201d, de la Universidad Nacionaldel Sur. Direcci\u00f3n: maestro Carmelo C. Fioriti<\/p>\n<p style=\"text-align: justify;\">10.45 Conferencia inaugural<\/p>\n<p style=\"text-align: justify;\"><em>Cuba en el coraz\u00f3n de un apasionado<\/em>: Dra. Ana Cairo Ballester, miembro pleno de la Academia de Letras de Cuba y profesora titular e investigadora en la Universidad de La Habana<\/p>\n<p style=\"text-align: justify;\">11.30 Centro de Estudios Interdisciplinarios sobre Nuestra Am\u00e9rica \u201cJos\u00e9 Mart\u00ed\u201d (CEINA)<\/p>\n<p style=\"text-align: justify;\">Presentaci\u00f3n a cargo del Dr. Pedro Pablo Rodr\u00edguez, miembro pleno de la Academia de Historia de Cuba e investigador principal del Centro de Estudios Mar tianos; del Dr. Hugo E. Biagini, exdirector de la Secci\u00f3n de Investigaciones sobre Pensamiento Argentino y Latinoamericano de la Academia de Ciencias (Argentina), y de la Lic. Adriana Rodr\u00edguez, directora del CEINA y profesora asociada en el Departamento\u00a0 de Humanidades de la Universidad Nacional del Sur<\/p>\n<p style=\"text-align: justify;\">12.00 Vino de honor<\/p>\n<p style=\"text-align: justify;\">14.00 a 15.30 Comunicaci\u00f3n simult\u00e1nea de ponencias<\/p>\n<p style=\"text-align: justify;\">Sala A: Mesa 1.\u2013 Mart\u00ednez Estrada polifac\u00e9tico<\/p>\n<p style=\"text-align: justify;\">Sala B: Mesa 2.\u2013 Paralelismos y confrontaci\u00f3n<\/p>\n<p style=\"text-align: justify;\">15.45 Conferencia plenaria<\/p>\n<p style=\"text-align: justify;\"><em>Mart\u00ednez Estrada entre el higienismo y la utop\u00eda<\/em> Dr. Hugo E. Biagini, investigador principal de CONICET; profesor titular en las universidades Nacional de La Plata y de Belgrano<\/p>\n<p style=\"text-align: justify;\">16.30 Intervalo<\/p>\n<p style=\"text-align: justify;\">17.30 Conferencia plenaria<\/p>\n<p style=\"text-align: justify;\"><em>Ezequiel Mart\u00ednez Estrada, un virtuoso del ensayo<\/em> Dra. Liliana Weinberg, profesora-investigadora en el Centro de Investigaciones sobre Am\u00e9rica Latina y el Caribe (CIALC), Universidad Nacional Aut\u00f3noma de M\u00e9xico<\/p>\n<p style=\"text-align: justify;\">18.15 Mesa de escritores<\/p>\n<p style=\"text-align: justify;\">Participan: \u00c1ngela Pradelli (premio Clar\u00edn 2004),<\/p>\n<p style=\"text-align: justify;\">Fernando Monacelli (premio Clar\u00edn 2012) y Rub\u00e9n Ben\u00edtez (miembro de la Real Academia Espa\u00f1ola). Coordina: Nidia Burgos<\/p>\n<p style=\"text-align: justify;\">20.00 <em>El grupo Boquitas Pintadas cuenta \u201cAmigas m\u00edas\u201d<\/em>, basado en la novela hom\u00f3nima de \u00c1ngela Pradelli (Premio Emec\u00e9 2002) Intervenci\u00f3n musical: Mauro Ponte<\/p>\n<p style=\"text-align: justify;\">Coordinaci\u00f3n general: Maryta Berenguer<\/p>\n<p style=\"text-align: justify;\">&nbsp;<\/p>\n<p style=\"text-align: justify;\"><strong>Viernes 13 de setiembre<\/strong><\/p>\n<p style=\"text-align: justify;\">8.30 a 10.00 Comunicaci\u00f3n simult\u00e1nea de ponencias<\/p>\n<p style=\"text-align: justify;\">Sala A: Mesa 3.\u2013 Poes\u00eda y humor<\/p>\n<p style=\"text-align: justify;\">Sala B: Mesa 4.\u2013 Influencias y caminos<\/p>\n<p style=\"text-align: justify;\">10:15 Conferencia plenaria<\/p>\n<p style=\"text-align: justify;\"><em>El humor, la burla y lo l\u00fadico: constantes tem\u00e1ticas en Humoresca<\/em> Dra. Nydia Palacios Vivas, miembro de la Academia Nicarag\u00fcense de la Lengua y ex presidente del Instituto Nicarag\u00fcense de Cultura Hisp\u00e1nica; galardonada con la Orden Dar\u00edo-Cervantes en 2009<\/p>\n<p style=\"text-align: justify;\">11.00 Conferencia plenaria<\/p>\n<p style=\"text-align: justify;\"><em>Ezequiel Mart\u00ednez Estrada: Radiograf\u00eda de la ciudad de Buenos Aires<\/em> Arq. Gustavo A. Brandariz, profesor titular de Historia de la Arquitectura en la Facultad de Arquitectura, Dise\u00f1o y Urbanismo, Universidad de Buenos Aires<\/p>\n<p style=\"text-align: justify;\">11.45 Novedades de la Fundaci\u00f3n Ezequiel Mart\u00ednez Estrada<\/p>\n<p style=\"text-align: justify;\">12.00 Intervalo<\/p>\n<p style=\"text-align: justify;\">14.00 a 15.00 Comunicaci\u00f3n simult\u00e1nea de ponencias<\/p>\n<p style=\"text-align: justify;\">Sala A: Mesa 5.\u2013 Afinidades y di\u00e1logos<\/p>\n<p style=\"text-align: justify;\">Sala B: Mesa 6.\u2013 Temas cubanos. I<\/p>\n<p style=\"text-align: justify;\">15.15 a 16.15 Comunicaci\u00f3n de ponencias<\/p>\n<p style=\"text-align: justify;\">Sala B: Mesa 8.\u2013 Temas cubanos. II<\/p>\n<p style=\"text-align: justify;\">16.30 Conferencia plenaria<\/p>\n<p style=\"text-align: justify;\"><em>Ezequiel Mart\u00ednez Estrada en el espejo de Montaigne y Kafka <\/em>Dra. Leonor Arias Saravia, exprofesora-investigadora en la Universidad Nacional de Salta; docente de posgrado en distintas instituciones universitarias argentinas<\/p>\n<p style=\"text-align: justify;\">17.15 Intervalo<\/p>\n<p style=\"text-align: justify;\">18.15 Conferencia plenaria<\/p>\n<p style=\"text-align: justify;\"><em>El barro de la pol\u00edtica, el barro de los intelectuales: las imposibilidades argentinas en Diario de los EE.UU. y \u00bfQu\u00e9 es esto? <\/em>Dra. Graciela Montaldo, profesora en el Departamento de Espa\u00f1ol y Portugu\u00e9s de la Universidad de Columbia, Estados Unidos<\/p>\n<p style=\"text-align: justify;\">19.00 Conferencia plenaria<\/p>\n<p style=\"text-align: justify;\"><em>Mal de piel o peronitis<\/em> Dr. Christian Ferrer, profesor titular en la carrera de Ciencias de la Comunicaci\u00f3n, en la Facultad de Ciencias Sociales de la Universidad de Buenos Aires.<\/p>\n<p style=\"text-align: justify;\">21.00 Cuchipanda1 de camarader\u00eda<\/p>\n<p style=\"text-align: justify;\">1 Cuchipanda: Comida que toman juntas y regocijadamente varias personas. (RAE, Diccionario de la Lengua Espa\u00f1ola, 22\u00aa edici\u00f3n. 2001).<\/p>\n<p style=\"text-align: justify;\"><strong>S\u00e1bado 14 de setiembre<\/strong><\/p>\n<p style=\"text-align: justify;\">10.00 Conferencia plenaria<\/p>\n<p style=\"text-align: justify;\"><em>Ezequiel Mart\u00ednez Estrada y el peronismo. Una posible interpretaci\u00f3n<\/em> Dr. Luis F. Beraza, del Centro Cultural Francisco \u201cPaco\u201d Urondo, de la Facultad de Filosof\u00eda y Letras de la Universidad de Buenos Aires<\/p>\n<p style=\"text-align: justify;\">10.45 Conferencia plenaria<\/p>\n<p style=\"text-align: justify;\"><em>Radiograf\u00eda de la pampa: Sobre la barbarie tecnol\u00f3gica.<\/em> Dr. Horacio Gonz\u00e1lez, director de la Biblioteca Nacional y profesor titular en la Universidad de Buenos Aires, la Universidad Nacional de Rosario y en la Facultad Libre de Rosario<\/p>\n<p style=\"text-align: justify;\">11.30 Conferencia de clausura <em>Ezequiel Mart\u00ednez Estrada, dramaturgo. Nuevas lecturas de su po\u00e9tica<\/em> Dr. Jorge Dubatti, profesor titular en las universidades de Buenos Aires, Nacional de Rosario y Nacional de San Mart\u00edn; director del Centro de Investigaci\u00f3n en Historia y Teor\u00eda Teatral; creador y director de la Escuela de Espectadores de Buenos Aires<\/p>\n<p style=\"text-align: justify;\">12.30 Acto de cierre<\/p>\n<p style=\"text-align: justify;\">Palabras de despedida de la Dra. Nidia Burgos, expresidente de la Fundaci\u00f3n Ezequiel Mart\u00ednez Estrada; profesora titular en el Departamento de Humanidades de la Universidad Nacional del Sur.<\/p>\n<p><strong><img decoding=\"async\" title=\"More...\" src=\"https:\/\/adhilac.com.ar\/wp-includes\/js\/tinymce\/plugins\/wordpress\/img\/trans.gif\" alt=\"\" \/><img decoding=\"async\" title=\"More...\" src=\"https:\/\/adhilac.com.ar\/wp-includes\/js\/tinymce\/plugins\/wordpress\/img\/trans.gif\" alt=\"\" \/><\/strong><\/p>\n<p><strong>Publicado por ADHILAC Internacional \u00a9 www.adhilac.com.ar<\/strong><\/p>\n<p>Si Ud. desea asociarse de acuerdo a los Estatutos de ADHILAC\u00a0<a title=\"(ver)\" href=\"https:\/\/adhilac.com.ar\/?page_id=263\">(ver)<\/a> complete el formulario correspondiente\u00a0<a title=\"(Ver)\" href=\"https:\/\/adhilac.com.ar\/?page_id=4779\" target=\"_blank\">(ver)<\/a><\/p>\n<p style=\"text-align: justify;\">&nbsp;<\/p>\n","protected":false},"excerpt":{"rendered":"<p>Lanzamiento del CEINA Centro de Estudios Interdisciplinarios sobre Nuestra Am\u00e9rica \u201cJos\u00e9 Mart\u00ed\u201d (CEINA) Bah\u00eda Blanca, Argentina 12 al 14 de setiembre de 2013 Aula Magna de la Universidad Nacional del Sur<\/p>\n","protected":false},"author":2,"featured_media":0,"comment_status":"closed","ping_status":"open","sticky":false,"template":"","format":"standard","meta":{"_crdt_document":"","footnotes":""},"categories":[5,40],"tags":[459],"class_list":["post-8410","post","type-post","status-publish","format-standard","hentry","category-congresos","category-informaciones","tag-ezequiel-martinez-estrada"],"_links":{"self":[{"href":"https:\/\/adhilac.com.ar\/index.php?rest_route=\/wp\/v2\/posts\/8410","targetHints":{"allow":["GET"]}}],"collection":[{"href":"https:\/\/adhilac.com.ar\/index.php?rest_route=\/wp\/v2\/posts"}],"about":[{"href":"https:\/\/adhilac.com.ar\/index.php?rest_route=\/wp\/v2\/types\/post"}],"author":[{"embeddable":true,"href":"https:\/\/adhilac.com.ar\/index.php?rest_route=\/wp\/v2\/users\/2"}],"replies":[{"embeddable":true,"href":"https:\/\/adhilac.com.ar\/index.php?rest_route=%2Fwp%2Fv2%2Fcomments&post=8410"}],"version-history":[{"count":4,"href":"https:\/\/adhilac.com.ar\/index.php?rest_route=\/wp\/v2\/posts\/8410\/revisions"}],"predecessor-version":[{"id":8412,"href":"https:\/\/adhilac.com.ar\/index.php?rest_route=\/wp\/v2\/posts\/8410\/revisions\/8412"}],"wp:attachment":[{"href":"https:\/\/adhilac.com.ar\/index.php?rest_route=%2Fwp%2Fv2%2Fmedia&parent=8410"}],"wp:term":[{"taxonomy":"category","embeddable":true,"href":"https:\/\/adhilac.com.ar\/index.php?rest_route=%2Fwp%2Fv2%2Fcategories&post=8410"},{"taxonomy":"post_tag","embeddable":true,"href":"https:\/\/adhilac.com.ar\/index.php?rest_route=%2Fwp%2Fv2%2Ftags&post=8410"}],"curies":[{"name":"wp","href":"https:\/\/api.w.org\/{rel}","templated":true}]}}