{"id":8427,"date":"2013-09-14T04:19:16","date_gmt":"2013-09-14T07:19:16","guid":{"rendered":"https:\/\/adhilac.com.ar\/?p=8427"},"modified":"2013-09-23T05:31:00","modified_gmt":"2013-09-23T08:31:00","slug":"iv-jornadas-del-dto-de-historia-del-ccc-%e2%80%9cfloreal-gorini%e2%80%9d-y-adhilac-23-24-septiembre-de-2013","status":"publish","type":"post","link":"https:\/\/adhilac.com.ar\/?p=8427","title":{"rendered":"IV Jornadas del Dto de Historia del CCC \u201cFloreal Gorini\u201d y ADHILAC. 23-24 septiembre de 2013"},"content":{"rendered":"<h3 style=\"text-align: justify;\"><span style=\"color: #339966;\"><a href=\"https:\/\/adhilac.com.ar\/wp-content\/uploads\/2013\/08\/Afiche-Jornada-2013.jpg\"><img loading=\"lazy\" decoding=\"async\" class=\"alignright size-large wp-image-8381\" title=\"Afiche Jornada 2013\" src=\"https:\/\/adhilac.com.ar\/wp-content\/uploads\/2013\/08\/Afiche-Jornada-2013-570x1024.jpg\" alt=\"\" width=\"205\" height=\"368\" srcset=\"https:\/\/adhilac.com.ar\/wp-content\/uploads\/2013\/08\/Afiche-Jornada-2013-570x1024.jpg 570w, https:\/\/adhilac.com.ar\/wp-content\/uploads\/2013\/08\/Afiche-Jornada-2013-167x300.jpg 167w, https:\/\/adhilac.com.ar\/wp-content\/uploads\/2013\/08\/Afiche-Jornada-2013.jpg 800w\" sizes=\"auto, (max-width: 205px) 100vw, 205px\" \/><\/a>Revoluciones, Terrorismo de Estado y Democracia.<\/span><\/h3>\n<p style=\"text-align: justify;\"><span style=\"color: #339966;\"> Un largo recorrido hacia la segunda emancipaci\u00f3n y la unidad de Nuestra Am\u00e9rica.<\/span><\/p>\n<p style=\"text-align: justify;\"><span style=\"color: #339966;\"> <\/span><br \/>\nIV Jornadas del Departamento de Historia del Centro Cultural de la Cooperaci\u00f3n \u201cFloreal Gorini\u201d y ADHILAC (Asociaci\u00f3n de Historiadores Latinoamericanos y del Caribe)<\/p>\n<p><em>Revoluciones, Terrorismo de Estado y Democracia. Un largo recorrido hacia la segunda emancipaci\u00f3n y la unidad de Nuestra Am\u00e9rica<\/em>.<\/p>\n<p style=\"text-align: justify;\">23 y 24 de Septiembre en el Centro Cultural de la Cooperaci\u00f3n \u201cFlorealGorini\u201d. Corrientes 1543 C.A.B.A<\/p>\n<p style=\"text-align: justify;\"><strong>Cronograma de mesas y actividades<\/strong><\/p>\n<p style=\"text-align: justify;\"><strong> <\/strong><strong>Lunes 23\/09 de 09 a 11 hs. 3er piso<!--more--><\/strong><\/p>\n<p style=\"text-align: justify;\"><strong>Mesa 4. Del terrorismo de Estado a la consolidaci\u00f3n democr\u00e1tica y regional. Coordinador: Luis Wainer.<\/strong><\/p>\n<p style=\"text-align: justify;\">&#8211; Iliana G\u00f3mez Tovar. Archivo Hist\u00f3rico del Ministerio del Poder Popular para Relaciones Exteriores de la Rep\u00fablica \u00a0Bolivariana de Venezuela. Venezuela y los comienzos del anclaje econ\u00f3mico del Sistema de Bretton Woods (1944-1959.)<\/p>\n<p style=\"text-align: justify;\">&#8211; Alba Delgado. FFyL-UBA. Medios de comunicaci\u00f3n y disputa ideol\u00f3gica enColombia: Un estudio de caso.<\/p>\n<p style=\"text-align: justify;\">&#8211; Dolores Damarys Cordero Negrin. Archivo Hist\u00f3rico del Ministerio del Poder Popular para Relaciones Exteriores de la Rep\u00fablica \u00a0Bolivariana de Venezuela. La plena inserci\u00f3n de Venezuela en la fase neoliberal y globalizada del capitalismo mundial a fines de los a\u00f1os 80.<\/p>\n<p style=\"text-align: justify;\"><strong>Lunes 23\/09 de 11:15 a 13 hs. 3er piso<\/strong><\/p>\n<p style=\"text-align: justify;\">&#8211; William Ferrer Entenza. Biblioteca Central Rub\u00e9n Mart\u00ednez Villena de la Universidad de la Habana. El Terrorismo de Estado y las dictaduras americanas en la Am\u00e9rica Latina.<\/p>\n<p style=\"text-align: justify;\">&#8211; Moravia Peralta Hern\u00e1ndez. Archivo Hist\u00f3rico del Ministerio del Poder Popular para Relaciones Exteriores de la Rep\u00fablica \u00a0Bolivariana de Venezuela. Del \u201csistema internacional como supuesto de la pol\u00edtica exterior\u201d a la Pol\u00edtica Exterior como ejercicio de la soberan\u00eda.<\/p>\n<p style=\"text-align: justify;\">&#8211; Alejandra Gulli; Anabella Benvenuto. Banco Credicoop. La construcci\u00f3n simb\u00f3lica del cooperativismo como resistencia \u00a0desde las voces de los dirigentes del Banco.<\/p>\n<p style=\"text-align: justify;\"><strong>Lunes 23\/09 de 14:30 a 16:30 hs. 3er piso<\/strong><br \/>\n<strong> <\/strong><\/p>\n<p style=\"text-align: justify;\"><strong>Mesa 1. Historia del pensamiento Latinoamericano y del Caribe. Coordinador: Ezequiel Pinacchio\/Norberto Aguirre. <\/strong><\/p>\n<p style=\"text-align: justify;\">&#8211; Mar\u00eda Arisela Medina. Universidad Nacional Experimental de los Llanos Centrales \u201cR\u00f3mulo Gallegos\u201d. Pensamiento Chavista como Significante de la Revoluci\u00f3n.<\/p>\n<p style=\"text-align: justify;\">&#8211; Norberto R. Aguirre; Carolina Crisorio. Facultad de Ciencias Econ\u00f3micas y CBC (UBA) ADHILAC Argentina; \u00a0Facultad de Ciencias Econ\u00f3micas (UBA) Vicepresidente de ADHILAC Internacional. Dependencia, Guerra Fr\u00eda y Revoluci\u00f3n Cubana en los debates y pr\u00e1cticas pol\u00edticas de la Argentina.<\/p>\n<p style=\"text-align: justify;\">&#8211; Daniel Villalba. Facultad de Ciencias Sociales (UBA). El Problema del Desarrollo Capitalista y la Dependencia Latinoamericana en el an\u00e1lisis de Theotonio Dos Santos y Agust\u00edn Cueva.<\/p>\n<p style=\"text-align: justify;\">&#8211; Pablo Jaitte. FCE \/ FFyL (UBA). Testimonios y explicaciones del \u201cgiro\u201d de lapol\u00edtica petrolera de Frondizi.<\/p>\n<p style=\"text-align: justify;\">&#8211; Alexia Massholder. CONICET &#8211; UBA- CEFMA. Lo nacional y popular: una revisi\u00f3n desde H\u00e9ctor P. Agosti.<\/p>\n<p style=\"text-align: justify;\"><strong>Lunes 23\/09 de 16:45 a 18:30 hs. 3er piso<\/strong><\/p>\n<p style=\"text-align: justify;\">&#8211; Od\u00edn \u00c1vila Rojas. Universidad Aut\u00f3noma \u00a0Metropolitana-Unidad Xochimilco. El horizonte indianista-katarista y su influencia contempor\u00e1nea en los movimientos sociales en Bolivia.<\/p>\n<p style=\"text-align: justify;\">&#8211; Horacio L\u00f3pez. Centro Cultural de la Cooperaci\u00f3n Floreal Gorini. Fronteras nacionales, descolonialidad, y memoria: perspectivas y desaf\u00edos.<\/p>\n<p style=\"text-align: justify;\">-Juan Francisco Martinez P\u00e9ria. C.C.C. \u2013 UBA. Francisco de Miranda y Hait\u00ed. Una historia de desencuentros.<\/p>\n<p style=\"text-align: justify;\">&#8211; Viviana Civitillo. Universidad de Mor\u00f3n-Instituto Superiordel Profesorado Dr. Joaqu\u00edn V. Gonz\u00e1lez. Imaginarios en conflicto entre la imaginaci\u00f3n y la revoluci\u00f3n.<\/p>\n<p style=\"text-align: justify;\">&#8211; Rub\u00e9n Francia. Instituto Superior del Profesorado Dr. Joaqu\u00edn V. Gonz\u00e1lez.Sobre la resignificaci\u00f3n te\u00f3rica del Dr. Francia.<\/p>\n<p style=\"text-align: justify;\"><strong>Lunes 23\/09 de 14:30 a 16:30 hs. 3er piso<\/strong><br \/>\n<strong> <\/strong><\/p>\n<p style=\"text-align: justify;\"><strong>Mesa 2. La presencia imperialista desde el siglo XIX: historia y debates. Coordinador: Nicol\u00e1s Kogan <\/strong><\/p>\n<p style=\"text-align: justify;\">&#8211; Octavio Augusto Montes Vega. El Colegio de Michoac\u00e1n A.C. Liberalismo a la mexicana. Construcci\u00f3n e irrupci\u00f3n de las pol\u00edticas intervencionistas norteamericanas del siglo XIX en un territorio violento<\/p>\n<p style=\"text-align: justify;\">&#8211; Jerce Lania Araujo Pinheiro Queiroz. Universidade Federal do Amazonas. Apresen\u00e7a feminista na revolu\u00e7\u00e3o feminina do Brasil.<\/p>\n<p style=\"text-align: justify;\">-Luis Wainer. CCC \u2013 UBA. El Plan Camelot y la respuesta anti-imperialista enChile (1964-1965).<\/p>\n<p style=\"text-align: justify;\">&#8211; Lucas Ricci Marchand. Instituto Superior del Profesorado Dr. Joaqu\u00edn V. Gonz\u00e1lez-CCC. Nicaragua: intervencionismo norteamericano y contrarrevoluci\u00f3n (1981-1988).<\/p>\n<p style=\"text-align: justify;\">&#8211; Pablo Jos\u00e9 Reid. Universidad Nacional de la Matanza. Un aporte a la historia de la construcci\u00f3n de la patria grande americana y contra el imperialismo estadounidense: Venezuela al Mercosur.<\/p>\n<p style=\"text-align: justify;\">&#8211; Jos\u00e9 Vargas-Hern\u00e1ndez. Universidad de Guadalajara. An\u00e1lisis cr\u00edtico del capitalismo transnacional.<\/p>\n<p style=\"text-align: justify;\">&nbsp;<\/p>\n<p style=\"text-align: justify;\"><strong>Mesa Redonda<\/strong><\/p>\n<p style=\"text-align: justify;\"><strong>Lunes 23\/09 19 hs.<\/strong><\/p>\n<p style=\"text-align: justify;\">Revoluciones, Terrorismo de Estado y Democracia. Invitados: Stella Calloni (Periodista, escritora e investigadora sobre el Plan C\u00f3ndor); Atilio Bor\u00f3n (Polit\u00f3logo. Director del PLED, CCC); Oscar Az\u00f3car (ICAL, Chile); Daniel Omar De Luc\u00eda (Prof. De Historia I.S.P. Joaqu\u00edn V. Gonz\u00e1lez-CCC).Coordina: Carolina Crisorio (ADHILAC Argentina). Sala Ra\u00fal Gonz\u00e1lez Tu\u00f1\u00f3n[1\u00b0 Piso].<\/p>\n<p style=\"text-align: justify;\">&#8211; El tiempo de presentaci\u00f3n de las ponencias es de 15 minutos.- La presentaci\u00f3n de ponencias para el CD es hasta el 20 de septiembre de 2013 (la no presentaci\u00f3n de la ponencia NO invalida la participaci\u00f3n en las jornadas).<\/p>\n<p style=\"text-align: justify;\">&nbsp;<\/p>\n<p style=\"text-align: justify;\">&nbsp;<\/p>\n<p style=\"text-align: justify;\"><strong>Martes 24\/09 de 09 a 11 hs. 3er piso<\/strong><\/p>\n<p style=\"text-align: justify;\"><strong>Mesa 3. La participaci\u00f3n popular en las luchas y las revoluciones de NuestroContinente desde el siglo XX. Coordinador: Roberto Deibe <\/strong><\/p>\n<p style=\"text-align: justify;\">&#8211; Marcos Schiavi. Universit\u00e9 Paris 8 &#8211; Universidad de Buenos Aires. Movimiento sindical y peronismo (1943-1955): hacia una nueva interpretaci\u00f3n.<\/p>\n<p style=\"text-align: justify;\">&#8211; Rafael Restaino. La participaci\u00f3n popular en el peronismo.<\/p>\n<p style=\"text-align: justify;\">&#8211; Diana P\u00e9rez Mendoza. Universidad Central de Venezuela. Las luchas por el agua en Bolivia: c\u00f3mo surge un movimiento antiprivatizador a finales del siglo XX.<\/p>\n<p style=\"text-align: justify;\">&#8211; Pedro Aravena Rivera. Instituto de Ciencias Alejandro Lipschutz (ICAL). ElMovimiento Sindical Chileno y su lucha con la hegemon\u00eda neoliberal.<\/p>\n<p style=\"text-align: justify;\"><strong>Martes 24\/09 de 11:15 a 13 hs<\/strong><\/p>\n<p style=\"text-align: justify;\">&#8211; Valentin Golzman. El Grito de Alcorta.<\/p>\n<p style=\"text-align: justify;\">&#8211; Carlos Fos. Aincrit, AICA, UNAM. La conquista de Am\u00e9rica Latina en el imaginario del teatro obrero combativo de inicios del siglo XX en Argentina.<\/p>\n<p style=\"text-align: justify;\">&#8211; Alejandro Pisnoy. CCC-I.S.P. Joaqu\u00edn V. Gonz\u00e1lez-ISFDyT N\u00b0 46. El surgimiento del movimiento obrero petrolero en Colombia y Venezuela.<\/p>\n<p style=\"text-align: justify;\">&#8211; Jos\u00e9 Bobecik. Universidad Nacional de Lujan. Chile se empieza a mover:apoyo social al movimiento estudiantil chileno.<\/p>\n<p style=\"text-align: justify;\"><strong>Mesa debate<\/strong><\/p>\n<p style=\"text-align: justify;\"><strong>Martes 24\/09 de 15 a 17:30 hs. 3er piso.<\/strong><\/p>\n<p style=\"text-align: justify;\">Coordina: Atilio Bor\u00f3n (Polit\u00f3logo. Director del PLED, CCC)Panelistas: Marcos Roitman (Soci\u00f3logo, analista pol\u00edtico y ensayista). Autor del libro \u201cTiempos de oscuridad. Historia de los golpes de Estado de Am\u00e9rica Latina\u201d. Oscar Az\u00f3car (ICAL, Chile). \u201cA 40 a\u00f1os del golpe, hacia un gobierno de nueva mayor\u00eda. Aprendiendo de la historia\u201d.Daniel Omar De Luc\u00eda (Prof. De Historia I.S.P. Joaqu\u00edn V. Gonz\u00e1lez-CCC). \u201cElgobierno de la unidad popular en Chile. Estado burgu\u00e9s y poder popular (1970-1973)\u201d.<\/p>\n<p style=\"text-align: justify;\">&nbsp;<\/p>\n<p style=\"text-align: justify;\"><strong><img decoding=\"async\" title=\"More...\" src=\"https:\/\/adhilac.com.ar\/wp-includes\/js\/tinymce\/plugins\/wordpress\/img\/trans.gif\" alt=\"\" \/><img decoding=\"async\" title=\"More...\" src=\"https:\/\/adhilac.com.ar\/wp-includes\/js\/tinymce\/plugins\/wordpress\/img\/trans.gif\" alt=\"\" \/>Publicado por ADHILAC Internacional \u00a9 www.adhilac.com.ar<\/strong><\/p>\n<p style=\"text-align: justify;\">Si Ud. desea asociarse de acuerdo a los Estatutos de ADHILAC\u00a0<a title=\"(ver)\" href=\"https:\/\/adhilac.com.ar\/?page_id=263\">(ver)<\/a> complete el formulario correspondiente\u00a0<a title=\"(Ver)\" href=\"https:\/\/adhilac.com.ar\/?page_id=4779\" target=\"_blank\">(ver)<\/a><\/p>\n<p style=\"text-align: justify;\">E-mail:\u00a0<a title=\"info@adhilac.com.ar\" href=\"https:\/\/adhilac.com.ar\/info@adhilac.com.ar\" target=\"_blank\">info@adhilac.com.ar<\/a><strong> <\/strong><\/p>\n<p style=\"text-align: justify;\">Twitter: @AdhilacInfo<\/p>\n<p style=\"text-align: justify;\">&nbsp;<\/p>\n","protected":false},"excerpt":{"rendered":"<p>Revoluciones, Terrorismo de Estado y Democracia. Un largo recorrido hacia la segunda emancipaci\u00f3n y la unidad de Nuestra Am\u00e9rica. IV Jornadas del Departamento de Historia del Centro Cultural de la Cooperaci\u00f3n \u201cFloreal Gorini\u201d y ADHILAC (Asociaci\u00f3n de Historiadores Latinoamericanos y del Caribe) Revoluciones, Terrorismo de Estado y Democracia. Un largo recorrido hacia la segunda emancipaci\u00f3n [&hellip;]<\/p>\n","protected":false},"author":37,"featured_media":0,"comment_status":"closed","ping_status":"closed","sticky":false,"template":"","format":"standard","meta":{"_crdt_document":"","footnotes":""},"categories":[10,3],"tags":[13,239,138,226],"class_list":["post-8427","post","type-post","status-publish","format-standard","hentry","category-adhil-arg","category-adhilac-inter","tag-america-latina","tag-democracia","tag-revoluciones","tag-terrorismo-de-estado"],"_links":{"self":[{"href":"https:\/\/adhilac.com.ar\/index.php?rest_route=\/wp\/v2\/posts\/8427","targetHints":{"allow":["GET"]}}],"collection":[{"href":"https:\/\/adhilac.com.ar\/index.php?rest_route=\/wp\/v2\/posts"}],"about":[{"href":"https:\/\/adhilac.com.ar\/index.php?rest_route=\/wp\/v2\/types\/post"}],"author":[{"embeddable":true,"href":"https:\/\/adhilac.com.ar\/index.php?rest_route=\/wp\/v2\/users\/37"}],"replies":[{"embeddable":true,"href":"https:\/\/adhilac.com.ar\/index.php?rest_route=%2Fwp%2Fv2%2Fcomments&post=8427"}],"version-history":[{"count":8,"href":"https:\/\/adhilac.com.ar\/index.php?rest_route=\/wp\/v2\/posts\/8427\/revisions"}],"predecessor-version":[{"id":8433,"href":"https:\/\/adhilac.com.ar\/index.php?rest_route=\/wp\/v2\/posts\/8427\/revisions\/8433"}],"wp:attachment":[{"href":"https:\/\/adhilac.com.ar\/index.php?rest_route=%2Fwp%2Fv2%2Fmedia&parent=8427"}],"wp:term":[{"taxonomy":"category","embeddable":true,"href":"https:\/\/adhilac.com.ar\/index.php?rest_route=%2Fwp%2Fv2%2Fcategories&post=8427"},{"taxonomy":"post_tag","embeddable":true,"href":"https:\/\/adhilac.com.ar\/index.php?rest_route=%2Fwp%2Fv2%2Ftags&post=8427"}],"curies":[{"name":"wp","href":"https:\/\/api.w.org\/{rel}","templated":true}]}}