{"id":8445,"date":"2013-09-16T00:51:30","date_gmt":"2013-09-16T03:51:30","guid":{"rendered":"https:\/\/adhilac.com.ar\/?p=8445"},"modified":"2013-09-16T06:59:44","modified_gmt":"2013-09-16T09:59:44","slug":"allende-otras-lecciones-historicas","status":"publish","type":"post","link":"https:\/\/adhilac.com.ar\/?p=8445","title":{"rendered":"Allende: otras lecciones hist\u00f3ricas"},"content":{"rendered":"<h3><span style=\"font-size: 1.17em; font-weight: normal; color: #339966;\"><a href=\"https:\/\/adhilac.com.ar\/wp-content\/uploads\/2013\/09\/Bombardeo-La-Moneda-11-09-73.jpg\"><img loading=\"lazy\" decoding=\"async\" class=\"alignleft size-medium wp-image-8446\" title=\"Bombardeo La Moneda 11-09-73\" src=\"https:\/\/adhilac.com.ar\/wp-content\/uploads\/2013\/09\/Bombardeo-La-Moneda-11-09-73-300x220.jpg\" alt=\"\" width=\"300\" height=\"220\" srcset=\"https:\/\/adhilac.com.ar\/wp-content\/uploads\/2013\/09\/Bombardeo-La-Moneda-11-09-73-300x220.jpg 300w, https:\/\/adhilac.com.ar\/wp-content\/uploads\/2013\/09\/Bombardeo-La-Moneda-11-09-73.jpg 620w\" sizes=\"auto, (max-width: 300px) 100vw, 300px\" \/><\/a>Juan J. Paz y Mi\u00f1o Cepeda<\/span><\/h3>\n<div>\n<p style=\"text-align: justify;\">Respaldado por la Unidad Popular, el Presidente  Salvador Allende se propuso construir en Chile el socialismo por v\u00eda  pac\u00edfica. El desaf\u00edo te\u00f3rico cuestionaba la lucha armada, pero tambi\u00e9n  la \u201cdictadura del proletariado\u201d, porque hab\u00eda que edificar un nuevo  poder, manej\u00e1ndose en la institucionalidad existente.<!--more--><\/p>\n<p style=\"text-align: justify;\">Sin embargo, s\u00f3lo se hab\u00eda logrado controlar el Ejecutivo, de modo que  no se contaba con el resto de la institucionalidad estatal.  Inevitablemente, desde el Legislativo, la mayor\u00eda opositora entorpeci\u00f3  al r\u00e9gimen; la funci\u00f3n Judicial, igual; el partidismo tradicional,  tambi\u00e9n. Las Fuerzas Armadas actuar\u00edan al final.<\/p>\n<p style=\"text-align: justify;\">Bajo los paradigmas marxistas de la \u00e9poca, Allende confiaba en las  estatizaciones. Pero, tras el primer a\u00f1o \u201cbueno\u201d, la econom\u00eda empez\u00f3 a  caer desde el segundo, afectando, en la vida cotidiana (inflaci\u00f3n,  escasez, mercado negro, etc.) los logros gubernamentales en materia  social (mejores salarios, salud, seguridad, educaci\u00f3n, etc.). Salvando  distancias, algo parecido a lo que oblig\u00f3 a Lenin a plantear la NEP  (nueva econom\u00eda pol\u00edtica o \u201ccapitalismo de Estado\u201d) para la URSS (1921).  Tampoco nadie pod\u00eda imaginar que el modelo estatista se derrumbar\u00eda,  a\u00f1os m\u00e1s tarde, con la misma URSS.<\/p>\n<p style=\"text-align: justify;\">La prensa privada libr\u00f3 la \u201clucha ideol\u00f3gica\u201d contra el socialismo  pac\u00edfico, con una campa\u00f1a diaria, dif\u00edcil de contrarrestar incluso con  prensa oficialista.<\/p>\n<p style=\"text-align: justify;\">La organizaci\u00f3n y la movilizaci\u00f3n populares se fortalecieron; pero  tambi\u00e9n saltaron a las calles los opositores y los \u201cmomios\u201d,  agudiz\u00e1ndose la polarizaci\u00f3n pol\u00edtica, que la ultraderecha incendiaba  como antesala de una guerra civil, solo atribuible al \u201ccomunismo\u201d en  marcha.<\/p>\n<p style=\"text-align: justify;\">A los sectores pol\u00edticos, empresariales y sociales unidos por la  confrontaci\u00f3n al r\u00e9gimen, se unieron las acciones desestabilizadoras de  la CIA, dispuestas por el gobierno de Richard Nixon. Es que, de  triunfar, la \u201cv\u00eda chilena al socialismo\u201d se convertir\u00eda en un \u201cmal  ejemplo\u201d para toda Am\u00e9rica Latina. Hab\u00eda que detenerla. Finalmente  intervinieron los militares.<\/p>\n<p style=\"text-align: justify;\">Con Pinochet se implant\u00f3 un Estado-terrorista in\u00e9dito en la historia  latinoamericana, al que siguieron otras dictaduras en el Cono Sur,  educadas en el anticomunismo enfermizo que gener\u00f3 la guerra fr\u00eda.<\/p>\n<p style=\"text-align: justify;\">Contaban, adem\u00e1s, con la teor\u00eda de la \u201cseguridad nacional\u201d, que  siempre crey\u00f3 que los \u201cenemigos internos\u201d ten\u00edan que ser necesariamente  los \u201ccomunistas\u201d, seres que, en esa visi\u00f3n, simplemente no ten\u00edan por  qu\u00e9 tener derechos humanos.<\/p>\n<p style=\"text-align: justify;\">&nbsp;<\/p>\n<\/div>\n<p>Fuente:<em> El tel\u00e9grafo &#8211; Primer Diario P\u00fablico<\/em><\/p>\n<div style=\"text-align: justify;\">Ecuador, lunes 16 de \u00a0septiembre de 2013<\/div>\n<div style=\"text-align: justify;\"><\/div>\n<div style=\"text-align: justify;\">\n<p><strong>Publicado por ADHILAC Internacional \u00a9 www.adhilac.com.ar<\/strong><\/p>\n<p>Si Ud. desea asociarse de acuerdo a los Estatutos de ADHILAC\u00a0<a title=\"(ver)\" href=\"https:\/\/adhilac.com.ar\/?page_id=263\">(ver)<\/a> complete el formulario correspondiente\u00a0<a title=\"(Ver)\" href=\"https:\/\/adhilac.com.ar\/?page_id=4779\" target=\"_blank\">(ver)<\/a><\/p>\n<p>E-mail:\u00a0<a title=\"info@adhilac.com.ar\" href=\"https:\/\/adhilac.com.ar\/info@adhilac.com.ar\" target=\"_blank\">info@adhilac.com.ar<\/a><strong> <\/strong><\/p>\n<p>Twitter: @AdhilacInfo<\/p>\n<\/div>\n","protected":false},"excerpt":{"rendered":"<p>Juan J. Paz y Mi\u00f1o Cepeda Respaldado por la Unidad Popular, el Presidente Salvador Allende se propuso construir en Chile el socialismo por v\u00eda pac\u00edfica. El desaf\u00edo te\u00f3rico cuestionaba la lucha armada, pero tambi\u00e9n la \u201cdictadura del proletariado\u201d, porque hab\u00eda que edificar un nuevo poder, manej\u00e1ndose en la institucionalidad existente.<\/p>\n","protected":false},"author":2,"featured_media":0,"comment_status":"closed","ping_status":"closed","sticky":false,"template":"","format":"standard","meta":{"_crdt_document":"","footnotes":""},"categories":[6],"tags":[77,128,460],"class_list":["post-8445","post","type-post","status-publish","format-standard","hentry","category-biblioteca","tag-chile","tag-golpe-de-estado","tag-salvador-allende"],"_links":{"self":[{"href":"https:\/\/adhilac.com.ar\/index.php?rest_route=\/wp\/v2\/posts\/8445","targetHints":{"allow":["GET"]}}],"collection":[{"href":"https:\/\/adhilac.com.ar\/index.php?rest_route=\/wp\/v2\/posts"}],"about":[{"href":"https:\/\/adhilac.com.ar\/index.php?rest_route=\/wp\/v2\/types\/post"}],"author":[{"embeddable":true,"href":"https:\/\/adhilac.com.ar\/index.php?rest_route=\/wp\/v2\/users\/2"}],"replies":[{"embeddable":true,"href":"https:\/\/adhilac.com.ar\/index.php?rest_route=%2Fwp%2Fv2%2Fcomments&post=8445"}],"version-history":[{"count":4,"href":"https:\/\/adhilac.com.ar\/index.php?rest_route=\/wp\/v2\/posts\/8445\/revisions"}],"predecessor-version":[{"id":8450,"href":"https:\/\/adhilac.com.ar\/index.php?rest_route=\/wp\/v2\/posts\/8445\/revisions\/8450"}],"wp:attachment":[{"href":"https:\/\/adhilac.com.ar\/index.php?rest_route=%2Fwp%2Fv2%2Fmedia&parent=8445"}],"wp:term":[{"taxonomy":"category","embeddable":true,"href":"https:\/\/adhilac.com.ar\/index.php?rest_route=%2Fwp%2Fv2%2Fcategories&post=8445"},{"taxonomy":"post_tag","embeddable":true,"href":"https:\/\/adhilac.com.ar\/index.php?rest_route=%2Fwp%2Fv2%2Ftags&post=8445"}],"curies":[{"name":"wp","href":"https:\/\/api.w.org\/{rel}","templated":true}]}}