{"id":8456,"date":"2013-09-22T14:02:41","date_gmt":"2013-09-22T17:02:41","guid":{"rendered":"https:\/\/adhilac.com.ar\/?p=8456"},"modified":"2013-09-24T14:08:32","modified_gmt":"2013-09-24T17:08:32","slug":"revista-archivos-de-historia-del-movimiento-obrero-y-la-izquierda-n%c2%ba-3-3","status":"publish","type":"post","link":"https:\/\/adhilac.com.ar\/?p=8456","title":{"rendered":"Archivos de historia del movimiento obrero y la izquierda N\u00ba 3"},"content":{"rendered":"<div>\n<div>\n<h3 style=\"text-align: justify;\"><a href=\"https:\/\/adhilac.com.ar\/wp-content\/uploads\/2013\/09\/Tapa-3-1.jpg\"><img loading=\"lazy\" decoding=\"async\" class=\"alignleft size-medium wp-image-8457\" title=\"Tapa 3 (1)\" src=\"https:\/\/adhilac.com.ar\/wp-content\/uploads\/2013\/09\/Tapa-3-1-206x300.jpg\" alt=\"\" width=\"206\" height=\"300\" srcset=\"https:\/\/adhilac.com.ar\/wp-content\/uploads\/2013\/09\/Tapa-3-1-206x300.jpg 206w, https:\/\/adhilac.com.ar\/wp-content\/uploads\/2013\/09\/Tapa-3-1-705x1024.jpg 705w, https:\/\/adhilac.com.ar\/wp-content\/uploads\/2013\/09\/Tapa-3-1.jpg 1831w\" sizes=\"auto, (max-width: 206px) 100vw, 206px\" \/><\/a><span style=\"color: #339966;\">Nuevo N\u00famero <\/span><\/h3>\n<div style=\"text-align: justify;\">Archivos                                de historia del movimiento obrero y la                                izquierda anuncia la aparici\u00f3n del\u00a0N\u00ba 3 de la revista en papel, que incluye un dossier sobre intelectuales  e izquierda en Argentina (con art\u00edculos sobre Dardo C\u00faneo, Milc\u00edades  Pe\u00f1a y Ernesto Laclau). El n\u00famero contiene tambi\u00e9n una reflexi\u00f3n de  Daniel James sobre los or\u00edgenes del peronismo y la tarea del  historiador, un \u00abPerfil\u00bb del historiador argentino Ricardo Falc\u00f3n y las  habituales secciones de art\u00edculos y rese\u00f1as.<\/div>\n<div style=\"text-align: justify;\"><\/div>\n<div style=\"text-align: justify;\"><\/div>\n<\/div>\n<div style=\"text-align: justify;\">\n<div>Archivos es una                                publicaci\u00f3n cient\u00edfica de historia social,                                pol\u00edtica, cultural e intelectual, que tiene como                                objetivo impulsar la investigaci\u00f3n, la revisi\u00f3n y                                la actualizaci\u00f3n del conocimiento sobre el                                movimiento obrero y la izquierda, tanto a nivel                                nacional como internacional.<\/div>\n<div><\/div>\n<div><\/div>\n<div>Es                                una publicaci\u00f3n semestral, con referato externo y                                an\u00f3nimo.<!--more--><\/div>\n<div><\/div>\n<div>Director:<\/div>\n<div>Hern\u00e1n                                Camarero<\/div>\n<div><\/div>\n<div>Comit\u00e9                                Editor:<\/div>\n<div>Alejandro Belkin, Hern\u00e1n Camarero,                                Laura Caruso, Natalia Casola, Diego Ceruso, Hern\u00e1n                                D\u00edaz, Daniel Gaido, Carlos Herrera, Leandro Molinaro, Antonio Oliva, Lucas Poy, Alicia Rojo, Claudia Santa Cruz, Ludmila Scheinkman, Paula Varela.<\/div>\n<\/div>\n<\/div>\n<div style=\"text-align: justify;\">\n<div><acronym title=\"International Standard Book Number\" lang=\"es\">ISSN<\/acronym>: 2313-9749<\/div>\n<div>\n<div>Web: <a href=\"http:\/\/www.archivosrevista.com.ar\/\" target=\"_blank\">www.archivosrevista.com.ar<\/a><\/div>\n<\/div>\n<\/div>\n<p style=\"text-align: justify;\"><strong>Publicado por ADHILAC Internacional \u00a9 www.adhilac.com.ar<\/strong><\/p>\n<p style=\"text-align: justify;\">Si Ud. desea asociarse de acuerdo a los Estatutos de ADHILAC\u00a0<a title=\"(ver)\" href=\"https:\/\/adhilac.com.ar\/?page_id=263\">(ver)<\/a> complete el formulario correspondiente\u00a0<a title=\"(Ver)\" href=\"https:\/\/adhilac.com.ar\/?page_id=4779\" target=\"_blank\">(ver)<\/a><\/p>\n<p style=\"text-align: justify;\">E-mail:\u00a0<a title=\"info@adhilac.com.ar\" href=\"https:\/\/adhilac.com.ar\/info@adhilac.com.ar\" target=\"_blank\">info@adhilac.com.ar<\/a><strong> <\/strong><\/p>\n<p>Twitter: @AdhilacInfo<\/p>\n<p>&nbsp;<\/p>\n","protected":false},"excerpt":{"rendered":"<p>Nuevo N\u00famero Archivos de historia del movimiento obrero y la izquierda anuncia la aparici\u00f3n del\u00a0N\u00ba 3 de la revista en papel, que incluye un dossier sobre intelectuales e izquierda en Argentina (con art\u00edculos sobre Dardo C\u00faneo, Milc\u00edades Pe\u00f1a y Ernesto Laclau). El n\u00famero contiene tambi\u00e9n una reflexi\u00f3n de Daniel James sobre los or\u00edgenes del peronismo [&hellip;]<\/p>\n","protected":false},"author":2,"featured_media":0,"comment_status":"closed","ping_status":"closed","sticky":false,"template":"","format":"standard","meta":{"_crdt_document":"","footnotes":""},"categories":[40,7],"tags":[372],"class_list":["post-8456","post","type-post","status-publish","format-standard","hentry","category-informaciones","category-publicac-info","tag-movimiento-obrero"],"_links":{"self":[{"href":"https:\/\/adhilac.com.ar\/index.php?rest_route=\/wp\/v2\/posts\/8456","targetHints":{"allow":["GET"]}}],"collection":[{"href":"https:\/\/adhilac.com.ar\/index.php?rest_route=\/wp\/v2\/posts"}],"about":[{"href":"https:\/\/adhilac.com.ar\/index.php?rest_route=\/wp\/v2\/types\/post"}],"author":[{"embeddable":true,"href":"https:\/\/adhilac.com.ar\/index.php?rest_route=\/wp\/v2\/users\/2"}],"replies":[{"embeddable":true,"href":"https:\/\/adhilac.com.ar\/index.php?rest_route=%2Fwp%2Fv2%2Fcomments&post=8456"}],"version-history":[{"count":9,"href":"https:\/\/adhilac.com.ar\/index.php?rest_route=\/wp\/v2\/posts\/8456\/revisions"}],"predecessor-version":[{"id":8466,"href":"https:\/\/adhilac.com.ar\/index.php?rest_route=\/wp\/v2\/posts\/8456\/revisions\/8466"}],"wp:attachment":[{"href":"https:\/\/adhilac.com.ar\/index.php?rest_route=%2Fwp%2Fv2%2Fmedia&parent=8456"}],"wp:term":[{"taxonomy":"category","embeddable":true,"href":"https:\/\/adhilac.com.ar\/index.php?rest_route=%2Fwp%2Fv2%2Fcategories&post=8456"},{"taxonomy":"post_tag","embeddable":true,"href":"https:\/\/adhilac.com.ar\/index.php?rest_route=%2Fwp%2Fv2%2Ftags&post=8456"}],"curies":[{"name":"wp","href":"https:\/\/api.w.org\/{rel}","templated":true}]}}