{"id":8580,"date":"2013-10-22T07:52:05","date_gmt":"2013-10-22T10:52:05","guid":{"rendered":"https:\/\/adhilac.com.ar\/?p=8580"},"modified":"2013-10-23T10:14:54","modified_gmt":"2013-10-23T13:14:54","slug":"el-presidente-honorario-de-adhilac-jorge-nunez-sanchez-director-de-la-academia-nacional-de-historia-de-ecuador-2","status":"publish","type":"post","link":"https:\/\/adhilac.com.ar\/?p=8580","title":{"rendered":"El Miembro de Honor de la ADHILAC, Jorge N\u00fa\u00f1ez S\u00e1nchez, Director de la Academia Nacional de Historia de Ecuador"},"content":{"rendered":"<h3><span style=\"color: #339966;\"><br \/>\n<a href=\"https:\/\/adhilac.com.ar\/wp-content\/uploads\/2013\/10\/Acto-de-posesi\u00f3n-ANH.jpg\"><img loading=\"lazy\" decoding=\"async\" class=\"alignleft size-full wp-image-8599\" title=\"Acto de posesi\u00f3n ANH\" src=\"https:\/\/adhilac.com.ar\/wp-content\/uploads\/2013\/10\/Acto-de-posesi\u00f3n-ANH.jpg\" alt=\"\" width=\"230\" height=\"130\" srcset=\"https:\/\/adhilac.com.ar\/wp-content\/uploads\/2013\/10\/Acto-de-posesi\u00f3n-ANH.jpg 640w, https:\/\/adhilac.com.ar\/wp-content\/uploads\/2013\/10\/Acto-de-posesi\u00f3n-ANH-300x168.jpg 300w\" sizes=\"auto, (max-width: 230px) 100vw, 230px\" \/><\/a>Saludamos al Dr. Jorge N\u00fa\u00f1ez S\u00e1nchez<\/span><\/h3>\n<p style=\"text-align: justify;\"><span style=\"font-size: 13px; line-height: 19px;\">Felicitamos al Dr. Jorge N\u00fa\u00f1ez S\u00e1nchez, Miembro de Honor de la Asociaci\u00f3n de Historiadores Latinoamericanos y del Caribe (ADHILAC Internacional) ex Presidente de la misma por haber sido nombrado Director de la Academia Nacional de Historia de Ecuador. Le deseamos la m\u00e1s prol\u00edfica de las gestiones.<\/span><\/p>\n<p style=\"text-align: justify;\"><!--more--><\/p>\n<p style=\"text-align: justify;\">&nbsp;<\/p>\n<p style=\"text-align: justify;\">A continuaci\u00f3n transcribimos la comunicaci\u00f3n que nos ha enviado dicha instituci\u00f3n.<\/p>\n<p style=\"text-align: justify;\"><span style=\"font-size: 13px; line-height: 19px;\">El doctor Jorge N\u00fa\u00f1ez S\u00e1nchez fue electo el d\u00eda de hoy como nuevo Director de la Academia Nacional de Historia, por la Junta General convocada para el efecto.<\/span><\/p>\n<p style=\"text-align: justify;\">Jorge N\u00fa\u00f1ez S\u00e1nchez fue candidatizado por el acad\u00e9mico numerario Dr. Franklin Barriga L\u00f3pez, mientras que Hern\u00e1n Rodr\u00edguez Castelo fue presentado como candidato por la acad\u00e9mica Marcia Stacey Chiriboga.<\/p>\n<p style=\"text-align: justify;\">Realizados los escrutinios, N\u00fa\u00f1ez obtuvo una mayor\u00eda absoluta de 15 votos sobre un total de 28 posibles, convirti\u00e9ndose as\u00ed en el sucesor del Dr. Juan Cordero I\u00f1iguez, quien ha dirigido la instituci\u00f3n por el lapso de cuatro a\u00f1os.<\/p>\n<p style=\"text-align: justify;\">Razones de fuerza mayor determinaron que no se eligieran a los dem\u00e1s dignatarios de la instituci\u00f3n, lo que se har\u00e1 en una nueva Junta Directiva convocada para el efecto.<\/p>\n<p style=\"text-align: justify;\">Un detalle a destacar es que N\u00fa\u00f1ez tuvo el apoyo de varios acad\u00e9micos de Guayaquil y Cuenca, adem\u00e1s de la mayor\u00eda de Miembros de N\u00famero residentes en Quito.<\/p>\n<p style=\"text-align: justify;\">Jorge N\u00fa\u00f1ez es un destacado historiador, autor de 67 libros de historia y ciencias humanas y coautor de otros 80. Por su labor ha recibido m\u00faltiples premios y condecoraciones, entre ellos el Premio Nacional de Cultura \u201cEugenio Espejo\u201d (2010).<\/p>\n<p style=\"text-align: justify;\"><em><a href=\"https:\/\/adhilac.com.ar\/wp-content\/uploads\/2013\/10\/Raf-JorNun-01.jpg\"><img loading=\"lazy\" decoding=\"async\" class=\"alignright size-full wp-image-8600\" title=\"Raf-JorNun-01\" src=\"https:\/\/adhilac.com.ar\/wp-content\/uploads\/2013\/10\/Raf-JorNun-01.jpg\" alt=\"\" width=\"340\" height=\"313\" srcset=\"https:\/\/adhilac.com.ar\/wp-content\/uploads\/2013\/10\/Raf-JorNun-01.jpg 340w, https:\/\/adhilac.com.ar\/wp-content\/uploads\/2013\/10\/Raf-JorNun-01-300x276.jpg 300w\" sizes=\"auto, (max-width: 340px) 100vw, 340px\" \/><\/a>Derecha:\u00a0Jorge N\u00fa\u00f1ez S\u00e1nchez recibe el Premio Nacional de Cultura \u201cEugenio Espejo\u201d del Presidente ecuatoriano Rafael Correa el\u00a0<em>Premio Nacional de Cultura \u201cEugenio Espejo\u201d 2010. Foto: Carolina Crisorio<\/em><\/em><\/p>\n<p style=\"text-align: justify;\">Es Presidente Honorario de la Asociaci\u00f3n de Historiadores Latinoamericanos y del Caribe (ADHILAC) y miembro de las Academias Nacionales de Historia de Ecuador, Colombia, Per\u00fa, Nicaragua, Paraguay y Cuba, y de la Real Academia Espa\u00f1ola de Historia.<\/p>\n<p style=\"text-align: justify;\">Entre sus \u00faltimas obras figuran:<\/p>\n<p style=\"text-align: justify; padding-left: 30px;\">\u201cEcuador en la Historia\u201d, Archivo General de la Naci\u00f3n, Santo Domingo R. D., 2011, 2012 y 2013.<\/p>\n<p style=\"text-align: justify; padding-left: 30px;\">\u201cLa configuraci\u00f3n militar en la gesta quite\u00f1a de la Independencia,1809\u20131812\u201d, IPM, Quito, 2012.<\/p>\n<p style=\"text-align: justify; padding-left: 30px;\">\u201cEcuador, de la Colonia a la Rep\u00fablica\u201d, Casa de Nuestra Am\u00e9rica \u2018Jos\u00e9 Mart\u00ed\u2019, Caracas, 2012.<\/p>\n<p style=\"text-align: justify; padding-left: 30px;\">\u201cLa deuda externa del Ecuador en el siglo XIX\u201d (Antol.), Ministerio Coord. de Pol\u00edtica Econ\u00f3mica, Quito, 2013.<\/p>\n<p style=\"text-align: justify; padding-left: 30px;\">\u201cJuan Bosch: Miradas sobre nuestra Am\u00e9rica\u201d, Ministerio de Cultura, Quito, 2013.<\/p>\n<p><strong>Publicado por ADHILAC Internacional \u00a9 www.adhilac.com.ar<\/strong><\/p>\n<p>Si Ud. desea asociarse de acuerdo a los Estatutos de ADHILAC\u00a0<a title=\"(ver)\" href=\"https:\/\/adhilac.com.ar\/?page_id=263\">(ver)<\/a> complete el formulario correspondiente\u00a0<a title=\"(Ver)\" href=\"https:\/\/adhilac.com.ar\/?page_id=4779\" target=\"_blank\">(ver)<\/a><\/p>\n<p>E-mail:\u00a0<a title=\"info@adhilac.com.ar\" href=\"https:\/\/adhilac.com.ar\/info@adhilac.com.ar\" target=\"_blank\">info@adhilac.com.ar<\/a><strong> <\/strong><\/p>\n<p>Twitter: @AdhilacInfo<\/p>\n<p style=\"text-align: justify;\">&nbsp;<\/p>\n","protected":false},"excerpt":{"rendered":"<p>Saludamos al Dr. Jorge N\u00fa\u00f1ez S\u00e1nchez Felicitamos al Dr. Jorge N\u00fa\u00f1ez S\u00e1nchez, Miembro de Honor de la Asociaci\u00f3n de Historiadores Latinoamericanos y del Caribe (ADHILAC Internacional) ex Presidente de la misma por haber sido nombrado Director de la Academia Nacional de Historia de Ecuador. Le deseamos la m\u00e1s prol\u00edfica de las gestiones.<\/p>\n","protected":false},"author":2,"featured_media":0,"comment_status":"closed","ping_status":"closed","sticky":false,"template":"","format":"standard","meta":{"_crdt_document":"","footnotes":""},"categories":[32,3,351,40],"tags":[27,874],"class_list":["post-8580","post","type-post","status-publish","format-standard","hentry","category-adhilac-ecuador","category-adhilac-inter","category-historiadores","category-informaciones","tag-ecuador","tag-historiadores"],"_links":{"self":[{"href":"https:\/\/adhilac.com.ar\/index.php?rest_route=\/wp\/v2\/posts\/8580","targetHints":{"allow":["GET"]}}],"collection":[{"href":"https:\/\/adhilac.com.ar\/index.php?rest_route=\/wp\/v2\/posts"}],"about":[{"href":"https:\/\/adhilac.com.ar\/index.php?rest_route=\/wp\/v2\/types\/post"}],"author":[{"embeddable":true,"href":"https:\/\/adhilac.com.ar\/index.php?rest_route=\/wp\/v2\/users\/2"}],"replies":[{"embeddable":true,"href":"https:\/\/adhilac.com.ar\/index.php?rest_route=%2Fwp%2Fv2%2Fcomments&post=8580"}],"version-history":[{"count":10,"href":"https:\/\/adhilac.com.ar\/index.php?rest_route=\/wp\/v2\/posts\/8580\/revisions"}],"predecessor-version":[{"id":8605,"href":"https:\/\/adhilac.com.ar\/index.php?rest_route=\/wp\/v2\/posts\/8580\/revisions\/8605"}],"wp:attachment":[{"href":"https:\/\/adhilac.com.ar\/index.php?rest_route=%2Fwp%2Fv2%2Fmedia&parent=8580"}],"wp:term":[{"taxonomy":"category","embeddable":true,"href":"https:\/\/adhilac.com.ar\/index.php?rest_route=%2Fwp%2Fv2%2Fcategories&post=8580"},{"taxonomy":"post_tag","embeddable":true,"href":"https:\/\/adhilac.com.ar\/index.php?rest_route=%2Fwp%2Fv2%2Ftags&post=8580"}],"curies":[{"name":"wp","href":"https:\/\/api.w.org\/{rel}","templated":true}]}}