{"id":8628,"date":"2013-10-26T13:43:24","date_gmt":"2013-10-26T16:43:24","guid":{"rendered":"https:\/\/adhilac.com.ar\/?p=8628"},"modified":"2013-10-28T18:12:19","modified_gmt":"2013-10-28T21:12:19","slug":"iii-congreso-de-pensamiento-politico-latinoamericano-univ-popular-de-madres-de-plaza-de-mayo-buenos-aires-argentina-1%c2%ba-y-2%c2%ba-de-noviembre-de-2013","status":"publish","type":"post","link":"https:\/\/adhilac.com.ar\/?p=8628","title":{"rendered":"III Congreso de Pensamiento Pol\u00edtico Latinoamericano. Univ Popular de Madres de Plaza de Mayo. Buenos Aires. Argentina. 1\u00ba y 2\u00ba de noviembre de 2013"},"content":{"rendered":"<h3 style=\"text-align: justify;\"><span style=\"color: #339966;\"><strong style=\"font-size: 13px; line-height: 19px;\"><a href=\"https:\/\/adhilac.com.ar\/wp-content\/uploads\/2013\/10\/UPMPM.png\"><img loading=\"lazy\" decoding=\"async\" class=\"size-full wp-image-8635 alignleft\" title=\"UPMPM\" src=\"https:\/\/adhilac.com.ar\/wp-content\/uploads\/2013\/10\/UPMPM.png\" alt=\"\" width=\"100\" height=\"103\" \/><\/a><a href=\"https:\/\/adhilac.com.ar\/wp-content\/uploads\/2013\/10\/CIPPLA.jpg\"><img loading=\"lazy\" decoding=\"async\" class=\"alignright size-full wp-image-8634\" title=\"CIPPLA\" src=\"https:\/\/adhilac.com.ar\/wp-content\/uploads\/2013\/10\/CIPPLA.jpg\" alt=\"\" width=\"161\" height=\"82\" \/><\/a>Universidad Popular Madres de Plaza de Mayo<\/strong><\/span><\/h3>\n<p style=\"text-align: justify;\">CIPPLA &#8211; Centro de Investigaciones en Pensamiento Pol\u00edtico Laitnoamericano<\/p>\n<p style=\"text-align: justify;\">Construcci\u00f3n colectiva del conocimiento y la liberaci\u00f3n<\/p>\n<p style=\"text-align: justify;\">Hip\u00f3lito Yrigoyen 1584. Ciudad Aut\u00f3noma de Buenos Aires<!--more--><\/p>\n<p style=\"text-align: justify;\">Autorizada provisoriamente por DECRETO del PODER EJECUTIVO NACIONAL N\u00b0 751\/2010, conforme a lo establecido en el art\u00edculo 64\u00ba inciso c) de la Ley N\u00b0 24.521<\/p>\n<p style=\"text-align: justify;\">&nbsp;<\/p>\n<p style=\"text-align: justify;\"><strong>Viernes 1 de Noviembre<\/strong><\/p>\n<p style=\"text-align: justify;\">&nbsp;<\/p>\n<p style=\"text-align: justify;\"><strong>9:00: <\/strong>Acreditaci\u00f3n<\/p>\n<p style=\"text-align: justify;\">&nbsp;<\/p>\n<p style=\"text-align: justify;\"><strong>9:3<\/strong><strong>0 a 11:00<\/strong><\/p>\n<p style=\"text-align: justify;\"><strong>Aula 10 <\/strong>\u2013 Mesa: Estado, gubernamentalidad, biopol\u00edtica.<\/p>\n<p style=\"text-align: justify;\">&nbsp;<\/p>\n<p style=\"text-align: justify;\">&#8211;\u00a0\u00a0\u00a0\u00a0\u00a0\u00a0\u00a0\u00a0\u00a0\u00a0 Arthur Mattos &#8211; \u00a0<em>Neoliberalismo e Desenvolvimentismo \u00a0sob a \u00f3tica da biopol\u00edtica e governamentalidade: \u00a0o caso da cidade do Rio de Janeiro no periodo 2008-2013<\/em><\/p>\n<p style=\"text-align: justify;\">&#8211;\u00a0\u00a0\u00a0\u00a0\u00a0\u00a0\u00a0\u00a0\u00a0\u00a0 Marcelo \u00c1lvares de Lima Depieri &#8211; \u00a0<em>Estado de exce\u00e7\u00e3o no brasil: da ditadura militar \u00e0 democracia neoliberal<\/em><\/p>\n<p style=\"text-align: justify;\">&#8211;\u00a0\u00a0\u00a0\u00a0\u00a0\u00a0\u00a0\u00a0\u00a0\u00a0 Igor Ben\u00edcio; Eduardo Fernandes; Hugo Belarmino De Morais; Eduardo Soares Bonfim &#8211; <em>O Brasil e seus Problemas<\/em><\/p>\n<p style=\"text-align: justify;\"><em>(institucionais): transi\u00e7\u00f5es, regionalismo, seguran\u00e7a p\u00fablica e Democracia<\/em><\/p>\n<p style=\"text-align: justify;\">&#8211;\u00a0\u00a0\u00a0\u00a0\u00a0\u00a0\u00a0\u00a0\u00a0\u00a0 Adalberto Oliveira da Silva; Marcelo \u00c1lvares De Lima Depieri &#8211;\u00a0 \u00a0<em>Avan\u00e7os sem ruptura: o Estado brasileiro sob a emerg\u00eancia do governo petista<\/em><\/p>\n<p style=\"text-align: justify;\">&nbsp;<\/p>\n<p style=\"text-align: justify;\">Coordinaci\u00f3n: Adri\u00e1n Dubinsky<\/p>\n<p style=\"text-align: justify;\"><strong>Aula 4 <\/strong>\u2013 Grupo de Discusi\u00f3n: Derechos Humanos y Pol\u00edticas P\u00fablicas<\/p>\n<p style=\"text-align: justify;\">&nbsp;<\/p>\n<p style=\"text-align: justify;\">Anna \u00a0Beatriz \u00a0Tostes \u00a0Linhares; \u00a0Patr\u00edcia \u00a0V. \u00a0L. \u00a0Andrade \u00a0Nunes \u00a0&#8211; <em>A \u00a0conviv\u00eancia \u00a0familiar \u00a0e \u00a0a \u00a0\u201cnova \u00a0paternidade\u201dpensadas a partir das a\u00e7\u00f5es judiciais de guarda e regulamenta\u00e7\u00e3o de visitas<\/em><\/p>\n<p style=\"text-align: justify;\">Ma. Izabel Valen\u00e7a Barros; Nivia Valen\u00e7a Barros &#8211; \u00a0<em>Refletindo sobre os novos aspectos legais da ado\u00e7\u00e3o no brasil<\/em>.<\/p>\n<p style=\"text-align: justify;\">Bruna \u00a0Regina \u00a0dos \u00a0Santos \u00a0Gomes \u00a0Oliveira; \u00a0Luiza \u00a0Buzgaib \u00a0Martins; \u00a0Amanda \u00a0Fernandes; \u00a0Esthefanie \u00a0Ramos \u00a0&#8211;<\/p>\n<p style=\"text-align: justify;\"><em>Neglig\u00eancia e pobreza<\/em><\/p>\n<p style=\"text-align: justify;\">Luanda Guerra; Gabriela Mendes; Nivia Valen\u00e7a Barros; Elaine Freire Ananias Machado &#8211; <em>O estatuto da crian\u00e7a e do adolescente \u2013 ECA e a polit\u00edca nacional de prote\u00e7\u00e3o integral \u00a0aos direitos da inf\u00e2ncia e adolescencia no brasil<\/em><\/p>\n<p style=\"text-align: justify;\">&#8211; Jacques \u00a0Sochaczewski; \u00a0Fatima \u00a0De Oliveira \u00a0Souza \u00a0&#8211;\u00a0 \u00a0<em>Direitos \u00a0humanos \u00a0na formula\u00e7\u00e3o \u00a0e avalia\u00e7\u00e3o \u00a0de pol\u00edticas p\u00fablicas<\/em><\/p>\n<p style=\"text-align: justify;\">Coordinaci\u00f3n: Ricardo Aguirre<\/p>\n<p style=\"text-align: justify;\">&nbsp;<\/p>\n<p style=\"text-align: justify;\"><strong>Aula 5 \u2013 <\/strong>Charla abierta en el marco del Seminario de Grado \u201c\u00bfFilosof\u00eda Latinoamericana? Aproximaciones (\u2026)\u201d- FFyL &#8211; UBA<\/p>\n<p style=\"text-align: justify;\"><em>Filosof\u00eda nuestramericana y pensamiento intercultural: genealog\u00eda, problemas y proyecciones<\/em><\/p>\n<p style=\"text-align: justify;\"><strong>Expone: <\/strong>Dina Picotti<\/p>\n<p style=\"text-align: justify;\">&nbsp;<\/p>\n<p style=\"text-align: justify;\"><strong>Coordinaci\u00f3n: <\/strong>Mart\u00edn Forciniti; Ezequiel Pinacchio<\/p>\n<p style=\"text-align: justify;\">&nbsp;<\/p>\n<p style=\"text-align: justify;\">&nbsp;<\/p>\n<p style=\"text-align: justify;\"><strong>Aula 11 <\/strong>\u2013 Mesa: Educaci\u00f3n, \u00e9tica y procesos de subjetivaci\u00f3n en Latinoam\u00e9rica<\/p>\n<p style=\"text-align: justify;\">&nbsp;<\/p>\n<p style=\"text-align: justify;\">&#8211; Graciela Cohen &#8211; \u00a0<em>Kusch y Mart\u00ed para pensar nuestras pr\u00e1cticas educativas<\/em><\/p>\n<p style=\"text-align: justify;\">&#8211; Amelia Leonor Gallastegui &#8211; \u00a0<em>Educaci\u00f3n y Pol\u00edtica: \u00abHacia un paradigma con color local\u00bb<\/em><\/p>\n<p style=\"text-align: justify;\">&#8211; Aline Cristina Hilarioni &#8211; \u00a0<em>Um exame da no\u00e7\u00e3o de discernimento no pensamento pol\u00edtico de Hannah Arendt<\/em><\/p>\n<p style=\"text-align: justify;\">&#8211; <em>Delgado \u00a0de la Rosa, \u00a0Juan \u00a0Antonio \u00a0&#8211; \u201cCristianismo \u00a0y sociedad\u201d: \u00a0una\u00a0 mirada \u00a0dusseliana \u00a0sobre \u00a0la relaci\u00f3n \u00a0entre cristianismo y marxismo<\/em><\/p>\n<p style=\"text-align: justify;\">&nbsp;<\/p>\n<p style=\"text-align: justify;\">Coordinaci\u00f3n: Carolina Wajnerman<\/p>\n<p style=\"text-align: justify;\">&nbsp;<\/p>\n<p style=\"text-align: justify;\"><strong>11:30 a 13:00<\/strong><\/p>\n<p style=\"text-align: justify;\">&nbsp;<\/p>\n<p style=\"text-align: justify;\"><strong>Auditorio Juana Azurduy <\/strong>\u2013 Panel 1: Nuestra Am\u00e9rica digna, libre y justa: potencias y derivas del pensamiento emancipado<\/p>\n<p style=\"text-align: justify;\">&nbsp;<\/p>\n<p style=\"text-align: justify;\">&#8211; <strong>Alejandro de Oto <\/strong>(CONICET \/ INCIHUSA \/ CCT Mendoza &#8211; Argentina)<\/p>\n<p style=\"text-align: justify;\">&#8211; <strong>Alejandro Rosillo Mart\u00ednez <\/strong>(Universidad Aut\u00f3noma de San Luis Potos\u00ed -M\u00e9xico)<\/p>\n<p style=\"text-align: justify;\">&#8211; <strong>Cristina Reigadas <\/strong>(ICALA \/ UNRC &#8211; Argentina)<\/p>\n<p style=\"text-align: justify;\">&#8211; <strong>Mart\u00edn Forciniti <\/strong>(UPMPM \/ CIPPLA)<\/p>\n<p style=\"text-align: justify;\">&nbsp;<\/p>\n<p style=\"text-align: justify;\">Coordinaci\u00f3n: Ezequiel Pinacchio (UPMPM \/ CIPPLA)<\/p>\n<p style=\"text-align: justify;\">&nbsp;<\/p>\n<p style=\"text-align: justify;\"><strong>13:00 a 14:00 Receso<\/strong><\/p>\n<p style=\"text-align: justify;\"><strong>1<\/strong><strong>4<\/strong><strong>:00 a 15:30<\/strong><\/p>\n<p style=\"text-align: justify;\"><strong>Aula 4 <\/strong>\u2013 Grupo de Discusi\u00f3n: G\u00e9nero, violencia y Derechos Humanos<\/p>\n<p style=\"text-align: justify;\">&#8211; Renata Gomes \u00a0da Silva; Belmira \u00a0F\u00e9lix De Oliveira \u00a0Rodrigues; \u00a0B\u00e1rbara \u00a0Cristina \u00a0De Jesus Lima; Sheila \u00a0Barbosa<\/p>\n<p style=\"text-align: justify;\">Pontes; Silv\u00e2nia Galvao \u00a0&#8211; <em>Microviol\u00eancias e direitos humanos<\/em><\/p>\n<p style=\"text-align: justify;\">&#8211; Vilma Silva &#8211; \u00a0<em>A quest\u00e3o do feminismo frente aos desafios da globaliza\u00e7\u00e3o e dos direitos humanos no sec. XXI<\/em><\/p>\n<p style=\"text-align: justify;\">&#8211; Mar\u00eda Daniela Gullo &#8211; \u00a0<em>G\u00e9nero, derecho y justicia<\/em><\/p>\n<p style=\"text-align: justify;\">&#8211; Carina Pereira Silva; \u00a0Rita De Cassia\u00a0 Dos Santos Freitas;\u00a0 Lia Canejo Diniz Barros\u00a0 &#8211; <em>Pol\u00edticas sociais \u00a0e directos. Dando voz \u00e0s mulheres benefici\u00e1rias do Programa Bolsa Fam\u00edlia<\/em><\/p>\n<p style=\"text-align: justify;\">&#8211; Patricia Siqueira;\u00a0 \u00a0Rita De Cassia Dos Santos Freitas &#8211; <em>Fam\u00edlias e a busca por prote\u00e7\u00e3o: estudo de caso apartir de processos judiciais de interdi\u00e7\u00e3o<\/em><\/p>\n<p style=\"text-align: justify;\">&nbsp;<\/p>\n<p style=\"text-align: justify;\">Coordinaci\u00f3n: Daniel Rouco<\/p>\n<p style=\"text-align: justify;\"><strong>Aula 5 <\/strong>\u2013 Grupo de Discusi\u00f3n: \u00a0Activismo, movimientos sociales y constituci\u00f3n de subjetividades pol\u00edticas<\/p>\n<p style=\"text-align: justify;\">&nbsp;<\/p>\n<p style=\"text-align: justify;\">&#8211; H\u00e9ctor \u00a0R\u00edos \u00a0&#8211; \u00a0<em>\u00bfPragmatismo, \u00a0utop\u00eda \u00a0o\u00a0 \u00a0ingenuidad? \u00a0Contradicciones \u00a0y \u00a0proyecciones \u00a0pol\u00edticas \u00a0del \u00a0movimiento estudiantil chileno a dos a\u00f1os del 2011<\/em><\/p>\n<p style=\"text-align: justify;\">&#8211; Andr\u00e9 Queiroz; \u00a0Arthur Moura &#8211; \u00a0<em>Las jornadas de junio en Brasil &#8211; una respuesta al intolerable<\/em><\/p>\n<p style=\"text-align: justify;\">&#8211; Isabela Sarmet &#8211; \u00a0<em>Transgress\u00e3o, ativismo e movimentos sociais<\/em><\/p>\n<p style=\"text-align: justify;\">&#8211; M. Paula Morel &#8211; \u00a0<em>La constituci\u00f3n de subjetividad(es) pol\u00edtica(s) en la interpelaci\u00f3n estatal en el proceso de sanci\u00f3n de la LSCA<\/em><\/p>\n<p style=\"text-align: justify;\">&nbsp;<\/p>\n<p style=\"text-align: justify;\">Coordinaci\u00f3n: Pablo Gularte<\/p>\n<p style=\"text-align: justify;\">&nbsp;<\/p>\n<p style=\"text-align: justify;\"><strong>Aula 10 \u2013 Mesa: <\/strong>Pensamiento Latinoamericano, una proyecci\u00f3n actual<\/p>\n<p style=\"text-align: justify;\">&nbsp;<\/p>\n<p style=\"text-align: justify;\">&#8211; Lic. Yolanda Machado &#8211; <em>\u00abNi de Rousseau ni de Washington viene nuestra Am\u00e9rica, sino de s\u00ed misma\u00bb. Una mirada sobre la actualidad del pensamiento de Jos\u00e9 Mart\u00ed<\/em><\/p>\n<p style=\"text-align: justify;\">&#8211;\u00a0\u00a0\u00a0\u00a0\u00a0\u00a0\u00a0\u00a0\u00a0\u00a0 Dr. Pablo Celi &#8211; <em>Eloy Alfaro y el pensamiento libertario latinoamericano<\/em><\/p>\n<p style=\"text-align: justify;\">&#8211;\u00a0\u00a0\u00a0\u00a0\u00a0\u00a0\u00a0\u00a0\u00a0\u00a0 Dr. Juan Romero\u00a0 &#8211; <em>El pensamiento \u00a0geopol\u00edtico \u00a0de Hugo Ch\u00e1vez: su trascendencia \u00a0para Nuestra Am\u00e9rica (1998-<\/em><\/p>\n<p style=\"text-align: justify;\"><em>2012)<\/em><\/p>\n<p style=\"text-align: justify;\">&nbsp;<\/p>\n<p style=\"text-align: justify;\">Coordinaci\u00f3n: Yolanda Machado<\/p>\n<p style=\"text-align: justify;\">&nbsp;<\/p>\n<p style=\"text-align: justify;\"><strong>Aula 8 \u2013 <\/strong>Presentaci\u00f3n del libro <em>La filosof\u00eda y el arte como interpelaci\u00f3n a la pol\u00edtica<\/em><\/p>\n<p style=\"text-align: justify;\">Gallastegui, Amelia Leonor; \u00a0<em>La filosof\u00eda y el arte como interpelaci\u00f3n a la pol\u00edtica<\/em>. Dunken. 2013. Olavarr\u00eda; Pcia. De Bs. As. Presentaci\u00f3n a cargo de Amelia Leonor Gallastegui<\/p>\n<p style=\"text-align: justify;\"><strong>Aula 11 <\/strong>\u2013 Mesa: Derechos humanos y descolonizaci\u00f3n: lo \u201cind\u00edgena\u201d como desarticulaci\u00f3n normativa y cultural<\/p>\n<p style=\"text-align: justify;\">&#8211; Sebasti\u00e1n Levalle &#8211; <em>El pensamiento \u00a0latinoamericano \u00a0puesto en pr\u00e1ctica: descolonizaci\u00f3n \u00a0y construcci\u00f3n \u00a0dial\u00f3gica del\u00a0 \u00a0conocimiento\u00a0 \u00a0en\u00a0 \u00a0las\u00a0 \u00a0experiencias\u00a0 \u00a0pedag\u00f3gico-investigativas\u00a0\u00a0 del\u00a0 \u00a0Centro\u00a0 \u00a0Ind\u00edgena\u00a0 \u00a0de\u00a0 \u00a0Investigaciones Interculturales de Tierradentro de Colombia<\/em><\/p>\n<p style=\"text-align: justify;\">&#8211; Rosely \u00a0Aparecida \u00a0Stefanes \u00a0Pacheco \u00a0&#8211;\u00a0 \u00a0<em>Crian\u00e7as \u00a0ind\u00edgenas \u00a0guarani \u00a0kaiow\u00e1 \u00a0e a viola\u00e7\u00e3o \u00a0de seus direitos: \u00a0uma an\u00e1lise sobre o instituto da ado\u00e7\u00e3o no estado de mato grosso do sul-brasil<\/em><\/p>\n<p style=\"text-align: justify;\">&#8211;\u00a0\u00a0\u00a0\u00a0\u00a0\u00a0\u00a0\u00a0\u00a0\u00a0 Juan Jos\u00e9 Carrillo Nieto &#8211; \u00a0<em>Los derechos de los pueblos ind\u00edgenas en el nuevo constitucionalismo latinoamericano y el Convenio 169 de la OIT<\/em><\/p>\n<p style=\"text-align: justify;\">&nbsp;<\/p>\n<p style=\"text-align: justify;\">Coordinaci\u00f3n: Nicol\u00e1s Pagura<\/p>\n<p style=\"text-align: justify;\">&nbsp;<\/p>\n<p style=\"text-align: justify;\">&nbsp;<\/p>\n<p style=\"text-align: justify;\"><strong>16:00 a 17:30<\/strong><\/p>\n<p style=\"text-align: justify;\">&nbsp;<\/p>\n<p style=\"text-align: justify;\"><strong>Aula 5 <\/strong>\u2013 Panel Abierto: \u00abSobre colectivos femeninos\/feministas: \u00a0activismos en discusi\u00f3n\u00bb<\/p>\n<p style=\"text-align: justify;\">&nbsp;<\/p>\n<p style=\"text-align: justify;\">&#8211; Mar\u00eda Marta Quintana (IDyPCa \/ CONICET \/ UNRN \/ CIPPLA \u2013 UPMPM) &#8211; <em>Sujeciones discursivas\/desplazamientos ret\u00f3ricos: emergencia (y agencia) de Abuelas de Plaza de Mayo entre el parentesco y Estado<\/em><\/p>\n<p style=\"text-align: justify;\">&#8211;\u00a0\u00a0\u00a0\u00a0\u00a0\u00a0\u00a0\u00a0\u00a0\u00a0 Eleonora Vanesa Gonz\u00e1lez (UBA) &#8211; <em>Madres<\/em><\/p>\n<p style=\"text-align: justify;\">&#8211;\u00a0\u00a0\u00a0\u00a0\u00a0\u00a0\u00a0\u00a0\u00a0\u00a0 Virginia Morales (CONICET \/ UCC) \u2013 <em>\u201cAparici\u00f3n con Vida\u201d: lucha, resistencia y transici\u00f3n<\/em><\/p>\n<p style=\"text-align: justify;\">&nbsp;<\/p>\n<p style=\"text-align: justify;\">Coordinadoras \/ Comentadoras: Dra. Mercedes Barros; Dra. Natalia Mart\u00ednez Prado<\/p>\n<p style=\"text-align: justify;\"><strong>Aula 4 <\/strong>\u2013 Grupo de Discusi\u00f3n: Pedagog\u00edas cr\u00edticas latinoamericanas<\/p>\n<p style=\"text-align: justify;\">&nbsp;<\/p>\n<p style=\"text-align: justify;\">&#8211;\u00a0\u00a0\u00a0\u00a0\u00a0\u00a0\u00a0\u00a0\u00a0\u00a0 Rachel Aguiar Estevam do Carmo &#8211; \u00a0<em>Teor\u00eda cr\u00edtica no Brasil e a l\u00f3gica docentista<\/em><\/p>\n<p style=\"text-align: justify;\">&#8211;\u00a0\u00a0\u00a0\u00a0\u00a0\u00a0\u00a0\u00a0\u00a0\u00a0 Mar\u00eda del Carmen Romano &#8211; <em>Educaci\u00f3n Popular y Pedagog\u00eda Cr\u00edtica<\/em><\/p>\n<p style=\"text-align: justify;\">&#8211;\u00a0\u00a0\u00a0\u00a0\u00a0\u00a0\u00a0\u00a0\u00a0\u00a0 Damasceno Renan &#8211; <em>A pregui\u00e7a e a covardia s\u00e3o motivos pelos quais o homem continua a necessitar de mentores<\/em><\/p>\n<p style=\"text-align: justify;\">&nbsp;<\/p>\n<p style=\"text-align: justify;\">Coordinaci\u00f3n: Germ\u00e1n Ib\u00e1\u00f1ez<\/p>\n<p style=\"text-align: justify;\">&nbsp;<\/p>\n<p style=\"text-align: justify;\">&nbsp;<\/p>\n<p style=\"text-align: justify;\"><strong>Aula 10 <\/strong>\u2013 Mesa: Estado, Naci\u00f3n, derechos y \u201cotredad\u201d<\/p>\n<p style=\"text-align: justify;\">&nbsp;<\/p>\n<p style=\"text-align: justify;\">&#8211;\u00a0\u00a0\u00a0\u00a0\u00a0\u00a0\u00a0\u00a0\u00a0\u00a0 Martha Isabel Bayona G\u00f3mez; Leonel Marcos Cruz Ladino &#8211; <em>\u00bfCu\u00e1les son los alcances de las reivindicaciones por la memoria, en la caracterizaci\u00f3n del \u201cotro\u201d como sujeto de derechos?<\/em><\/p>\n<p style=\"text-align: justify;\">&#8211;\u00a0\u00a0\u00a0\u00a0\u00a0\u00a0\u00a0\u00a0\u00a0\u00a0 Gonzalo \u00a0Ib\u00e1\u00f1ez Mestres \u00a0&#8211;\u00a0 \u00a0<em>Derechos \u00a0sociales \u00a0y reg\u00edmenes \u00a0de protecci\u00f3n \u00a0social en Am\u00e9rica \u00a0Latina: un an\u00e1lisis preliminar de los casos de Argentina, Chile y Uruguay<\/em><\/p>\n<p style=\"text-align: justify;\">&#8211;\u00a0\u00a0\u00a0\u00a0\u00a0\u00a0\u00a0\u00a0\u00a0\u00a0 F\u00e1tima de Oliveira Souza; Jacques Sochaczewski; \u00a0Ariane Rego Paiva &#8211; \u00a0<em>Alguns apontamentos \u00a0do debate te\u00f3rico sobre democracia, \u00a0participa\u00e7\u00e3o \u00a0e desigualdades \u00a0sociais: \u00a0que tend\u00eancias \u00a0se colocam \u00a0para as rela\u00e7\u00f5es \u00a0Estado- sociedade no Brasil contempor\u00e2neo?<\/em><\/p>\n<p style=\"text-align: justify;\">&#8211;\u00a0\u00a0\u00a0\u00a0\u00a0\u00a0\u00a0\u00a0\u00a0\u00a0 Daniel \u00a0Ghiraldo &#8211; <em>La violencia institucional y su correlato con la realidad: una mirada interdisciplinaria<\/em><\/p>\n<p style=\"text-align: justify;\">&nbsp;<\/p>\n<p style=\"text-align: justify;\">Coordinaci\u00f3n: Ezequiel Miyashiro<\/p>\n<p style=\"text-align: justify;\">&nbsp;<\/p>\n<p style=\"text-align: justify;\"><strong>Aula 11 <\/strong>\u2013 Mesa: Una mirada biopol\u00edtica sobre los procesos estatales de subjetivaci\u00f3n<\/p>\n<p style=\"text-align: justify;\">&nbsp;<\/p>\n<p style=\"text-align: justify;\">&#8211;\u00a0\u00a0\u00a0\u00a0\u00a0\u00a0\u00a0\u00a0\u00a0\u00a0 Santiago Patarroyo Rengifo &#8211; \u00a0<em>El neoliberalismo y la producci\u00f3n de s\u00ed en Michel Foucault<\/em><\/p>\n<p style=\"text-align: justify;\">&#8211;\u00a0\u00a0\u00a0\u00a0\u00a0\u00a0\u00a0\u00a0\u00a0\u00a0 Arthur Mattos; Tatiana Wargas De Faria Baptista; Camila Borges; Monica De Rezende; Jos\u00e9 Roberto Franco Reis \u00a0&#8211;<\/p>\n<p style=\"text-align: justify;\"><em>Possibilidades de articula\u00e7\u00e3o do discurso do campo da sa\u00fade com o pensamento pol\u00edtico e social brasileiro<\/em><\/p>\n<p style=\"text-align: justify;\">&#8211;\u00a0\u00a0\u00a0\u00a0\u00a0\u00a0\u00a0\u00a0\u00a0\u00a0 Luz Mery Hern\u00e1ndez Molina; Nelly Hern\u00e1ndez Molina &#8211; \u00a0<em>Educaci\u00f3n, enfermer\u00eda, biopol\u00edtica<\/em><\/p>\n<p style=\"text-align: justify;\">&#8211;\u00a0\u00a0\u00a0\u00a0\u00a0\u00a0\u00a0\u00a0\u00a0\u00a0 Nelly Hern\u00e1ndez\u00a0 Molina;\u00a0 \u00a0Luz Mery Hern\u00e0ndez \u00a0Molina &#8211;\u00a0 \u00a0<em>Educaci\u00f3n m\u00e9dica, gubernamentalidad \u00a0y subjetivaci\u00f3n.<\/em><\/p>\n<p style=\"text-align: justify;\"><em>Devenir de la relaci\u00f3n medico enfermo en Colombia (1992-2013)<\/em><\/p>\n<p style=\"text-align: justify;\">&nbsp;<\/p>\n<p style=\"text-align: justify;\">Coordinaci\u00f3n: Nicol\u00e1s Pagura<\/p>\n<p style=\"text-align: justify;\">&nbsp;<\/p>\n<p style=\"text-align: justify;\"><strong>Aula 8 <\/strong>\u2013 Mesa: Medioambiente y desarrollo, tensiones y problemas<\/p>\n<p style=\"text-align: justify;\">&nbsp;<\/p>\n<p style=\"text-align: justify;\">&#8211;\u00a0\u00a0\u00a0\u00a0\u00a0\u00a0\u00a0\u00a0\u00a0\u00a0 Marcia Silva; Monica Alencar &#8211; \u00a0<em>A responsabilidade \u00a0socio-ambiental \u00a0da Petrobras em Maca\u00e9 e o desenvolvimento local: media\u00e7\u00f5es aos imperativos economicos do sistema<\/em><\/p>\n<p style=\"text-align: justify;\">&#8211;\u00a0\u00a0\u00a0\u00a0\u00a0\u00a0\u00a0\u00a0\u00a0\u00a0 Pollyana Lopes Dutra &#8211;\u00a0 \u00a0<em>O desenvolvimento \u00a0urbano brasileiro \u00a0e a pol\u00edtica p\u00fablica de habita\u00e7\u00e3o: \u00a0A realidade \u00a0de<\/em><\/p>\n<p style=\"text-align: justify;\"><em>Campos dos Goytacazes<\/em><\/p>\n<p style=\"text-align: justify;\">&#8211;\u00a0\u00a0\u00a0\u00a0\u00a0\u00a0\u00a0\u00a0\u00a0\u00a0 Braulio Morales; Lorenzo Reyes Reyes, Msc: Manuel Del Valle Sanchez &#8211; <em>Proyecto hidroel\u00e9ctrico \u00a0de zona sur de<\/em><\/p>\n<p style=\"text-align: justify;\"><em>Costa Rica y los pueblos ind\u00edgenas de la regi\u00f3n Brunka<\/em><\/p>\n<p style=\"text-align: justify;\">&#8211;\u00a0\u00a0\u00a0\u00a0\u00a0\u00a0\u00a0\u00a0\u00a0\u00a0 Virginia Noem\u00ed Alonso &#8211; \u00a0<em>El entramado vitivin\u00edcola de la zona este del departamento de Maip\u00fa en el contexto de la globalizaci\u00f3n<\/em><\/p>\n<p style=\"text-align: justify;\">Coordinaci\u00f3n: Ana Rosado<\/p>\n<p style=\"text-align: justify;\">&nbsp;<\/p>\n<p style=\"text-align: justify;\">&nbsp;<\/p>\n<p style=\"text-align: justify;\"><strong>18:00 a 19:30<\/strong><\/p>\n<p style=\"text-align: justify;\">&nbsp;<\/p>\n<p style=\"text-align: justify;\">&nbsp;<\/p>\n<p style=\"text-align: justify;\"><strong>Aula 5 <\/strong>\u2013 Grupo de Discusi\u00f3n: Psicodrama<\/p>\n<p style=\"text-align: justify;\">&nbsp;<\/p>\n<p style=\"text-align: justify;\">Carrera de Psicodrama Universidad Popular Madres de Plaza de Mayo.<\/p>\n<p style=\"text-align: justify;\">&nbsp;<\/p>\n<p style=\"text-align: justify;\">Lectura de texto y trabajo psicodram\u00e1tico con todos los participantes del encuentro, improvisando las escenas surgidas como efecto de la resonancia que les ha provocado la \u00a0lectura del cuento. Reflexi\u00f3n posterior.<\/p>\n<p style=\"text-align: justify;\">&nbsp;<\/p>\n<p style=\"text-align: justify;\">Coordinaci\u00f3n:\u00a0 \u00a0Ana Mar\u00eda del Cueto. Beatriz Anguita. Miriam Zarza. Cristian Cabrera<\/p>\n<p style=\"text-align: justify;\"><strong>Aula 10 <\/strong>\u2013 Mesa: Movimientos sociales, econom\u00eda y organizaci\u00f3n pol\u00edtica<\/p>\n<p style=\"text-align: justify;\">&nbsp;<\/p>\n<p style=\"text-align: justify;\">&#8211;\u00a0\u00a0\u00a0\u00a0\u00a0\u00a0\u00a0\u00a0\u00a0\u00a0 Daniel Guti\u00e9rrez &#8211; \u00a0<em>Movimientos ambientales y la ciencia ecol\u00f3gica. Argumentos en revisi\u00f3n<\/em><\/p>\n<p style=\"text-align: justify;\">&#8211;\u00a0\u00a0\u00a0\u00a0\u00a0\u00a0\u00a0\u00a0\u00a0\u00a0 Marta Nogueroles Jov\u00e9 &#8211; \u00a0<em>Jos\u00e9 Luis Sampedro: homenaje a un economista indignado<\/em><\/p>\n<p style=\"text-align: justify;\">&#8211;\u00a0\u00a0\u00a0\u00a0\u00a0\u00a0\u00a0\u00a0\u00a0\u00a0 Guillermo Lu\u00e9vano Bustamante &#8211; \u00a0<em>Los vidrieros de San Luis Potos\u00ed, entre el sindicalismo y el movimiento social<\/em><\/p>\n<p style=\"text-align: justify;\">&#8211;\u00a0\u00a0\u00a0\u00a0\u00a0\u00a0\u00a0\u00a0\u00a0\u00a0 Ricardo Alexis Rubilar Parra &#8211;\u00a0 \u00a0<em>Los sindicatos \u00a0de cesantes:\u00a0 expresi\u00f3n\u00a0 pol\u00edtica en el movimiento \u00a0social &#8211; popular chileno \u00a0en contexto de profundizaci\u00f3n del neoliberalismo. El caso del sindicato Nehuenche, San Pedro de la Paz<\/em><\/p>\n<p style=\"text-align: justify;\">&nbsp;<\/p>\n<p style=\"text-align: justify;\">Coordinaci\u00f3n: Aldana Rebairols<\/p>\n<p style=\"text-align: justify;\">&nbsp;<\/p>\n<p style=\"text-align: justify;\">&nbsp;<\/p>\n<p style=\"text-align: justify;\"><strong>Aula 11 <\/strong>\u2013 Mesa: Integraci\u00f3n regional latinoamericana<\/p>\n<p style=\"text-align: justify;\">&nbsp;<\/p>\n<p style=\"text-align: justify;\">&#8211;\u00a0\u00a0\u00a0\u00a0\u00a0\u00a0\u00a0\u00a0\u00a0\u00a0 H\u00e9ctor \u00a0Solano \u00a0Chavarr\u00eda \u00a0&#8211; \u00a0\u00a0\u00a0\u00a0\u00a0\u00a0\u00a0\u00a0\u00a0\u00a0\u00a0 <em>Reforma \u00a0o \u00a0revoluci\u00f3n \u00a0en \u00a0Am\u00e9rica \u00a0Latina: \u00a0construcci\u00f3n\u00a0 \u00a0de \u00a0hegemon\u00edas\u00a0 \u00a0en \u00a0la consolidaci\u00f3n y expansi\u00f3n del Estado Social en Costa Rica (1965-75)<\/em><\/p>\n<p style=\"text-align: justify;\">&#8211;\u00a0\u00a0\u00a0\u00a0\u00a0\u00a0\u00a0\u00a0\u00a0\u00a0 Colectivo 4 de Febrero. Bolivarianos y Bolivarianas en el Sur &#8211; \u00a0<em>Plan de la patria 2013-2019 de Venezuela: un plan latinoamericanista \u2013 caribe\u00f1o y humanista para construir un bloque pol\u00edtico, cultural y econ\u00f3mico<\/em><\/p>\n<p style=\"text-align: justify;\">&nbsp;<\/p>\n<p style=\"text-align: justify;\">&#8211;\u00a0\u00a0\u00a0\u00a0\u00a0\u00a0\u00a0\u00a0\u00a0\u00a0 Yudith del Carmen Gonz\u00e1lez Valecillos &#8211; \u00a0<em>Los Espacios de Integraci\u00f3n del Siglo XXI: El ALBA, UNASUR y CELAC.<\/em><\/p>\n<p style=\"text-align: justify;\"><em>Una Alternativa para el Desarrollo Humano<\/em><\/p>\n<p style=\"text-align: justify;\">&#8211;\u00a0\u00a0\u00a0\u00a0\u00a0\u00a0\u00a0\u00a0\u00a0\u00a0 Emmanuel Bonforti \u2013 <em>Movimientos Nacionales populares en Argentina e integraci\u00f3n latinoamericana<\/em><\/p>\n<p style=\"text-align: justify;\">&nbsp;<\/p>\n<p style=\"text-align: justify;\">Coordinaci\u00f3n: Rodrigo Mur\u00faa<\/p>\n<p style=\"text-align: justify;\">&nbsp;<\/p>\n<p style=\"text-align: justify;\">&nbsp;<\/p>\n<p style=\"text-align: justify;\"><strong>Aula 8 <\/strong>\u2013 Mesa: Activismo y subjetivaci\u00f3n pol\u00edtica: entre la lucha en la calle y la producci\u00f3n medi\u00e1tica de la realidad<\/p>\n<p style=\"text-align: justify;\">&nbsp;<\/p>\n<p style=\"text-align: justify;\">&#8211;\u00a0\u00a0\u00a0\u00a0\u00a0\u00a0\u00a0\u00a0\u00a0\u00a0 Adri\u00e1n Dubinsky &#8211; \u00a0<em>Las madres compa\u00f1eras: un acercamiento a la maternizaci\u00f3n del peronismo<\/em><\/p>\n<p style=\"text-align: justify;\">&#8211;\u00a0\u00a0\u00a0\u00a0\u00a0\u00a0\u00a0\u00a0\u00a0\u00a0 Diego Benegas Loyo; Ayel\u00e9n Colosimo &#8211; \u00a0<em>Graffiti pol\u00edtico y otras t\u00e1cticas de intervenci\u00f3n afectiva del espacio urbano<\/em><\/p>\n<p style=\"text-align: justify;\">&#8211;\u00a0\u00a0\u00a0\u00a0\u00a0\u00a0\u00a0\u00a0\u00a0\u00a0 Facundo Di\u00e9guez &#8211; \u00a0<em>La construcci\u00f3n de noticias sobre fen\u00f3menos de religiosidad en los diarios digitales argentinos<\/em><\/p>\n<p style=\"text-align: justify;\"><em>Clar\u00edn.com, Lanaci\u00f3n.com y P\u00e1gina12.com.ar, 2001-2010<\/em><\/p>\n<p style=\"text-align: justify;\">&#8211;\u00a0\u00a0\u00a0\u00a0\u00a0\u00a0\u00a0\u00a0\u00a0\u00a0 Paola Bianco \u00a0&#8211;\u00a0 \u00a0<em>El problema \u00a0de los medios \u00a0de comunicaci\u00f3n \u00a0masiva \u00a0en Am\u00e9rica \u00a0Latina: \u00a0Un an\u00e1lisis \u00a0desde \u00a0el estructuralismo y la fenomenolog\u00eda<\/em><\/p>\n<p style=\"text-align: justify;\">&nbsp;<\/p>\n<p style=\"text-align: justify;\">Coordinaci\u00f3n: Romina Cuevas<\/p>\n<p style=\"text-align: justify;\">&nbsp;<\/p>\n<p style=\"text-align: justify;\"><strong>Aula 4 <\/strong>\u2013 Grupo de Discusi\u00f3n:\u00a0 \u00a0La producci\u00f3n \u00a0acad\u00e9mica\u00a0 como pr\u00e1ctica pol\u00edtica: Repensando \u00a0colectivamente \u00a0el rol de la academia<\/p>\n<p style=\"text-align: justify;\">&nbsp;<\/p>\n<p style=\"text-align: justify;\">&#8211;\u00a0\u00a0\u00a0\u00a0\u00a0\u00a0\u00a0\u00a0\u00a0\u00a0 Alejandro Cristian Bresler &#8211; <em>\u00bfQu\u00e9 sabe el saber acad\u00e9mico?<\/em><\/p>\n<p style=\"text-align: justify;\">&#8211;\u00a0\u00a0\u00a0\u00a0\u00a0\u00a0\u00a0\u00a0\u00a0\u00a0 Sebasti\u00e1n \u00a0Levalle \u00a0&#8211;\u00a0 \u00a0<em>La producci\u00f3n \u00a0acad\u00e9mica \u00a0como \u00a0pr\u00e1ctica \u00a0pol\u00edtica: \u00a0Repensando \u00a0colectivamente \u00a0el rol de la academia<\/em><\/p>\n<p style=\"text-align: justify;\">&#8211;\u00a0\u00a0\u00a0\u00a0\u00a0\u00a0\u00a0\u00a0\u00a0\u00a0 Rodolfo Enrique Pel\u00e1ez \u2013 <em>La p\u00e9rdida de la inocencia<\/em><\/p>\n<p style=\"text-align: justify;\">&#8211;\u00a0\u00a0\u00a0\u00a0\u00a0\u00a0\u00a0\u00a0\u00a0\u00a0 Jorge Martinena &#8211; \u00a0<em>Temas para el debate<\/em><\/p>\n<p style=\"text-align: justify;\">&nbsp;<\/p>\n<p style=\"text-align: justify;\">Coordinaci\u00f3n: Alejandro Bresler<\/p>\n<p style=\"text-align: justify;\">&nbsp;<\/p>\n<p style=\"text-align: justify;\"><strong>2<\/strong><strong>0:00<\/strong><\/p>\n<p style=\"text-align: justify;\">&nbsp;<\/p>\n<p style=\"text-align: justify;\">&nbsp;<\/p>\n<p style=\"text-align: justify;\"><strong>Auditorio Juana Azurduy \u2013 <\/strong>Panel 2: Colonialismo, soberan\u00eda y territorio<\/p>\n<p style=\"text-align: justify;\">&nbsp;<\/p>\n<p style=\"text-align: justify;\">&#8211;\u00a0\u00a0\u00a0\u00a0\u00a0\u00a0\u00a0\u00a0\u00a0\u00a0 <strong>Jorge Taiana <\/strong>(Director General del Centro Internacional de Estudios Pol\u00edticos de la UNSAM \u2013 Argentina)<\/p>\n<p style=\"text-align: justify;\">&#8211;\u00a0\u00a0\u00a0\u00a0\u00a0\u00a0\u00a0\u00a0\u00a0\u00a0 <strong>Ernesto Alonso <\/strong>( Presidente de la Comisi\u00f3n Nacional de Ex Combatientes de Malvinas &#8211; \u00a0Ministerio del Interior y<\/p>\n<p style=\"text-align: justify;\">Transporte \u00a0&#8211; Argentina)<\/p>\n<p style=\"text-align: justify;\">&#8211;\u00a0\u00a0\u00a0\u00a0\u00a0\u00a0\u00a0\u00a0\u00a0\u00a0 <strong>Hugo Pichardo Hern\u00e1ndez <\/strong>(UAM Xochimilco \/ UNAM \u2013 M\u00e9xico) Coordinaci\u00f3n: Germ\u00e1n Ib\u00e1\u00f1ez (UPMPM \/ CIPPLA)<\/p>\n<p style=\"text-align: justify;\"><strong>S\u00e1bado 2 de noviembre<\/strong><\/p>\n<p style=\"text-align: justify;\"><strong>9:00 a 10:30<\/strong><\/p>\n<p style=\"text-align: justify;\">&nbsp;<\/p>\n<p style=\"text-align: justify;\"><strong>Aula 5 <\/strong>\u2013 Panel Abierto: \u201cSobre colectivos femeninos\/feministas: \u00a0activismos en discusi\u00f3n\u201d (continuaci\u00f3n)<\/p>\n<p style=\"text-align: justify;\">&nbsp;<\/p>\n<p style=\"text-align: justify;\">&#8211;\u00a0\u00a0\u00a0\u00a0\u00a0\u00a0\u00a0\u00a0\u00a0\u00a0 Tatiana Garc\u00eda Fern\u00e1ndez (UBA) \u2013 <em>De la palabra a la carne, cuerpo femenino y maternidad. Activismos femeninos feministas contra la violencia obst\u00e9trica<\/em><\/p>\n<p style=\"text-align: justify;\">&#8211;\u00a0\u00a0\u00a0\u00a0\u00a0\u00a0\u00a0\u00a0\u00a0\u00a0 Anabella\u00a0 \u00a0Ver\u00f3nica\u00a0\u00a0 Denuncio\u00a0 \u00a0\u2013 \u00a0<em>Madres \u00a0Cuidadoras\u00a0 \u00a0de \u00a0la \u00a0Cultura \u00a0QOM.\u00a0\u00a0 Condiciones\u00a0 \u00a0socio-hist\u00f3ricas\u00a0 \u00a0que contribuyeron a su organizaci\u00f3n<\/em><\/p>\n<p style=\"text-align: justify;\">&#8211;\u00a0\u00a0\u00a0\u00a0\u00a0\u00a0\u00a0\u00a0\u00a0\u00a0 Ariel Carrizo;\u00a0 \u00a0Ana Poratto \u2013 <em>Emergencia \u00a0de \u201cnuevas subjetividades\u201d \u00a0en torno a la sexualidad y el g\u00e9nero en los nuevos contextos hist\u00f3ricos sociales. Aproximaci\u00f3n a la construcci\u00f3n de \u2018nuevos\u2019 discursos de identidad transexual<\/em><\/p>\n<p style=\"text-align: justify;\">&nbsp;<\/p>\n<p style=\"text-align: justify;\">Coordinadoras \/ Comentadoras: Mercedes Barros; Natalia Mart\u00ednez Prado<\/p>\n<p style=\"text-align: justify;\">&nbsp;<\/p>\n<p style=\"text-align: justify;\">&nbsp;<\/p>\n<p style=\"text-align: justify;\"><strong>Aula 4 <\/strong>\u2013 Panel Abierto: \u201cSobre colectivos femeninos\/feministas: \u00a0activismos en discusi\u00f3n\u201d (continuaci\u00f3n)<\/p>\n<p style=\"text-align: justify;\">&nbsp;<\/p>\n<p style=\"text-align: justify;\">&#8211;\u00a0\u00a0\u00a0\u00a0\u00a0\u00a0\u00a0\u00a0\u00a0\u00a0 Julieta Sourrouille &#8211; \u00a0<em>Los cuerpos que importan: afectaci\u00f3n de los cuerpos de las mujeres mapuches resistiendo<\/em><\/p>\n<p style=\"text-align: justify;\">&#8211;\u00a0\u00a0\u00a0\u00a0\u00a0\u00a0\u00a0\u00a0\u00a0\u00a0 Elina Ibarra &#8211; \u00a0<em>La voz de la mujer anarquista<\/em><\/p>\n<p style=\"text-align: justify;\">&#8211;\u00a0\u00a0\u00a0\u00a0\u00a0\u00a0\u00a0\u00a0\u00a0\u00a0 Florencia Mar\u00eda Martini \u2013 <em>\u201cFeas, sucias y malas\u201d (Pr\u00e1ctica judicial penal desde una perspectiva de g\u00e9nero)<\/em><\/p>\n<p style=\"text-align: justify;\">&#8211;\u00a0\u00a0\u00a0\u00a0\u00a0\u00a0\u00a0\u00a0\u00a0\u00a0 Graciela Barbieri &#8211; \u00a0<em>Los estigmas del patriarcado en el populismo<\/em><\/p>\n<p style=\"text-align: justify;\">&nbsp;<\/p>\n<p style=\"text-align: justify;\">Coordinaci\u00f3n: Alejandro Bresler<\/p>\n<p style=\"text-align: justify;\">&nbsp;<\/p>\n<p style=\"text-align: justify;\"><strong>Aula 10 <\/strong>\u2013 Mesa: Pr\u00e1cticas educativas contra hegem\u00f3nicas en Nuestra Am\u00e9rica<\/p>\n<p style=\"text-align: justify;\">&nbsp;<\/p>\n<p style=\"text-align: justify;\">&#8211;\u00a0\u00a0\u00a0\u00a0\u00a0\u00a0\u00a0\u00a0\u00a0\u00a0 Carlos Eduardo Rebu\u00e1 Oliveira &#8211; \u00a0<em>Escola Nacional Florestan Fernandes (ENFF\/MST) e a educa\u00e7\u00e3o pensada como hegemonia<\/em><\/p>\n<p style=\"text-align: justify;\">&#8211;\u00a0\u00a0\u00a0\u00a0\u00a0\u00a0\u00a0\u00a0\u00a0\u00a0 Thamar Kalil de Campos Alves &#8211;\u00a0 \u00a0<em>O ensino de hist\u00f3ria da Amerca Latina na educa\u00e7\u00e3o \u00a0brasileira: um estudo em escolas do ensino m\u00e9dio nas escolas de Belo Horizonte, MG<\/em><\/p>\n<p style=\"text-align: justify;\">&#8211;\u00a0\u00a0\u00a0\u00a0\u00a0\u00a0\u00a0\u00a0\u00a0\u00a0 Denilson \u00a0Soares \u00a0Cordeiro \u00a0\u2013 \u00a0<em>Uma \u00a0in\u00e9dita \u00a0experi\u00eancia \u00a0democr\u00e1tica \u00a0na \u00a0Universidade \u00a0Federal \u00a0de \u00a0S\u00e3o \u00a0Paulo: \u00a0o processo DrometoDD de 2012<\/em><\/p>\n<p style=\"text-align: justify;\">&#8211;\u00a0\u00a0\u00a0\u00a0\u00a0\u00a0\u00a0\u00a0\u00a0\u00a0 Edson Antoni &#8211; \u00a0<em>O ensino de hist\u00f3ria latinoamericana: um Drometo libert\u00e1rio<\/em><\/p>\n<p style=\"text-align: justify;\">&nbsp;<\/p>\n<p style=\"text-align: justify;\">Coordinaci\u00f3n: Adri\u00e1n Dubinsky<\/p>\n<p style=\"text-align: justify;\"><strong>Aula 11 <\/strong>\u2013 Mesa: Desigualdad, violencia y derechos humanos<\/p>\n<p style=\"text-align: justify;\">&nbsp;<\/p>\n<p style=\"text-align: justify;\">&#8211;\u00a0\u00a0\u00a0\u00a0\u00a0\u00a0\u00a0\u00a0\u00a0\u00a0 Edson Medeiros Branco Luiz; Paola Moraes Araujo Pinheiro &#8211; \u00a0<em>A lei de anistia brasileira e os controles jurisdicionais: os julgamentos \u00a0promovidos \u00a0pelo Supremo \u00a0Tribunal \u00a0Federal\u00a0 \u00a0Brasileiro\u00a0 \u00a0e pela Corte \u00a0Interamericana \u00a0de Direitos Humanos<\/em><\/p>\n<p style=\"text-align: justify;\">&#8211;\u00a0\u00a0\u00a0\u00a0\u00a0\u00a0\u00a0\u00a0\u00a0\u00a0 Pollyana Lopes Dutra &#8211; \u00a0<em>Direitos humanos e desenvolvimento urbano no Brasil: Uma an\u00e1lise da Pol\u00edtica Habitacional em Campos Dos Goytacazes<\/em><\/p>\n<p style=\"text-align: justify;\">&#8211;\u00a0\u00a0\u00a0\u00a0\u00a0\u00a0\u00a0\u00a0\u00a0\u00a0 Pablo \u00a0Gonz\u00e1lez \u00a0&#8211;\u00a0 \u00a0<em>La\u00a0 generaci\u00f3n \u00a0de \u00a0un\u00a0 enemigo \u00a0social \u00a0peligroso \u00a0como \u00a0estrategia \u00a0del \u00a0sistema \u00a0para \u00a0avalar \u00a0la violencia y el control sobre \u00a0las masas<\/em><\/p>\n<p style=\"text-align: justify;\">&#8211;\u00a0\u00a0\u00a0\u00a0\u00a0\u00a0\u00a0\u00a0\u00a0\u00a0 F\u00e1tima De Oliveira Souza; Jacques Sochaczewski &#8211; \u00a0<em>A redu\u00e7\u00e3o da desigualdade DrometoD da transfer\u00eancia de renda:<\/em><\/p>\n<p style=\"text-align: justify;\"><em>a experi\u00eancia de um benef\u00edcio social para idosos e pessoas com \u00a0defici\u00eancia no Brasil<\/em><\/p>\n<p style=\"text-align: justify;\">&nbsp;<\/p>\n<p style=\"text-align: justify;\">Coordinaci\u00f3n: Yamila Juri<\/p>\n<p style=\"text-align: justify;\">&nbsp;<\/p>\n<p style=\"text-align: justify;\"><strong>Aula 8 <\/strong>\u2013 Mesa: Educaci\u00f3n y pol\u00edtica<\/p>\n<p style=\"text-align: justify;\">&nbsp;<\/p>\n<p style=\"text-align: justify;\">&#8211;\u00a0\u00a0\u00a0\u00a0\u00a0\u00a0\u00a0\u00a0\u00a0\u00a0 Jos\u00e9 Toro Leyton &#8211; \u00a0<em>Una reflexi\u00f3n del sentido de lo \u201cpol\u00edtico\u201d esbozado por el movimiento estudiantil Chileno de 2011<\/em><\/p>\n<p style=\"text-align: justify;\">&#8211;\u00a0\u00a0\u00a0\u00a0\u00a0\u00a0\u00a0\u00a0\u00a0\u00a0 Valentina Zapata &#8211; \u00a0<em>Los Maestros como Sujetos de Pol\u00edticas y como Sujetos de Conocimiento en el Chile Neoliberal.<\/em><\/p>\n<p style=\"text-align: justify;\"><em>Evaluaci\u00f3n del Desempe\u00f1o Profesional Docente<\/em><\/p>\n<p style=\"text-align: justify;\">&#8211;\u00a0\u00a0\u00a0\u00a0\u00a0\u00a0\u00a0\u00a0\u00a0\u00a0 Marian Dias &#8211; \u00a0<em>Acesso e perman\u00eancia de estudantes na universidade: o REUNI na UNIFESP<\/em><\/p>\n<p style=\"text-align: justify;\">&#8211;\u00a0\u00a0\u00a0\u00a0\u00a0\u00a0\u00a0\u00a0\u00a0\u00a0 Juan David Santamar\u00eda Mesa &#8211; \u00a0<em>Las acciones de violencia en la universidad p\u00fablica colombiana<\/em><\/p>\n<p style=\"text-align: justify;\">&nbsp;<\/p>\n<p style=\"text-align: justify;\">Coordinador: Pablo Gularte<\/p>\n<p style=\"text-align: justify;\"><strong>11:00 a 12:30<\/strong><\/p>\n<p style=\"text-align: justify;\">&nbsp;<\/p>\n<p style=\"text-align: justify;\">&nbsp;<\/p>\n<p style=\"text-align: justify;\"><strong>Auditorio \u00a0Juana \u00a0Azurduy \u00a0\u2013 <\/strong>Panel \u00a03: \u00a0Comunicaci\u00f3n \u00a0y \u00a0participaci\u00f3n \u00a0popular: \u00a0la \u00a0comunicaci\u00f3n \u00a0como \u00a0herramienta \u00a0de construcci\u00f3n pol\u00edtica<\/p>\n<p style=\"text-align: justify;\">&nbsp;<\/p>\n<p style=\"text-align: justify;\">&#8211;\u00a0\u00a0\u00a0\u00a0\u00a0\u00a0\u00a0\u00a0\u00a0\u00a0 <strong>Joe Cornejo <\/strong>\u2013 (Agencia Paco Urondo \u2013 Argentina)<\/p>\n<p style=\"text-align: justify;\">&#8211;\u00a0\u00a0\u00a0\u00a0\u00a0\u00a0\u00a0\u00a0\u00a0\u00a0 <strong>Oscar Magarola <\/strong>\u2013 (UBA \/ UNLaM \u2013 Argentina)<\/p>\n<p style=\"text-align: justify;\">&#8211;\u00a0\u00a0\u00a0\u00a0\u00a0\u00a0\u00a0\u00a0\u00a0\u00a0 <strong>Josefina Adrover <\/strong>\u2013 (UPMPM \/ AFSCA Salta \u2013 Argentina) Coordinador: Pablo Caruso (Radio Madre AM530 \u2013 Argentina)<\/p>\n<p style=\"text-align: justify;\"><strong>13:00 a 14:00 Receso<\/strong><\/p>\n<p style=\"text-align: justify;\"><strong>14:00 a 15:30<\/strong><\/p>\n<p style=\"text-align: justify;\">&nbsp;<\/p>\n<p style=\"text-align: justify;\"><strong>Auditorio Juana Azurduy \u2013 <\/strong>Encuentro entre Feministas<\/p>\n<p style=\"text-align: justify;\">&nbsp;<\/p>\n<p style=\"text-align: justify;\">Invitadas especiales:<\/p>\n<p style=\"text-align: justify;\">&nbsp;<\/p>\n<p style=\"text-align: justify;\">&#8211;\u00a0\u00a0\u00a0\u00a0\u00a0\u00a0\u00a0\u00a0\u00a0\u00a0 <strong>Ana Fal\u00fa <\/strong>\u2013 Profesora \u00a0e Investigadora \u00a0de la Universidad \u00a0Nacional \u00a0de C\u00f3rdoba. \u00a0Activista \u00a0social \u00a0y feminista. \u00a0Ex<\/p>\n<p style=\"text-align: justify;\">Directora de UNIFEM (hoy ONU Mujeres). Co-coordinadora del Proceso de las ONG a la IV CMM, Beijing, China.<\/p>\n<p style=\"text-align: justify;\">&#8211;\u00a0\u00a0\u00a0\u00a0\u00a0\u00a0\u00a0\u00a0\u00a0\u00a0 <strong>Cecilia Merch\u00e1n <\/strong>\u2013 Coordinadora de Articulaci\u00f3n Estrat\u00e9gica de la Jefatura de Gabinete de Ministros, coordinadora del Comit\u00e9 para la Lucha contra la Trata y Explotaci\u00f3n de Personas y ex diputada nacional.<\/p>\n<p style=\"text-align: justify;\">&#8211;\u00a0\u00a0\u00a0\u00a0\u00a0\u00a0\u00a0\u00a0\u00a0\u00a0 <strong>Natalia \u00a0Di \u00a0Marco <\/strong>\u2013 Integrante \u00a0de la \u00a0colectiva \u00a0feminista \u00a0anticapitalista \u00a0las \u00a0histeriqas, \u00a0las mufas \u00a0y las otras \u00a0en<\/p>\n<p style=\"text-align: justify;\">Feministas Inconvenientes.<\/p>\n<p style=\"text-align: justify;\">&nbsp;<\/p>\n<p style=\"text-align: justify;\">Coordinadora: Natalia Mart\u00ednez Prado<\/p>\n<p style=\"text-align: justify;\"><strong>Aula 4 <\/strong>\u2013 Grupo de Discusi\u00f3n: Nuevos paradigmas te\u00f3rico pr\u00e1cticos para pensar (en\/desde\/para) Latinoam\u00e9rica<\/p>\n<p style=\"text-align: justify;\">&nbsp;<\/p>\n<p style=\"text-align: justify;\">&#8211;\u00a0\u00a0\u00a0\u00a0\u00a0\u00a0\u00a0\u00a0\u00a0\u00a0 Alejandro Fernando Gonz\u00e1lez Jim\u00e9nez &#8211;\u00a0 \u00a0<em>Apuntes sobre el ethos barroco y las posibilidades \u00a0de una modernidad alternativa desde Am\u00e9rica Latina<\/em><\/p>\n<p style=\"text-align: justify;\">&#8211;\u00a0\u00a0\u00a0\u00a0\u00a0\u00a0\u00a0\u00a0\u00a0\u00a0 Josefina Ramos Gonzales &#8211; \u00a0<em>Identidades docentes y pensamiento decolonial<\/em><\/p>\n<p style=\"text-align: justify;\">&#8211;\u00a0\u00a0\u00a0\u00a0\u00a0\u00a0\u00a0\u00a0\u00a0\u00a0 Rachel Aguiar Estevam do Carmo &#8211; \u00a0<em>Pensamento latinoamericano no Brasil: atualidades e discontinuidades<\/em><\/p>\n<p style=\"text-align: justify;\">&#8211;\u00a0\u00a0\u00a0\u00a0\u00a0\u00a0\u00a0\u00a0\u00a0\u00a0 Mar\u00eda Antonia Busso &#8211; \u00a0<em>La importancia de llamarse Rodolfo Kusch; lectura de las implicancias est\u00e9ticas-pol\u00edticas \u00a0de su pensar<\/em><\/p>\n<p style=\"text-align: justify;\">&#8211;\u00a0\u00a0\u00a0\u00a0\u00a0\u00a0\u00a0\u00a0\u00a0\u00a0 Janet Govea; Kenia Rodr\u00edguez; Johafna Garc\u00eda &#8211; <em>Venezuela: los nuevos paradigmas del pensamiento revolucionario latinoamericano<\/em><\/p>\n<p style=\"text-align: justify;\">Fernanda Oliveira Filgueiras Santos &#8211; \u00a0<em>Em defesa de Nuestra Am\u00e9rica: Jos\u00e9 Mart\u00ed e seu Drometo de integra\u00e7\u00e3o da<\/em><\/p>\n<p style=\"text-align: justify;\"><em>Am\u00e9rica Latina<\/em><\/p>\n<p style=\"text-align: justify;\">&nbsp;<\/p>\n<p style=\"text-align: justify;\">Coordinaci\u00f3n: Cecilia Pizzo<\/p>\n<p style=\"text-align: justify;\">&nbsp;<\/p>\n<p style=\"text-align: justify;\"><strong>Aula 5 \u2013 <\/strong>Mesa: Pr\u00e1cticas pol\u00edticas y procesos de subjetivaci\u00f3n<\/p>\n<p style=\"text-align: justify;\">&nbsp;<\/p>\n<p style=\"text-align: justify;\">&#8211; Jos\u00e9 Toro Leyton; Raquel Aranguez &#8211; <em>El pensamiento marxista latinoamericano en las nuevas coyunturas sociales: Una aproximaci\u00f3n a partir de un grupo de discusi\u00f3n de estudiantes participes del Movimiento estudiantil Chileno del<\/em><\/p>\n<p style=\"text-align: justify;\"><em>2011<\/em><\/p>\n<p style=\"text-align: justify;\">&#8211;\u00a0\u00a0\u00a0\u00a0\u00a0\u00a0\u00a0\u00a0\u00a0\u00a0 Alan Ezequiel Canzutti &#8211; \u00a0<em>An\u00e1lisis de la construcci\u00f3n de la Subjetividad en los sectores populares. Una aproximaci\u00f3n desde Gramsci<\/em><\/p>\n<p style=\"text-align: justify;\">&#8211;\u00a0\u00a0\u00a0\u00a0\u00a0\u00a0\u00a0\u00a0\u00a0\u00a0 Juan Manuel Spinelli; Daniel Inda &#8211; \u00a0<em>Althusser, aqu\u00ed y ahora<\/em><\/p>\n<p style=\"text-align: justify;\">&#8211;\u00a0\u00a0\u00a0\u00a0\u00a0\u00a0\u00a0\u00a0\u00a0\u00a0 Andr\u00e9 Vieira da Cunha \u00a0&#8211;\u00a0 \u00a0<em>Estudo do pensamento \u00a0de Immanuel \u00a0Kant sobre a perspectiva \u00a0do \u00abesclarecimento\u00bb \u00a0e avalia\u00e7\u00e3o dos protestos no Brasil em 2013<\/em><\/p>\n<p style=\"text-align: justify;\">&#8211;\u00a0\u00a0\u00a0\u00a0\u00a0\u00a0\u00a0\u00a0\u00a0\u00a0 Ximena Vergara &#8211; \u00a0<em>Jinetes sin cabeza: burocracias en revoluci\u00f3n<\/em><\/p>\n<p style=\"text-align: justify;\">&nbsp;<\/p>\n<p style=\"text-align: justify;\">Coordinaci\u00f3n: Nicol\u00e1s Pagura<\/p>\n<p style=\"text-align: justify;\"><strong>Aula 10 <\/strong>\u2013 Mesa: Econom\u00eda, desarrollo e industrializaci\u00f3n<\/p>\n<p style=\"text-align: justify;\">&nbsp;<\/p>\n<p style=\"text-align: justify;\">&#8211;\u00a0\u00a0\u00a0\u00a0\u00a0\u00a0\u00a0\u00a0\u00a0\u00a0 Lucas Rodrigues; Giliad De Souza Silva &#8211; \u00a0<em>A industrializa\u00e7\u00e3o \u00a0brasileira na primeira metade do s\u00e9culo XX em Caio<\/em><\/p>\n<p style=\"text-align: justify;\"><em>Prado J\u00fanior e Celso Furtado<\/em><\/p>\n<p style=\"text-align: justify;\">&#8211;\u00a0\u00a0\u00a0\u00a0\u00a0\u00a0\u00a0\u00a0\u00a0\u00a0 Aleida Azamar Alonso; Carlos Rozo Bernal &#8211; \u00a0<em>Teor\u00edas y pol\u00edticas de desarrollo aplicadas en Am\u00e9rica Latina: caso de estudio M\u00e9xico<\/em><\/p>\n<p style=\"text-align: justify;\">&#8211;\u00a0\u00a0\u00a0\u00a0\u00a0\u00a0\u00a0\u00a0\u00a0\u00a0 Fernando Augusto De Assis &#8211; \u00a0<em>El Capital ficticio y el actual capitalismo dependiente financiarizado: aportes para una caracterizaci\u00f3n hodierna de la acumulaci\u00f3n en Brasil<\/em><\/p>\n<p style=\"text-align: justify;\">&#8211;\u00a0\u00a0\u00a0\u00a0\u00a0\u00a0\u00a0\u00a0\u00a0\u00a0 Giliad de Souza Silva; Lucas Rodrigues &#8211; <em>O lugar do estado e seus agentes: um di\u00e1logo poss\u00edvel entre Raymundo<\/em><\/p>\n<p style=\"text-align: justify;\"><em>Faoro e Fernando Henrique Cardoso<\/em><\/p>\n<p style=\"text-align: justify;\">&nbsp;<\/p>\n<p style=\"text-align: justify;\">Coordinaci\u00f3n: Virginia S\u00e1nchez Dom\u00ednguez<\/p>\n<p style=\"text-align: justify;\">&nbsp;<\/p>\n<p style=\"text-align: justify;\"><strong>Aula 11 <\/strong>\u2013 Mesa: \u00a0Rol del Estado en el nuevo contexto pol\u00edtico<\/p>\n<p style=\"text-align: justify;\">&nbsp;<\/p>\n<p style=\"text-align: justify;\">&#8211;\u00a0\u00a0\u00a0\u00a0\u00a0\u00a0\u00a0\u00a0\u00a0\u00a0 Ayeray Medina Bustos &#8211; \u00a0<em>El rol del Estado en relaci\u00f3n a las pol\u00edticas reparatorias<\/em><\/p>\n<p style=\"text-align: justify;\">&#8211;\u00a0\u00a0\u00a0\u00a0\u00a0\u00a0\u00a0\u00a0\u00a0\u00a0 Valentina Sof\u00eda Su\u00e1rez Baldo &#8211; \u00a0<em>As mudan\u00e7as na institucionalidade \u00a0da prote\u00e7\u00e3o social estatal argentina a partir da cria\u00e7\u00e3o da Asignaci\u00f3n Universal por Hijo<\/em><\/p>\n<p style=\"text-align: justify;\">&#8211;\u00a0\u00a0\u00a0\u00a0\u00a0\u00a0\u00a0\u00a0\u00a0\u00a0 Jos\u00e9 Del Tronco \u00a0&#8211;\u00a0 \u00a0<em>El concepto \u00a0de justicia \u00a0distributiva \u00a0y su relaci\u00f3n \u00a0con las formas \u00a0de representaci\u00f3n \u00a0pol\u00edtica.<\/em><\/p>\n<p style=\"text-align: justify;\"><em>Democracia liberal y populismo en perspectiva comparada<\/em><\/p>\n<p style=\"text-align: justify;\">&#8211;\u00a0\u00a0\u00a0\u00a0\u00a0\u00a0\u00a0\u00a0\u00a0\u00a0 Juan \u00a0Jos\u00e9 \u00a0Carrillo \u00a0Nieto \u00a0&#8211;\u00a0\u00a0 \u00a0<em>La\u00a0 pol\u00edtica \u00a0social \u00a0de\u00a0 los \u00a0gobiernos \u00a0progresistas \u00a0en \u00a0Am\u00e9rica \u00a0Latina: \u00a0Diversidad \u00a0de propuestas en la lucha contra la pobreza<\/em><\/p>\n<p style=\"text-align: justify;\">&nbsp;<\/p>\n<p style=\"text-align: justify;\">Coordinaci\u00f3n: Mercedes Palumbo<\/p>\n<p style=\"text-align: justify;\">&nbsp;<\/p>\n<p style=\"text-align: justify;\">&nbsp;<\/p>\n<p style=\"text-align: justify;\"><strong>16:00 a 17:30<\/strong><\/p>\n<p style=\"text-align: justify;\"><strong>Auditorio Juana Azurduy <\/strong>\u2013 Panel 4: Epistemolog\u00edas cr\u00edticas latinoamericanas<\/p>\n<p style=\"text-align: justify;\">&nbsp;<\/p>\n<p style=\"text-align: justify;\">&#8211;\u00a0\u00a0\u00a0\u00a0\u00a0\u00a0\u00a0\u00a0\u00a0\u00a0 <strong>Isabel Rauber <\/strong>&#8211; (UPMPM \/ UNLA &#8211; Argentina)<\/p>\n<p style=\"text-align: justify;\">&#8211;\u00a0\u00a0\u00a0\u00a0\u00a0\u00a0\u00a0\u00a0\u00a0\u00a0 <strong>Fernando \u00a0Buen Abad Dom\u00ednguez <\/strong>(Miembro \u00a0del Centro \u00a0de Estudios \u00a0Socialistas \u00a0Carlos\u00a0 Marx y de la Corriente<\/p>\n<p style=\"text-align: justify;\">Marxista Internacional \/ \u00a0rector fundador de la Universidad de la Filosof\u00eda)<\/p>\n<p style=\"text-align: justify;\">&nbsp;<\/p>\n<p style=\"text-align: justify;\">Coordinador: Mart\u00edn Forciniti (CIPPLA \/ UBA)<\/p>\n<p style=\"text-align: justify;\">&nbsp;<\/p>\n<p style=\"text-align: justify;\">&nbsp;<\/p>\n<p style=\"text-align: justify;\"><strong>18:00 a 19:30<\/strong><\/p>\n<p style=\"text-align: justify;\">&nbsp;<\/p>\n<p style=\"text-align: justify;\">&nbsp;<\/p>\n<p style=\"text-align: justify;\">&nbsp;<\/p>\n<p style=\"text-align: justify;\"><strong>Aula 5 <\/strong>\u2013 Encuentro entre Trabajadoras<\/p>\n<p style=\"text-align: justify;\">&nbsp;<\/p>\n<p style=\"text-align: justify;\">Invitadas especiales:<\/p>\n<p style=\"text-align: justify;\">&#8211;\u00a0\u00a0\u00a0\u00a0\u00a0\u00a0\u00a0\u00a0\u00a0\u00a0 <strong>Eugenia Aravena <\/strong>&#8211; Secretaria General de AMMAR \u2013 Cba.<\/p>\n<p style=\"text-align: justify;\">&#8211;\u00a0\u00a0\u00a0\u00a0\u00a0\u00a0\u00a0\u00a0\u00a0\u00a0 <strong>Susana Ovillo <\/strong>&#8211; Integrante del SINPECAF, Sindicato de Personal de Casas de Familia de C\u00f3rdoba<\/p>\n<p style=\"text-align: justify;\">&#8211;\u00a0\u00a0\u00a0\u00a0\u00a0\u00a0\u00a0\u00a0\u00a0\u00a0 <strong>M\u00f3nica Romero <\/strong>&#8211; Integrante de la Cooperativa La Barranquita<\/p>\n<p style=\"text-align: justify;\">&nbsp;<\/p>\n<p style=\"text-align: justify;\">Coordinadora: Mercedes Barros<\/p>\n<p style=\"text-align: justify;\">&nbsp;<\/p>\n<p style=\"text-align: justify;\">&nbsp;<\/p>\n<p style=\"text-align: justify;\">&nbsp;<\/p>\n<p style=\"text-align: justify;\">&nbsp;<\/p>\n<p style=\"text-align: justify;\"><strong>Aula 4 <\/strong>\u2013 Grupo de Intercambio: Militancia universitaria: experiencias de construcci\u00f3n colectiva en la Universidad<\/p>\n<p style=\"text-align: justify;\">&nbsp;<\/p>\n<p style=\"text-align: justify;\">&#8211;\u00a0\u00a0\u00a0\u00a0\u00a0\u00a0\u00a0\u00a0\u00a0\u00a0 Grupo De Estudios De Ciencias Sociales Y Pol\u00edtica. Universidad De Santiago De Chile<\/p>\n<p style=\"text-align: justify;\">&#8211;\u00a0\u00a0\u00a0\u00a0\u00a0\u00a0\u00a0\u00a0\u00a0\u00a0 Colectivo de Estudiantes de la Universidad Popular Madres de Plaza de Mayo<\/p>\n<p style=\"text-align: justify;\">&#8211;\u00a0\u00a0\u00a0\u00a0\u00a0\u00a0\u00a0\u00a0\u00a0\u00a0 Consejo Participativo de Estudiantes de la Universidad Popular madres de Plaza de Mayo<\/p>\n<p style=\"text-align: justify;\">&nbsp;<\/p>\n<p style=\"text-align: justify;\">Coordinaci\u00f3n: Colectivo de Estudiantes de la UPMPM \/ Consejo Participativo de Estudiantes de la UPMPM<\/p>\n<p style=\"text-align: justify;\"><strong>Aula 8 <\/strong>\u2013 Mesa: Proyectos ideol\u00f3gicos en disputa en la conformaci\u00f3n del ideario pol\u00edtico argentino<\/p>\n<p style=\"text-align: justify;\">&nbsp;<\/p>\n<p style=\"text-align: justify;\">&#8211;\u00a0\u00a0\u00a0\u00a0\u00a0\u00a0\u00a0\u00a0\u00a0\u00a0 Juan Godoy &#8211; \u00a0<em>FORJA en el ideario pol\u00edtico argentino. Sus aportes a la cultura nacional<\/em><\/p>\n<p style=\"text-align: justify;\">&#8211;\u00a0\u00a0\u00a0\u00a0\u00a0\u00a0\u00a0\u00a0\u00a0\u00a0 Magdalena S\u00e1nchez Canedo &#8211; \u00a0<em>Alberdi y Sarmiento: \u00bfUna tensi\u00f3n entre libertad e igualdad?<\/em><\/p>\n<p style=\"text-align: justify;\">&#8211;\u00a0\u00a0\u00a0\u00a0\u00a0\u00a0\u00a0\u00a0\u00a0\u00a0 Fernando Delfino Polo &#8211; \u00a0<em>La Comunidad Organizada, proyecto filos\u00f3fico<\/em><\/p>\n<p style=\"text-align: justify;\">&#8211;\u00a0\u00a0\u00a0\u00a0\u00a0\u00a0\u00a0\u00a0\u00a0\u00a0 Paula Meschini \u00a0&#8211;\u00a0 \u00a0<em>Del Frondizismo \u00a0al Kirchnerismo: \u00a0continuidades \u00a0y rupturas \u00a0para repensar\u00a0 la problem\u00e1tica \u00a0del desarrollo en argentina<\/em><\/p>\n<p style=\"text-align: justify;\">&nbsp;<\/p>\n<p style=\"text-align: justify;\">Coordinaci\u00f3n: Ariel Fazio<\/p>\n<p style=\"text-align: justify;\">&nbsp;<\/p>\n<p style=\"text-align: justify;\"><strong>Aula 12 \u2013 <\/strong>Presentaci\u00f3n del libro <em>Fernando Savater. Biograf\u00eda Intelectual De Un \u201cJoven Fil\u00f3sofo\u201d<\/em><\/p>\n<p style=\"text-align: justify;\">&nbsp;<\/p>\n<p style=\"text-align: justify;\">Nogueroles Jov\u00e9, Marta; \u00a0<em>Fernando Savater. Biograf\u00eda Intelectual De Un \u201cJoven Fil\u00f3sofo\u201d. <\/em>Endymion. Madrid. 2013<\/p>\n<p style=\"text-align: justify;\">&nbsp;<\/p>\n<p style=\"text-align: justify;\">Presentaci\u00f3n a cargo de Marta Nogueroles, Juan Antonio Delgado de la Rosa y Elina Ibarra<\/p>\n<p style=\"text-align: justify;\"><strong>Aula 11 <\/strong>\u2013 Grupo de Discusi\u00f3n: Econom\u00eda, solidaridad y Pol\u00edticas P\u00fablicas<\/p>\n<p style=\"text-align: justify;\">&nbsp;<\/p>\n<p style=\"text-align: justify;\">&#8211;\u00a0\u00a0\u00a0\u00a0\u00a0\u00a0\u00a0\u00a0\u00a0\u00a0 Luciana Fiorda;\u00a0 \u00a0Iris Pezzarini;\u00a0 \u00a0Vanesa Repetto;\u00a0 \u00a0Geraldina Brid;\u00a0 \u00a0Rodolfo Pastore;\u00a0 \u00a0Gustavo Wansidler;\u00a0 \u00a0Daniel Alejandro Garc\u00eda &#8211; \u00a0<em>El Diploma de \u00abOperador Socioeducativo en Econom\u00eda Social y Solidaria\u00bb para Orientadores del Programa de Ingreso Social con Trabajo \u00abArgentina, Trabaja\u00bb<\/em><\/p>\n<p style=\"text-align: justify;\">&#8211;\u00a0\u00a0\u00a0\u00a0\u00a0\u00a0\u00a0\u00a0\u00a0\u00a0 Victoria Molteni &#8211; <em>\u201cManos a la obra\u201d: la econom\u00eda social y solidaria como nueva pol\u00edtica de inserci\u00f3n en Argentina entre 2003 y 2006<\/em><\/p>\n<p style=\"text-align: justify;\">&#8211;\u00a0\u00a0\u00a0\u00a0\u00a0\u00a0\u00a0\u00a0\u00a0\u00a0 Jacques \u00a0Sochaczewski; \u00a0Fatima \u00a0De \u00a0Oliveira \u00a0Souza \u00a0&#8211; <em>Exigibilidade \u00a0de\u00a0 direitos \u00a0no Estado \u00a0prestador \u00a0de\u00a0 Pol\u00edticas<\/em><\/p>\n<p style=\"text-align: justify;\"><em>P\u00fablicas<\/em><\/p>\n<p style=\"text-align: justify;\">Coordinaci\u00f3n: Germ\u00e1n Ib\u00e1\u00f1ez<\/p>\n<p style=\"text-align: justify;\">&nbsp;<\/p>\n<p style=\"text-align: justify;\"><strong>Aula 10 <\/strong>\u2013 Grupo de Discusi\u00f3n: Congresos, Jornadas, Simposios; \u00bfpara qu\u00e9?<\/p>\n<p style=\"text-align: justify;\">&nbsp;<\/p>\n<p style=\"text-align: justify;\">&#8211;\u00a0\u00a0\u00a0\u00a0\u00a0\u00a0\u00a0\u00a0\u00a0\u00a0 Mar\u00eda Mercedes Palumbo &#8211; \u00a0<em>Congresos, Jornadas, Simposios; \u00bfpara qu\u00e9?<\/em><\/p>\n<p style=\"text-align: justify;\">&#8211;\u00a0\u00a0\u00a0\u00a0\u00a0\u00a0\u00a0\u00a0\u00a0\u00a0 Mar\u00eda Soledad Ramati &#8211; \u00a0Congresos, Jornadas, Simposios; \u00bfpara qu\u00e9?<\/p>\n<p style=\"text-align: justify;\">&#8211;\u00a0\u00a0\u00a0\u00a0\u00a0\u00a0\u00a0\u00a0\u00a0\u00a0 Sebasti\u00e1n Levalle &#8211; \u00a0<em>Congresos, Jornadas, Simposios; \u00bfpara qu\u00e9?<\/em><\/p>\n<p style=\"text-align: justify;\">&#8211;\u00a0\u00a0\u00a0\u00a0\u00a0\u00a0\u00a0\u00a0\u00a0\u00a0 Martin Forciniti \u00a0&#8211; <em>Producci\u00f3n \u00a0y\/o reproducci\u00f3n: \u00a0alcances\u00a0 y l\u00edmites de las ponencias \u00a0individuales, \u00a0los paneles, \u00a0las mesas redondas<\/em><\/p>\n<p style=\"text-align: justify;\">&#8211;\u00a0\u00a0\u00a0\u00a0\u00a0\u00a0\u00a0\u00a0\u00a0\u00a0 Alejandro Cristian Bresler \u2013 <em>Formas y formalidades de la imposibilidad del pensamiento<\/em><\/p>\n<p style=\"text-align: justify;\">&nbsp;<\/p>\n<p style=\"text-align: justify;\">Coordinaci\u00f3n: Ezequiel Pinacchio<\/p>\n<p style=\"text-align: justify;\">&nbsp;<\/p>\n<p style=\"text-align: justify;\">&nbsp;<\/p>\n<p style=\"text-align: justify;\"><strong>20:00<\/strong><\/p>\n<p style=\"text-align: justify;\">&nbsp;<\/p>\n<p style=\"text-align: justify;\"><strong>Auditorio Juana Azurduy <\/strong>&#8211; Panel 5: Nuevas perspectivas cr\u00edticas en Derecho. Hacia una justicia democr\u00e1tica y participativa<\/p>\n<p style=\"text-align: justify;\">&nbsp;<\/p>\n<p style=\"text-align: justify;\">&#8211;\u00a0\u00a0\u00a0\u00a0\u00a0\u00a0\u00a0\u00a0\u00a0\u00a0 <strong>Ra\u00fal Zaffaroni <\/strong>(Ministro de la Corte Suprema de Justicia de la Naci\u00f3n &#8211; Argentina)<\/p>\n<p style=\"text-align: justify;\">&#8211;\u00a0\u00a0\u00a0\u00a0\u00a0\u00a0\u00a0\u00a0\u00a0\u00a0 <strong>Cristina Caama\u00f1o <\/strong>(Secretaria de Cooperaci\u00f3n con los Poderes Judiciales, Ministerios P\u00fablicos y Legislaturas del<\/p>\n<p style=\"text-align: justify;\">Ministerio de Seguridad de la Naci\u00f3n &#8211; Argentina)<\/p>\n<p style=\"text-align: justify;\">&#8211;\u00a0\u00a0\u00a0\u00a0\u00a0\u00a0\u00a0\u00a0\u00a0\u00a0 <strong>Alejandro Medici <\/strong>(UPMPM \/ UNLP \/ UNLPAM &#8211; Argentina)<\/p>\n<p style=\"text-align: justify;\">&nbsp;<\/p>\n<p style=\"text-align: justify;\">Coordinador: Alejandro Bresler (UPMPM \/ CIPPLA)<\/p>\n<p style=\"text-align: justify;\">&nbsp;<\/p>\n<p style=\"text-align: justify;\">&nbsp;<\/p>\n<p style=\"text-align: justify;\"><strong>22:00 Pe\u00f1a de cierre \u2013 Micr\u00f3fono abierto<\/strong><\/p>\n<p style=\"text-align: justify;\"><strong>Auditorio Juana Azurduy<\/strong><\/p>\n<p style=\"text-align: justify;\">&nbsp;<\/p>\n<p style=\"text-align: justify;\"><strong>Participaciones confirmadas:<\/strong><\/p>\n<p style=\"text-align: justify;\">&#8211;\u00a0\u00a0\u00a0\u00a0\u00a0\u00a0\u00a0\u00a0\u00a0\u00a0 <strong>Colectivo \u00abMujer Trova\u00bb, con la presencia de Alejandra Rabinovich y Carolina Wajnerman (Calewa)<\/strong><\/p>\n<p style=\"text-align: justify;\">&#8211;\u00a0\u00a0\u00a0\u00a0\u00a0\u00a0\u00a0\u00a0\u00a0\u00a0 <strong>La m\u00e1quina de hacer<\/strong><\/p>\n<p style=\"text-align: justify;\">&nbsp;<\/p>\n<p style=\"text-align: justify;\">&nbsp;<\/p>\n","protected":false},"excerpt":{"rendered":"<p>Universidad Popular Madres de Plaza de Mayo CIPPLA &#8211; Centro de Investigaciones en Pensamiento Pol\u00edtico Laitnoamericano Construcci\u00f3n colectiva del conocimiento y la liberaci\u00f3n Hip\u00f3lito Yrigoyen 1584. Ciudad Aut\u00f3noma de Buenos Aires<\/p>\n","protected":false},"author":2,"featured_media":0,"comment_status":"closed","ping_status":"closed","sticky":false,"template":"","format":"standard","meta":{"_crdt_document":"","footnotes":""},"categories":[5,40],"tags":[13,468],"class_list":["post-8628","post","type-post","status-publish","format-standard","hentry","category-congresos","category-informaciones","tag-america-latina","tag-pensamiento-politico"],"_links":{"self":[{"href":"https:\/\/adhilac.com.ar\/index.php?rest_route=\/wp\/v2\/posts\/8628","targetHints":{"allow":["GET"]}}],"collection":[{"href":"https:\/\/adhilac.com.ar\/index.php?rest_route=\/wp\/v2\/posts"}],"about":[{"href":"https:\/\/adhilac.com.ar\/index.php?rest_route=\/wp\/v2\/types\/post"}],"author":[{"embeddable":true,"href":"https:\/\/adhilac.com.ar\/index.php?rest_route=\/wp\/v2\/users\/2"}],"replies":[{"embeddable":true,"href":"https:\/\/adhilac.com.ar\/index.php?rest_route=%2Fwp%2Fv2%2Fcomments&post=8628"}],"version-history":[{"count":6,"href":"https:\/\/adhilac.com.ar\/index.php?rest_route=\/wp\/v2\/posts\/8628\/revisions"}],"predecessor-version":[{"id":8632,"href":"https:\/\/adhilac.com.ar\/index.php?rest_route=\/wp\/v2\/posts\/8628\/revisions\/8632"}],"wp:attachment":[{"href":"https:\/\/adhilac.com.ar\/index.php?rest_route=%2Fwp%2Fv2%2Fmedia&parent=8628"}],"wp:term":[{"taxonomy":"category","embeddable":true,"href":"https:\/\/adhilac.com.ar\/index.php?rest_route=%2Fwp%2Fv2%2Fcategories&post=8628"},{"taxonomy":"post_tag","embeddable":true,"href":"https:\/\/adhilac.com.ar\/index.php?rest_route=%2Fwp%2Fv2%2Ftags&post=8628"}],"curies":[{"name":"wp","href":"https:\/\/api.w.org\/{rel}","templated":true}]}}