{"id":8704,"date":"2013-11-18T08:22:58","date_gmt":"2013-11-18T11:22:58","guid":{"rendered":"https:\/\/adhilac.com.ar\/?p=8704"},"modified":"2013-11-21T07:23:48","modified_gmt":"2013-11-21T10:23:48","slug":"invitacion-al-panel-sobre-la-vida-de-manuel-galich-universidad-de-la-habana-27-de-noviembre-de-2013","status":"publish","type":"post","link":"https:\/\/adhilac.com.ar\/?p=8704","title":{"rendered":"Invitaci\u00f3n al Panel sobre la vida de Manuel Galich. Universidad de La Habana. 27 de noviembre de 2013"},"content":{"rendered":"<h3 style=\"text-align: justify;\">Evocacion<span style=\"color: #339966;\">Evocaci\u00f3n del intelectual guatemalteco<\/span><\/h3>\n<p style=\"text-align: justify;\">La Asociaci\u00f3n de Historiadores Latinoamericanos y del Caribe (ADHILAC) y la C\u00e1tedra Manuel Galich de la Universidad de La Habana, tienen el gusto de invitarlo al Panel sobre la vida y la obra del destacado intelectual y revolucionario guatemalteco Dr. Manuel Galich, con motivo de su centenario. La actividad tendr\u00e1 lugar el mi\u00e9rcoles 27 de noviembre de 2013 a las 10 am, en el Edificio Jos\u00e9 Mart\u00ed, de la Facultad de Filosof\u00eda e Historia, en la Colina Universitaria.<!--more--><\/p>\n<p><strong>Publicado por ADHILAC Internacional \u00a9 www.adhilac.com.ar<\/strong><\/p>\n<p>Si Ud. desea asociarse de acuerdo a los Estatutos de ADHILAC\u00a0<a title=\"(ver)\" href=\"https:\/\/adhilac.com.ar\/?page_id=263\">(ver)<\/a> complete el formulario correspondiente\u00a0<a title=\"(Ver)\" href=\"https:\/\/adhilac.com.ar\/?page_id=4779\" target=\"_blank\">(ver)<\/a><\/p>\n<p>E-mail:\u00a0<a title=\"info@adhilac.com.ar\" href=\"https:\/\/adhilac.com.ar\/info@adhilac.com.ar\" target=\"_blank\">info@adhilac.com.ar<\/a><strong> <\/strong><\/p>\n<p>Twitter: @AdhilacInfo<\/p>\n<p>&nbsp;<\/p>\n","protected":false},"excerpt":{"rendered":"<p>EvocacionEvocaci\u00f3n del intelectual guatemalteco La Asociaci\u00f3n de Historiadores Latinoamericanos y del Caribe (ADHILAC) y la C\u00e1tedra Manuel Galich de la Universidad de La Habana, tienen el gusto de invitarlo al Panel sobre la vida y la obra del destacado intelectual y revolucionario guatemalteco Dr. Manuel Galich, con motivo de su centenario. La actividad tendr\u00e1 lugar [&hellip;]<\/p>\n","protected":false},"author":2,"featured_media":0,"comment_status":"closed","ping_status":"closed","sticky":false,"template":"","format":"standard","meta":{"_crdt_document":"","footnotes":""},"categories":[18,5],"tags":[472,428],"class_list":["post-8704","post","type-post","status-publish","format-standard","hentry","category-adhilac-cuba","category-congresos","tag-guatemala","tag-manuel-galich"],"_links":{"self":[{"href":"https:\/\/adhilac.com.ar\/index.php?rest_route=\/wp\/v2\/posts\/8704","targetHints":{"allow":["GET"]}}],"collection":[{"href":"https:\/\/adhilac.com.ar\/index.php?rest_route=\/wp\/v2\/posts"}],"about":[{"href":"https:\/\/adhilac.com.ar\/index.php?rest_route=\/wp\/v2\/types\/post"}],"author":[{"embeddable":true,"href":"https:\/\/adhilac.com.ar\/index.php?rest_route=\/wp\/v2\/users\/2"}],"replies":[{"embeddable":true,"href":"https:\/\/adhilac.com.ar\/index.php?rest_route=%2Fwp%2Fv2%2Fcomments&post=8704"}],"version-history":[{"count":2,"href":"https:\/\/adhilac.com.ar\/index.php?rest_route=\/wp\/v2\/posts\/8704\/revisions"}],"predecessor-version":[{"id":8706,"href":"https:\/\/adhilac.com.ar\/index.php?rest_route=\/wp\/v2\/posts\/8704\/revisions\/8706"}],"wp:attachment":[{"href":"https:\/\/adhilac.com.ar\/index.php?rest_route=%2Fwp%2Fv2%2Fmedia&parent=8704"}],"wp:term":[{"taxonomy":"category","embeddable":true,"href":"https:\/\/adhilac.com.ar\/index.php?rest_route=%2Fwp%2Fv2%2Fcategories&post=8704"},{"taxonomy":"post_tag","embeddable":true,"href":"https:\/\/adhilac.com.ar\/index.php?rest_route=%2Fwp%2Fv2%2Ftags&post=8704"}],"curies":[{"name":"wp","href":"https:\/\/api.w.org\/{rel}","templated":true}]}}