{"id":8739,"date":"2013-12-01T09:53:56","date_gmt":"2013-12-01T12:53:56","guid":{"rendered":"https:\/\/adhilac.com.ar\/?p=8739"},"modified":"2013-12-20T07:40:16","modified_gmt":"2013-12-20T10:40:16","slug":"xi-encuentro-internacional-de-estudios-politicos-y-sociales-la-habana-7-a-11-de-abril-de-2014","status":"publish","type":"post","link":"https:\/\/adhilac.com.ar\/?p=8739","title":{"rendered":"XI Encuentro Internacional de Estudios Politicos y Sociales. La Habana. 7 a 11 de abril de 2014"},"content":{"rendered":"<p>Segunda Convocatoria<\/p>\n<p style=\"padding-left: 30px;\">I Taller de Estudios Hist\u00f3rico-Pol\u00edticos Interdisciplinarios y Comparados sobre Am\u00e9rica Latina<br \/>\nVI Coloquio interdisciplinario sobre estudios politicos y sociales<br \/>\nVIII Taller de estudios politicos y sociales comparados<br \/>\nII Taller sobre est\u00e9tica, pol\u00edtica, cultura e identidad<br \/>\nPulse a continuaci\u00f3n el programa<\/p>\n<p><a href=\"https:\/\/adhilac.com.ar\/wp-content\/uploads\/2013\/12\/EPS-2014.pdf\">PROGRAMA AQUI<!--more--><\/a><\/p>\n<p style=\"text-align: justify;\">Sitio Web del evento: <span style=\"text-decoration: underline;\">epsuh.uh.cu<\/span>, por donde\u00a0formalizar\u00e1 su inscripci\u00f3n.\u00a0Con copia a las direcciones-e.:\u00a0<span style=\"text-decoration: underline;\">epsuh@rect.uh.cu<\/span>, correo electr\u00f3nico del sitio\u00a0Dr. Emilio Duharte D\u00edaz \/ Coordinador<span style=\"text-decoration: underline;\"> eduharte@ffh.uh.cu<\/span>, <span style=\"text-decoration: underline;\">duhartediaz@gmail.com<\/span> Lic. Sonia Arias Curbelo\/ Secretaria de\u00a0divulgaci\u00f3n: <span style=\"text-decoration: underline;\">sarias@ffh.uh.cu.<\/span> Universidad de la Habana\u00a0Facultad de Filosof\u00eda e Historia\u00a0San L\u00e1zaro y L. Vedado. La Habana, Cuba,\u00a0CP 10500. Tel\u00e9fono: (537) 833-1967<\/p>\n<p>&nbsp;<\/p>\n<p><strong>Publicado por ADHILAC Internacional \u00a9 www.adhilac.com.ar<\/strong><\/p>\n<p>Si Ud. desea asociarse de acuerdo a nuestros Estatutos\u00a0<a title=\"(ver)\" href=\"https:\/\/adhilac.com.ar\/?page_id=263\">(ver)<\/a> complete el siguiente formulario<a title=\"(ver)\" href=\"https:\/\/adhilac.com.ar\/?page_id=3194\">(ver)<\/a><\/p>\n<p>E-mail: info@adhilac.com.ar<strong> <\/strong><\/p>\n<p>Twitter: @AdhilacInfo<\/p>\n<p>&nbsp;<\/p>\n","protected":false},"excerpt":{"rendered":"<p>Segunda Convocatoria I Taller de Estudios Hist\u00f3rico-Pol\u00edticos Interdisciplinarios y Comparados sobre Am\u00e9rica Latina VI Coloquio interdisciplinario sobre estudios politicos y sociales VIII Taller de estudios politicos y sociales comparados II Taller sobre est\u00e9tica, pol\u00edtica, cultura e identidad Pulse a continuaci\u00f3n el programa PROGRAMA AQUI<\/p>\n","protected":false},"author":2,"featured_media":0,"comment_status":"closed","ping_status":"closed","sticky":false,"template":"","format":"standard","meta":{"_crdt_document":"","footnotes":""},"categories":[5,40],"tags":[476,63],"class_list":["post-8739","post","type-post","status-publish","format-standard","hentry","category-congresos","category-informaciones","tag-ciencias-politicas","tag-cuba"],"_links":{"self":[{"href":"https:\/\/adhilac.com.ar\/index.php?rest_route=\/wp\/v2\/posts\/8739","targetHints":{"allow":["GET"]}}],"collection":[{"href":"https:\/\/adhilac.com.ar\/index.php?rest_route=\/wp\/v2\/posts"}],"about":[{"href":"https:\/\/adhilac.com.ar\/index.php?rest_route=\/wp\/v2\/types\/post"}],"author":[{"embeddable":true,"href":"https:\/\/adhilac.com.ar\/index.php?rest_route=\/wp\/v2\/users\/2"}],"replies":[{"embeddable":true,"href":"https:\/\/adhilac.com.ar\/index.php?rest_route=%2Fwp%2Fv2%2Fcomments&post=8739"}],"version-history":[{"count":7,"href":"https:\/\/adhilac.com.ar\/index.php?rest_route=\/wp\/v2\/posts\/8739\/revisions"}],"predecessor-version":[{"id":8743,"href":"https:\/\/adhilac.com.ar\/index.php?rest_route=\/wp\/v2\/posts\/8739\/revisions\/8743"}],"wp:attachment":[{"href":"https:\/\/adhilac.com.ar\/index.php?rest_route=%2Fwp%2Fv2%2Fmedia&parent=8739"}],"wp:term":[{"taxonomy":"category","embeddable":true,"href":"https:\/\/adhilac.com.ar\/index.php?rest_route=%2Fwp%2Fv2%2Fcategories&post=8739"},{"taxonomy":"post_tag","embeddable":true,"href":"https:\/\/adhilac.com.ar\/index.php?rest_route=%2Fwp%2Fv2%2Ftags&post=8739"}],"curies":[{"name":"wp","href":"https:\/\/api.w.org\/{rel}","templated":true}]}}