{"id":8805,"date":"2014-01-04T18:38:50","date_gmt":"2014-01-04T21:38:50","guid":{"rendered":"https:\/\/adhilac.com.ar\/?p=8805"},"modified":"2014-01-06T16:37:39","modified_gmt":"2014-01-06T19:37:39","slug":"conmemoracion-de-la-revolucion-en-cuba","status":"publish","type":"post","link":"https:\/\/adhilac.com.ar\/?p=8805","title":{"rendered":"Conmemoraci\u00f3n de la Revoluci\u00f3n en Cuba"},"content":{"rendered":"<p><span style=\"color: #339966;\"><strong><a href=\"https:\/\/adhilac.com.ar\/wp-content\/uploads\/2014\/01\/Cuba13.jpg\"><img loading=\"lazy\" decoding=\"async\" class=\"alignleft size-full wp-image-8806\" title=\"Cuba13\" src=\"https:\/\/adhilac.com.ar\/wp-content\/uploads\/2014\/01\/Cuba13.jpg\" alt=\"\" width=\"278\" height=\"182\" \/><\/a>Cuba: 55 a\u00f1os de Revoluci\u00f3n<\/strong><\/span><\/p>\n<p style=\"text-align: justify;\">Rafael Cuevas Molina<\/p>\n<p><em> Recibimos esta nota de Rafael Cuevas Molina sobre el proceso<\/em><br \/>\n<em> cubano publicada en la revista digital \u00abCon Nuestra\u00a0Am\u00e9rica\u00bb<\/em>.<\/p>\n<p style=\"text-align: justify;\">Con el  derrumbe del campo socialista nadie daba un centavo por la supervivencia  de Cuba. En medio del mar Caribe, a escasas 90 millas de los Estados  Unidos, bloqueada, sin apoyos externos, era cuesti\u00f3n de tiempo para  verla caer. Pero contra viento y marea resisti\u00f3. Alguna vez, en este  mismo espacio, dije que la Cuba de esos a\u00f1os recordaba a la Numancia  ib\u00e9rica, heroica hasta los l\u00edmites que despiertan la admiraci\u00f3n de  quienes la queremos, y la incomprensi\u00f3n de quienes, frot\u00e1ndose las  manos, no entienden por qu\u00e9 la fruta madura no cae de una vez por  todas.<!--more--><\/p>\n<div style=\"text-align: justify;\">Para Am\u00e9rica Latina fue un parte aguas. Abri\u00f3 una nueva \u00e9poca en la que la lucha armada para tomar el poder y cambiar la sociedad se convirti\u00f3 en el af\u00e1n de todo revolucionario. A lo largo de todo el continente emergieron figuras que trataban de emular a Fidel, al Che, a la guerrilla de la Sierra Maestra, y se entregaban hasta el sacrificio supremo de la inmolaci\u00f3n.<\/div>\n<div style=\"text-align: justify;\"><a href=\"https:\/\/adhilac.com.ar\/wp-content\/uploads\/2014\/01\/Cuba10.jpg\"><img loading=\"lazy\" decoding=\"async\" class=\"size-full wp-image-8813 alignleft\" title=\"Cuba10\" src=\"https:\/\/adhilac.com.ar\/wp-content\/uploads\/2014\/01\/Cuba10.jpg\" alt=\"\" width=\"192\" height=\"263\" \/><\/a><\/div>\n<div style=\"text-align: justify;\">Con el derrumbe del campo socialista nadie daba un centavo por su supervivencia. En medio del mar Caribe, a escasas 90 millas de los Estados Unidos, bloqueada, sin apoyos externos, era cuesti\u00f3n de tiempo verla caer.\u00a0Pero contra viento y marea resisti\u00f3. Alguna vez en este mismo espacio dije que la Cuba de esos a\u00f1os recordaba a la Numancia ib\u00e9rica, heroica hasta l\u00edmites que despiertan la admiraci\u00f3n de quienes la queremos, y la incomprensi\u00f3n de quienes, frot\u00e1ndose las manos, no entienden por qu\u00e9 la fruta madura no cae de una vez por todas.<\/div>\n<div style=\"text-align: justify;\">A pesar de los contratiempos, Cuba sigui\u00f3 navegando, con todo lo que ese navegar significa, es decir, cuidando y educando a su gente. Claro que ha tenido que pagar por persistir en su empe\u00f1o y su modelo social ha sufrido, a tal punto que en el discurso de Ra\u00fal en la celebraci\u00f3n del 55 aniversario de la Revoluci\u00f3n, alert\u00f3 sobre la necesidad de redoblar la unidad nacional y, sobre todo, de trabajar con aquella juventud que ha perdido la m\u00edstica que tanto los caracteriz\u00f3 siempre.<\/div>\n<div style=\"text-align: justify;\"><span style=\"color: #ffffff;\">..<\/span><\/div>\n<div style=\"text-align: justify;\"><span style=\"color: #ffffff;\"><br \/>\n<\/span><\/div>\n<div style=\"text-align: justify;\">La peque\u00f1a Cuba caribe\u00f1a sigue siendo, sin embargo, motor generador de los mejores ejemplos de humanismo de nuestros d\u00edas. Recientemente, en Brasil, la presidenta de ese pa\u00eds, Dilma Rousseff, en acto p\u00fablico agradeci\u00f3 a los m\u00e9dicos cubanos que han llegado hasta los m\u00e1s remotos lugares para llevar salud a quienes, muchas veces, no hab\u00edan visto a un m\u00e9dico en toda su vida.<\/div>\n<div style=\"text-align: justify;\"><a href=\"https:\/\/adhilac.com.ar\/wp-content\/uploads\/2014\/01\/Cuba01.jpg\"><img loading=\"lazy\" decoding=\"async\" class=\"alignright size-full wp-image-8816\" title=\"Cuba01\" src=\"https:\/\/adhilac.com.ar\/wp-content\/uploads\/2014\/01\/Cuba01.jpg\" alt=\"\" width=\"324\" height=\"156\" srcset=\"https:\/\/adhilac.com.ar\/wp-content\/uploads\/2014\/01\/Cuba01.jpg 324w, https:\/\/adhilac.com.ar\/wp-content\/uploads\/2014\/01\/Cuba01-300x144.jpg 300w\" sizes=\"auto, (max-width: 324px) 100vw, 324px\" \/><\/a><\/div>\n<div style=\"text-align: justify;\"><a href=\"https:\/\/adhilac.com.ar\/wp-content\/uploads\/2014\/01\/Cuba30.jpg\"><img loading=\"lazy\" decoding=\"async\" class=\"alignleft size-full wp-image-8812\" title=\"Cuba30\" src=\"https:\/\/adhilac.com.ar\/wp-content\/uploads\/2014\/01\/Cuba30.jpg\" alt=\"\" width=\"198\" height=\"255\" \/><\/a><\/div>\n<div style=\"text-align: justify;\">Agradeci\u00f3 personificando su agradecimiento en Juan Delgado, cubano, negro y doctor, quien cuando lleg\u00f3 a ese pa\u00eds, hace poco menos de un a\u00f1o, fue recibido junto con sus compa\u00f1eros y compa\u00f1eras profesionales de la salud, con abucheos e insultos por parte de m\u00e9dicos brasile\u00f1os que, azuzados por los gremios, ve\u00edan en su llegada una competencia en su ejercicio mercantil de la profesi\u00f3n.<\/div>\n<div style=\"text-align: justify;\"><a href=\"https:\/\/adhilac.com.ar\/wp-content\/uploads\/2014\/01\/Cuba04.jpg\"><img loading=\"lazy\" decoding=\"async\" class=\"alignleft size-full wp-image-8818\" title=\"Cuba04\" src=\"https:\/\/adhilac.com.ar\/wp-content\/uploads\/2014\/01\/Cuba04.jpg\" alt=\"\" width=\"280\" height=\"207\" \/><\/a><a href=\"https:\/\/adhilac.com.ar\/wp-content\/uploads\/2014\/01\/Cuba22.jpg\"><img loading=\"lazy\" decoding=\"async\" class=\"alignright size-full wp-image-8819\" title=\"Cuba22\" src=\"https:\/\/adhilac.com.ar\/wp-content\/uploads\/2014\/01\/Cuba22.jpg\" alt=\"\" width=\"263\" height=\"191\" \/><\/a><\/div>\n<div style=\"text-align: justify;\"><span style=\"color: #ffffff;\">&#8230;&#8230;&#8230;&#8230;&#8230;&#8230;&#8230;&#8230;&#8230;&#8230;<\/span>Ese tipo de manifestaciones anticubanas se presentan en todas partes y en todo momento. En Costa Rica, por ejemplo, recientemente volvi\u00f3 al pa\u00eds la doctora Mirna Rom\u00e1n, formada en la Escuela Latinoamericana de Medicina de La Habana. Siendo la primera ng\u00f6be que se grad\u00faa de m\u00e9dica en toda la historia de su pueblo, fue entrevistada por un peri\u00f3dico de circulaci\u00f3n nacional y su caso fue conocido por todo el pa\u00eds. Pocos saben, sin embargo, que la flamante doctora Rom\u00e1n enfrenta la f\u00e9rrea muralla del Colegio de M\u00e9dicos y Cirujanos de Costa Rica, que se niega a reconocer los t\u00edtulos de los m\u00e9dicos formados en Cuba.<\/div>\n<div style=\"text-align: justify;\"><span style=\"color: #ffffff;\">.,.,.,<\/span><\/div>\n<div style=\"text-align: justify;\">El prestigio del que gozan estos profesionales entre la poblaci\u00f3n es, sin embargo, singular, y no nos referimos solamente a los sectores populares. Su don de gentes, su visi\u00f3n integral de la salud humana y su formaci\u00f3n profesional los hace resaltar a donde vayan. Por eso mismo, esas manifestaciones anti cubanas, disfrazadas de profesionalismo, no hacen sino reforzar la idea de que la Revoluci\u00f3n Cubana les sigue doliendo a los grupos dominantes. Mientras m\u00e1s les duela, m\u00e1s se ratifica que Cuba va por buen camino.<\/div>\n<div style=\"padding-left: 30px;\">\u00a1Salud, cubanos, en este nuevo aniversario!<\/div>\n<p style=\"text-align: justify; padding-left: 60px;\">4 de enero de 2014<\/p>\n<p style=\"text-align: justify;\">Fuente: \u00a0<a href=\"http:\/\/connuestraamerica.blogspot.com\/2014\/01\/cuba-55-anos-de-revolucion.html\">http:\/\/connuestraamerica.blogspot.com\/2014\/01\/cuba-55-anos-de-revolucion.html<\/a><\/p>\n<p style=\"text-align: justify;\">&nbsp;<\/p>\n<p style=\"text-align: justify;\"><strong>NOTA<\/strong><\/p>\n<p style=\"text-align: justify;\">* Rafael Cuevas Molina es\u00a0Presidente AUNA-Costa Rica<\/p>\n<p><strong>Publicado por ADHILAC Internacional \u00a9 www.adhilac.com.ar<\/strong><\/p>\n<p>Si Ud. desea asociarse de acuerdo a los Estatutos de ADHILAC\u00a0<a title=\"(ver)\" href=\"https:\/\/adhilac.com.ar\/?page_id=263\">(ver)<\/a> complete el formulario correspondiente\u00a0<a title=\"(Ver)\" href=\"https:\/\/adhilac.com.ar\/?page_id=4779\" target=\"_blank\">(ver)<\/a><\/p>\n<p>E-mail:\u00a0<a title=\"info@adhilac.com.ar\" href=\"https:\/\/adhilac.com.ar\/info@adhilac.com.ar\" target=\"_blank\">info@adhilac.com.ar<\/a><strong> <\/strong><\/p>\n<p>Twitter: @AdhilacInfo<\/p>\n","protected":false},"excerpt":{"rendered":"<p>Cuba: 55 a\u00f1os de Revoluci\u00f3n Rafael Cuevas Molina Recibimos esta nota de Rafael Cuevas Molina sobre el proceso cubano publicada en la revista digital \u00abCon Nuestra\u00a0Am\u00e9rica\u00bb. Con el derrumbe del campo socialista nadie daba un centavo por la supervivencia de Cuba. En medio del mar Caribe, a escasas 90 millas de los Estados Unidos, bloqueada, [&hellip;]<\/p>\n","protected":false},"author":53,"featured_media":0,"comment_status":"closed","ping_status":"closed","sticky":false,"template":"","format":"standard","meta":{"_crdt_document":"","footnotes":""},"categories":[15],"tags":[83],"class_list":["post-8805","post","type-post","status-publish","format-standard","hentry","category-historia","tag-revolucion-cubana"],"_links":{"self":[{"href":"https:\/\/adhilac.com.ar\/index.php?rest_route=\/wp\/v2\/posts\/8805","targetHints":{"allow":["GET"]}}],"collection":[{"href":"https:\/\/adhilac.com.ar\/index.php?rest_route=\/wp\/v2\/posts"}],"about":[{"href":"https:\/\/adhilac.com.ar\/index.php?rest_route=\/wp\/v2\/types\/post"}],"author":[{"embeddable":true,"href":"https:\/\/adhilac.com.ar\/index.php?rest_route=\/wp\/v2\/users\/53"}],"replies":[{"embeddable":true,"href":"https:\/\/adhilac.com.ar\/index.php?rest_route=%2Fwp%2Fv2%2Fcomments&post=8805"}],"version-history":[{"count":14,"href":"https:\/\/adhilac.com.ar\/index.php?rest_route=\/wp\/v2\/posts\/8805\/revisions"}],"predecessor-version":[{"id":8917,"href":"https:\/\/adhilac.com.ar\/index.php?rest_route=\/wp\/v2\/posts\/8805\/revisions\/8917"}],"wp:attachment":[{"href":"https:\/\/adhilac.com.ar\/index.php?rest_route=%2Fwp%2Fv2%2Fmedia&parent=8805"}],"wp:term":[{"taxonomy":"category","embeddable":true,"href":"https:\/\/adhilac.com.ar\/index.php?rest_route=%2Fwp%2Fv2%2Fcategories&post=8805"},{"taxonomy":"post_tag","embeddable":true,"href":"https:\/\/adhilac.com.ar\/index.php?rest_route=%2Fwp%2Fv2%2Ftags&post=8805"}],"curies":[{"name":"wp","href":"https:\/\/api.w.org\/{rel}","templated":true}]}}