{"id":8863,"date":"2012-07-05T11:01:31","date_gmt":"2012-07-05T14:01:31","guid":{"rendered":"https:\/\/adhilac.com.ar\/?p=8863"},"modified":"2014-01-05T18:21:16","modified_gmt":"2014-01-05T21:21:16","slug":"nacion-e-independencia-economica-pedro-pablo-rodriguez","status":"publish","type":"post","link":"https:\/\/adhilac.com.ar\/?p=8863","title":{"rendered":"Naci\u00f3n e independencia econ\u00f3mica. Pedro Pablo Rodr\u00edguez"},"content":{"rendered":"<p style=\"text-align: justify;\"><a href=\"https:\/\/adhilac.com.ar\/wp-content\/uploads\/2014\/01\/PPRodrig-II0001-2.jpg\"><img loading=\"lazy\" decoding=\"async\" class=\"alignleft size-full wp-image-8864\" title=\"PPRodrig II0001-2\" src=\"https:\/\/adhilac.com.ar\/wp-content\/uploads\/2014\/01\/PPRodrig-II0001-2.jpg\" alt=\"\" width=\"160\" height=\"236\" \/><\/a>Editorial de Ciencias Sociales 2012<\/p>\n<p style=\"text-align: justify;\">La Habana. Cuba.<\/p>\n<p style=\"text-align: justify;\">Cuando se recoja todo lo que se refiere a la evoluci\u00f3n del pensamiento econ\u00f3mico cubano, dentro del contexto de las relaciones con Estados Unidos habr\u00e1 que revisar, como fuente pr\u00edstina, esta serie de art\u00edculos.<\/p>\n<p style=\"text-align: justify;\">El periodista e historiador Pedro Pablo Rodr\u00edguez (1946) recopil\u00f3 e investig\u00f3 sobre aquellos que hicieron sus primeros aportes en los siglos XIX y principios del XX acerca del desarrollo econ\u00f3mico cubano.<!--more--><\/p>\n<p style=\"text-align: justify;\">La naciente rep\u00fablica de 1902 adoleci\u00f3 de una real independencia econ\u00f3mica y de una conciencia social al respecto por parte de la intelectualidad de entonces.<\/p>\n<p style=\"text-align: justify;\">Sanguily, Varona, Jos\u00e9 Comallonga, Mart\u00ednez Villena y Ramiro Guerra proponen sus ideas, con sus limitaciones temporales l\u00f3gicas de ese tiempo. Sus diversos enfoques econ\u00f3micos, sin desde\u00f1ar el contexto y las pr\u00e1cticas sociales de esa \u00e9poca, son muy de vanguardia para el tiempo que les toc\u00f3 vivir.<\/p>\n<p style=\"text-align: justify;\">Esos aportes te\u00f3ricos son asombrosos, a\u00fan para muchos hoy d\u00eda y representan la \u201cfalsedad del nacionalismo peque\u00f1o burgu\u00e9s\u201d, seg\u00fan las palabras del autor.<\/p>\n<p style=\"text-align: justify;\"><a href=\"https:\/\/adhilac.com.ar\/wp-content\/uploads\/2014\/01\/PPRodrig-II0002-b.jpg\"><img loading=\"lazy\" decoding=\"async\" class=\"alignnone size-full wp-image-8865\" title=\"PPRodrig II0002 -b\" src=\"https:\/\/adhilac.com.ar\/wp-content\/uploads\/2014\/01\/PPRodrig-II0002-b.jpg\" alt=\"\" width=\"267\" height=\"394\" srcset=\"https:\/\/adhilac.com.ar\/wp-content\/uploads\/2014\/01\/PPRodrig-II0002-b.jpg 267w, https:\/\/adhilac.com.ar\/wp-content\/uploads\/2014\/01\/PPRodrig-II0002-b-203x300.jpg 203w\" sizes=\"auto, (max-width: 267px) 100vw, 267px\" \/><\/a><\/p>\n<p style=\"text-align: justify;\">&nbsp;<\/p>\n<p style=\"text-align: justify;\"><strong>Publicado por ADHILAC Internacional \u00a9 www.adhilac.com.ar<\/strong><\/p>\n<p style=\"text-align: justify;\">Si Ud. desea asociarse de acuerdo a los Estatutos de ADHILAC\u00a0<a title=\"(ver)\" href=\"https:\/\/adhilac.com.ar\/?page_id=263\">(ver)<\/a> complete el formulario correspondiente\u00a0<a title=\"(Ver)\" href=\"https:\/\/adhilac.com.ar\/?page_id=4779\" target=\"_blank\">(ver)<\/a><\/p>\n<p style=\"text-align: justify;\">E-mail:\u00a0<a title=\"info@adhilac.com.ar\" href=\"https:\/\/adhilac.com.ar\/info@adhilac.com.ar\" target=\"_blank\">info@adhilac.com.ar<\/a><strong> <\/strong><\/p>\n<p style=\"text-align: justify;\">Twitter: @AdhilacInfo<\/p>\n","protected":false},"excerpt":{"rendered":"<p>Editorial de Ciencias Sociales 2012 La Habana. Cuba. Cuando se recoja todo lo que se refiere a la evoluci\u00f3n del pensamiento econ\u00f3mico cubano, dentro del contexto de las relaciones con Estados Unidos habr\u00e1 que revisar, como fuente pr\u00edstina, esta serie de art\u00edculos. El periodista e historiador Pedro Pablo Rodr\u00edguez (1946) recopil\u00f3 e investig\u00f3 sobre aquellos [&hellip;]<\/p>\n","protected":false},"author":20,"featured_media":0,"comment_status":"closed","ping_status":"closed","sticky":false,"template":"","format":"standard","meta":{"_crdt_document":"","footnotes":""},"categories":[40,7],"tags":[63,130,477],"class_list":["post-8863","post","type-post","status-publish","format-standard","hentry","category-informaciones","category-publicac-info","tag-cuba","tag-historia-economica","tag-nacion"],"_links":{"self":[{"href":"https:\/\/adhilac.com.ar\/index.php?rest_route=\/wp\/v2\/posts\/8863","targetHints":{"allow":["GET"]}}],"collection":[{"href":"https:\/\/adhilac.com.ar\/index.php?rest_route=\/wp\/v2\/posts"}],"about":[{"href":"https:\/\/adhilac.com.ar\/index.php?rest_route=\/wp\/v2\/types\/post"}],"author":[{"embeddable":true,"href":"https:\/\/adhilac.com.ar\/index.php?rest_route=\/wp\/v2\/users\/20"}],"replies":[{"embeddable":true,"href":"https:\/\/adhilac.com.ar\/index.php?rest_route=%2Fwp%2Fv2%2Fcomments&post=8863"}],"version-history":[{"count":3,"href":"https:\/\/adhilac.com.ar\/index.php?rest_route=\/wp\/v2\/posts\/8863\/revisions"}],"predecessor-version":[{"id":8868,"href":"https:\/\/adhilac.com.ar\/index.php?rest_route=\/wp\/v2\/posts\/8863\/revisions\/8868"}],"wp:attachment":[{"href":"https:\/\/adhilac.com.ar\/index.php?rest_route=%2Fwp%2Fv2%2Fmedia&parent=8863"}],"wp:term":[{"taxonomy":"category","embeddable":true,"href":"https:\/\/adhilac.com.ar\/index.php?rest_route=%2Fwp%2Fv2%2Fcategories&post=8863"},{"taxonomy":"post_tag","embeddable":true,"href":"https:\/\/adhilac.com.ar\/index.php?rest_route=%2Fwp%2Fv2%2Ftags&post=8863"}],"curies":[{"name":"wp","href":"https:\/\/api.w.org\/{rel}","templated":true}]}}