{"id":8913,"date":"2014-01-06T16:34:29","date_gmt":"2014-01-06T19:34:29","guid":{"rendered":"https:\/\/adhilac.com.ar\/?p=8913"},"modified":"2014-01-06T16:34:29","modified_gmt":"2014-01-06T19:34:29","slug":"espejo-y-el-dia-del-periodista-juan-j-paz-y-mino-cepeda","status":"publish","type":"post","link":"https:\/\/adhilac.com.ar\/?p=8913","title":{"rendered":"Espejo y el D\u00eda del Periodista. Juan J. Paz y Mi\u00f1o Cepeda"},"content":{"rendered":"<p style=\"text-align: justify;\"><img loading=\"lazy\" decoding=\"async\" class=\"alignleft\" src=\"http:\/\/4.bp.blogspot.com\/-9I_1bwg-Mt0\/TfDYzD75P9I\/AAAAAAAAAAk\/tVhx9qxKNqo\/s640\/primi.png\" alt=\"\" width=\"170\" height=\"256\" \/>El 5 de enero de cada a\u00f1o se conmemora en Ecuador el D\u00eda del Periodista, como homenaje al primer n\u00famero de \u201cPrimicias de la Cultura de Quito\u201d, que fue, adem\u00e1s, el primer peri\u00f3dico en la historia nacional, que publicara, a partir del 5 de enero de 1792, el c\u00e9lebre ilustrado quite\u00f1o Francisco Eugenio de la Santa Cruz y Espejo (1747-1795).<\/p>\n<p style=\"text-align: justify;\">\nComo lo han resaltado diversos investigadores, Espejo fue una conciencia cr\u00edtica de su \u00e9poca. En sus variados escritos hizo serios cuestionamientos a la situaci\u00f3n colonial y a las autoridades del momento.<!--more--> Con \u201cPrimicias\u201d no solo \u00a0inaugur\u00f3 el periodismo, sino, ante todo, el sentido de la quite\u00f1idad, que no se refiri\u00f3 exclusivamente a la ciudad capital de la Audiencia, sino a todo el pa\u00eds en conformaci\u00f3n. Ese sentido fue perfectamente comprendido por las autoridades, que finalmente consideraron al peri\u00f3dico como un pasqu\u00edn subversivo, de modo que \u201cPrimicias\u201d fue prohibido y solo tuvo siete n\u00fameros en circulaci\u00f3n.<\/p>\n<p style=\"text-align: justify;\">\nEn Espejo el periodismo ecuatoriano tiene a su referente hist\u00f3rico. Fue un peri\u00f3dico casi personal. Espejo actu\u00f3 como editor, redactor, impresor y distribuidor. Desde luego, su peri\u00f3dico fue pol\u00edtico, porque tuvo un sentido cr\u00edtico y pedag\u00f3gico para impulsar la conciencia de los quite\u00f1os sobre su situaci\u00f3n colonial. Desde luego, no fue una empresa period\u00edstica. \u201cPrimicias\u201d es, pues, un referente del periodismo y de los periodistas, es decir, de los trabajadores de la prensa socialmente responsable.<\/p>\n<p style=\"text-align: justify;\">\nPerseguido y apresado, Espejo muri\u00f3 enfermo a causa precisamente de un prolongado encarcelamiento. Pero las ideas que dej\u00f3 le convirtieron en el primero y m\u00e1s importante de los pensadores ilustrados de la \u00e9poca.<\/p>\n<p style=\"text-align: justify;\">\nEspejo advirti\u00f3 la necesidad de la independencia y por ello sus disc\u00edpulos fueron quienes ejecutaron, el 10 de agosto de 1809, la primera revoluci\u00f3n autonomista, que estableci\u00f3 una Junta Soberana de Gobierno, con la cual se inici\u00f3 el largo proceso de la independencia nacional, que solo se alcanz\u00f3 en 1822. Adem\u00e1s, la Revoluci\u00f3n de Quito (1808-1812) form\u00f3 parte del proceso independentista de toda la Hispanoam\u00e9rica y fue pionera junto con las revoluciones de Chuquisaca y La Paz (Bolivia).<\/p>\n<p style=\"text-align: justify;\">Espejo ocupa, por tanto, en la historia de Am\u00e9rica Latina, un lugar privilegiado y se sit\u00faa a la altura de otros ilustrados como el venezolano Francisco de Miranda (1750-1816) o el colombiano Antonio Nari\u00f1o (1765-1823), tambi\u00e9n abiertamente comprometidos con la causa emancipadora.<\/p>\n<p style=\"text-align: justify;\">Fuente: El Tel\u00e9grafo\u00a0Primer Diario P\u00fablicoEcuador, lunes 06 de enero de 2014.<\/p>\n<p style=\"text-align: justify;\">&nbsp;<\/p>\n<p><strong>Publicado por ADHILAC Internacional \u00a9 www.adhilac.com.ar<\/strong><\/p>\n<p>Si Ud. desea asociarse de acuerdo a los Estatutos de ADHILAC\u00a0<a title=\"(ver)\" href=\"https:\/\/adhilac.com.ar\/?page_id=263\">(ver)<\/a> complete el formulario correspondiente\u00a0<a title=\"(Ver)\" href=\"https:\/\/adhilac.com.ar\/?page_id=4779\" target=\"_blank\">(ver)<\/a><\/p>\n<p>E-mail:\u00a0<a title=\"info@adhilac.com.ar\" href=\"https:\/\/adhilac.com.ar\/info@adhilac.com.ar\" target=\"_blank\">info@adhilac.com.ar<\/a><strong> <\/strong><\/p>\n<p>Twitter: @AdhilacInfo<\/p>\n<p style=\"text-align: justify;\">&nbsp;<\/p>\n","protected":false},"excerpt":{"rendered":"<p>El 5 de enero de cada a\u00f1o se conmemora en Ecuador el D\u00eda del Periodista, como homenaje al primer n\u00famero de \u201cPrimicias de la Cultura de Quito\u201d, que fue, adem\u00e1s, el primer peri\u00f3dico en la historia nacional, que publicara, a partir del 5 de enero de 1792, el c\u00e9lebre ilustrado quite\u00f1o Francisco Eugenio de la [&hellip;]<\/p>\n","protected":false},"author":18,"featured_media":0,"comment_status":"closed","ping_status":"closed","sticky":false,"template":"","format":"standard","meta":{"_crdt_document":"","footnotes":""},"categories":[15],"tags":[27,479,480],"class_list":["post-8913","post","type-post","status-publish","format-standard","hentry","category-historia","tag-ecuador","tag-espejo","tag-periodismo"],"_links":{"self":[{"href":"https:\/\/adhilac.com.ar\/index.php?rest_route=\/wp\/v2\/posts\/8913","targetHints":{"allow":["GET"]}}],"collection":[{"href":"https:\/\/adhilac.com.ar\/index.php?rest_route=\/wp\/v2\/posts"}],"about":[{"href":"https:\/\/adhilac.com.ar\/index.php?rest_route=\/wp\/v2\/types\/post"}],"author":[{"embeddable":true,"href":"https:\/\/adhilac.com.ar\/index.php?rest_route=\/wp\/v2\/users\/18"}],"replies":[{"embeddable":true,"href":"https:\/\/adhilac.com.ar\/index.php?rest_route=%2Fwp%2Fv2%2Fcomments&post=8913"}],"version-history":[{"count":1,"href":"https:\/\/adhilac.com.ar\/index.php?rest_route=\/wp\/v2\/posts\/8913\/revisions"}],"predecessor-version":[{"id":8914,"href":"https:\/\/adhilac.com.ar\/index.php?rest_route=\/wp\/v2\/posts\/8913\/revisions\/8914"}],"wp:attachment":[{"href":"https:\/\/adhilac.com.ar\/index.php?rest_route=%2Fwp%2Fv2%2Fmedia&parent=8913"}],"wp:term":[{"taxonomy":"category","embeddable":true,"href":"https:\/\/adhilac.com.ar\/index.php?rest_route=%2Fwp%2Fv2%2Fcategories&post=8913"},{"taxonomy":"post_tag","embeddable":true,"href":"https:\/\/adhilac.com.ar\/index.php?rest_route=%2Fwp%2Fv2%2Ftags&post=8913"}],"curies":[{"name":"wp","href":"https:\/\/api.w.org\/{rel}","templated":true}]}}