{"id":8999,"date":"2014-02-01T07:35:01","date_gmt":"2014-02-01T10:35:01","guid":{"rendered":"https:\/\/adhilac.com.ar\/?p=8999"},"modified":"2014-02-03T15:49:51","modified_gmt":"2014-02-03T18:49:51","slug":"coloquio-internacional-el-antimperialismo-latinoamericano-discursos-y-practicas-homenaje-a-augusto-c-sandino","status":"publish","type":"post","link":"https:\/\/adhilac.com.ar\/?p=8999","title":{"rendered":"Coloquio Internacional El antimperialismo latinoamericano: discursos y pr\u00e1cticas Homenaje a Augusto C. Sandino"},"content":{"rendered":"<h3><span style=\"color: #339966;\">Managua 17 a 21 de junio de 2014<\/span><\/h3>\n<p>&nbsp;<\/p>\n<p style=\"text-align: justify;\"><strong>Justi\ufb01caci\u00f3n<\/strong>:<\/p>\n<p style=\"text-align: justify;\">Parte importante de la historia de Am\u00e9rica Latina ha consistido en de\ufb01nirse frente a distintos poderes imperiales. Las relaciones, muchas veces con\ufb02ictivas, con Espa\u00f1a, Portugal, Holanda, Francia, Gran Breta\u00f1a, Alemania y Estados Unidos, dejaron hondas huellas \u00a0 en la cultura latinoamericana. Muchas de ellas perduran hasta el presente. <!--more-->Desde Las Casas, Bol\u00edvar y Mart\u00ed, hasta Galeano, pasando por Haya de la Torre, Mari\u00e1tegui, Neruda y tantos m\u00e1s, el pensamiento m\u00e1s l\u00facido del continente no rehuy\u00f3 el abordaje de las m\u00faltiples aristas de esa absorbente realidad. \u00a0Lejos de ello, importantes zonas del mismo estuvieron consagradas a desentra\u00f1ar \u00a0y denunciar los mecanismos de la dominaci\u00f3n imperial \u2013pol\u00edtica, econ\u00f3mica y cultural\u2013 y a explorar senderos por los que Nuestra Am\u00e9rica pudiera encontrar su verdadero rostro y alcanzar as\u00ed un estatus de verdadera libertad y democracia: En una importante medida, la b\u00fasqueda de la identidad latinoamericana guard\u00f3 estrecha relaci\u00f3n con estos afanes. Pero la sensibilidad antiimperialista se expres\u00f3 no s\u00f3lo en ese locus privilegiado para la condensaci\u00f3n de im\u00e1genes y representaciones que es el ensayo doctrinario, sino que tambi\u00e9n lo hizo en la narrativa, en la poes\u00eda, en la pl\u00e1stica, en la canci\u00f3n. Por lo dem\u00e1s, como se sabe, el antiimperialismo no ha sido ni es solamente una cuesti\u00f3n simb\u00f3lica. Present\u00f3 y sigue presentando, tambi\u00e9n, una crucial dimensi\u00f3n ligada a las pr\u00e1cticas socio\u2010pol\u00edticas. La labor de muchos de los hombres de acci\u00f3n que m\u00e1s destacan en el singular pante\u00f3n latinoamericano \u2013Charlemagne P\u00e9ralte, Augusto C. Sandino, L\u00e1zaro C\u00e1rdenas, \u00a0Jacobo Arbenz, Ernesto Ch\u00e9 Guevara, Camilo Torres, Salvador Allende\u2013 s\u00f3lo se comprende plenamente si se sit\u00faa en ese marco. Ha habido tambi\u00e9n, evidentemente, un antiimperialismo \u201cdesde abajo\u201d, palpable en la historia de m\u00edtines, encuentros y redes m\u00e1s o menos informales.<\/p>\n<p style=\"text-align: justify;\">Las transformaciones que viene experimentando el continente a partir de los \u00a0procesos abiertos por la elecci\u00f3n de gobiernos que han manifestado privilegiar los intereses de las mayor\u00edas hist\u00f3ricamente empobrecidas y excluidas, ha llevado a nuevas tensiones con el gobierno estadounidense, considerado el representante por antonomasia del imperialismo. La refundaci\u00f3n de Bolivia como un estado plurinacional que alienta el presidente Evo Morales, la revoluci\u00f3n ciudadana emprendida por el presidente Rafael Correa en Ecuador y las iniciativas de integraci\u00f3n regional \u00a0 y de intercambio comercial alentadas e impulsadas \u00a0por el fallecido presidente venezolano Hugo Ch\u00e1vez \u2013Unasur, Petrocaribe, Alba, CELAC\u2013 constituyen a los ojos de numerosos analistas una nueva etapa de la permanente lucha latinoamericana por una independencia de\ufb01nitiva. Las nuevas iniciativas de autonom\u00eda latinoamericana han puesto nuevamente en vigencia la idea del antimperialismo, concepto de constante presencia y hondo signi\ufb01cado en los discursos pol\u00edticos y profunda motivaci\u00f3n de la pr\u00e1ctica \u00a0de \u00a0muchos \u00a0dirigentes \u00a0latinoamericanos. \u00a0Este \u00a0momento \u00a0hist\u00f3rico \u00a0o \u00a0nueva coyuntura latinoamericana resulta propicia para nuevas re\ufb02exiones, para el intercambio de ideas y para la con\ufb02uencia de opiniones y an\u00e1lisis en torno a la cl\u00e1sica cuesti\u00f3n del antiimperialismo latinoamericano como fen\u00f3meno discursivo\u2010simb\u00f3lico y como pr\u00e1ctica socio\u2010pol\u00edtica. Esto se produce en un marco de renovado debate sobre la pertinencia explicativa de los conceptos de imperio e imperialismo, que involucra sus eventuales articulaciones con otros horizontes de temas y problemas: neo y posdesarrollismo, pos o decolonialidad, eventual superaci\u00f3n del capitalismo, etc\u00e9tera.<\/p>\n<p style=\"text-align: justify;\">Coincidiendo con la conmemoraci\u00f3n del ochenta aniversario del asesinato del General de Hombres Libres, Augusto C. Sandino, considerado en su momento \u201cel h\u00e9roe antimperialista m\u00e1s venerado de Latinoam\u00e9rica\u201d (la expresi\u00f3n es de Neill Macaulay), el Centro Estudios sobre Historia y Culturas de Am\u00e9rica Central y el Caribe (CEHCACC), de la Universidad Cat\u00f3lica Redemptoris M\u00e1ter (UNICA), de Managua, y el Grupo de Trabajo de CLACSO sobre el Antiimperialismo Latinoamericano, coordinado desde el Centro de Estudios Latinoamericanos (CEL) de la Universidad Nacional de San Mart\u00edn, en Buenos Aires, convocan a la realizaci\u00f3n del <em>Coloquio Internacional El antimperialismo latinoamericano: discursos y pr\u00e1cticas. Homenaje a Sandino.<\/em><\/p>\n<p><strong>Fechas y lugar:<\/strong><\/p>\n<p style=\"text-align: justify;\">Managua, Nicaragua, del 17 al 21 de junio de 2014.<\/p>\n<p style=\"text-align: justify;\"><strong>Comit\u00e9 Organizador:<\/strong><\/p>\n<p style=\"text-align: justify;\">Dr. Miguel Ayerdis (UNICA), Dr. Guillermo Fern\u00e1ndez Ampi\u00e9 (UNAM\/GT CLACSO), Dra. Kristina Pirker (UNAM\/GT CLACSO), Dr. Andr\u00e9s Kozel (UNSAM\/GT CLACSO), Lic. Florencia Grossi (UNSAM\/GT CLACSO).<br \/>\n<strong> <\/strong><\/p>\n<p style=\"text-align: justify;\"><strong>Desarrollo \u2010 Mesas de trabajo:<\/strong><br \/>\nEl coloquio estar\u00e1 organizado en cinco mesas tem\u00e1ticas cuyas caracter\u00edsticas se detallan m\u00e1s abajo. Constar\u00e1 adem\u00e1s con tres conferencias magistrales, dos presenciales y una video conferencia. Asimismo, tendr\u00e1n lugar en el marco del coloquio dos reuniones de trabajo del GT CLACSO referidas al libro multiautoral El imaginario antiimperialista, de pr\u00f3xima publicaci\u00f3n.<\/p>\n<p>Las mesas tem\u00e1ticas ser\u00e1n las siguientes:<\/p>\n<p style=\"text-align: justify; padding-left: 30px;\">Mesa 1\u2010 El antiimperialismo latinoamericano: aspectos te\u00f3ricos conceptuales: En esta \u00a0 mesa se expondr\u00e1n estudios relativos \u00a0 a c\u00f3mo de\ufb01nir y caracterizar el pensamientoantiimperialista. De igual manera se buscar\u00e1 abrir un debate acerca de la vigencia y\/o alcance de este pensamiento en el siglo XXI.<\/p>\n<p>Mesa 2 \u2010 Estados Unidos en el imaginario antiimperialista latinoamericanoEn esta mesa se presentar\u00e1n trabajos relativos a c\u00f3mo han sido representados los Estados Unidos en el pensamiento antiimperialista latinoamericano. Tambi\u00e9n se presentar\u00e1n exploraciones sobre cuestionamientos al imperialismo originados en los propios Estados Unidos.<\/p>\n<p>Mesa 3 \u2010 La experiencia antiimperialista en M\u00e9xico y Suram\u00e9rica.En esta mesa se abordar\u00e1n las experiencias antiimperialistas de dos de los mayores escenarios latinoamericanos: M\u00e9xico y Sudam\u00e9rica, con el prop\u00f3sito de revelar y analizar los eventos, las modalidades expresivas y las \ufb01guras m\u00e1s signi\ufb01cativas.<\/p>\n<p>Mesa 4 \u2010 Centroam\u00e9rica y Caribe: La resistencia de los m\u00e1s d\u00e9biles. En esta mesa con\ufb02uir\u00e1n estudios relativos a las pr\u00e1cticas y representaciones antiimperialistas \u00a0del escenario en el cual el poder y la dominaci\u00f3n de los imperialismos se ha sentido con mayor contundencia, y donde la resistencia, pese a las debilidades estructurales y la pobreza end\u00e9mica, no ha sido menos enconada.<\/p>\n<p>Mesa 5 \u2010 \u00a0Nicaragua: Nuevos enfoques y perspectivas sobre la gesta sandinista y el antiimperialismo nicarag\u00fcense. En esta mesa se presentar\u00e1n exploraciones orientadas al estudio renovado de la lucha nacionalista del sandinismo de los a\u00f1os veinte del siglo XX, del proceso revolucionario de la d\u00e9cada de los a\u00f1os ochenta, de la vigencia y el alcance del pensamiento de Sandino. Se considerar\u00e1n tambi\u00e9n las representaciones \u00a0 que sobre el h\u00e9roe de las Segovias se han modelado desde la historia, la literatura y el arte.<\/p>\n<p style=\"text-align: justify;\">&nbsp;<\/p>\n<p style=\"text-align: justify;\"><strong>Participantes:<\/strong><\/p>\n<p style=\"text-align: justify;\">Investigadores acad\u00e9micos \u2013historiadores, soci\u00f3logos, polit\u00f3logos, y estudiosos de la literatura y la cultura latinoamericana\u2013 de Argentina, Colombia, Cuba, Chile, Costa Rica, El Salvador, Honduras, Guatemala, M\u00e9xico y Nicaragua. Se estima que se contar\u00e1 con la presencia de medio centenar de participantes.Las propuestas de ponencia y toda comunicaci\u00f3n relativa al coloquio deber\u00e1n ser e nviadas a \u00a0la siguiente direcci\u00f3n de correo electr\u00f3nico :<\/p>\n<p style=\"text-align: justify;\">coloquio.antimperialismo@gmail.com<\/p>\n<p style=\"text-align: justify;\">Por el Comit\u00e9 Organizador:<\/p>\n<p style=\"text-align: justify;\">Dr. Miguel Ayerdis<\/p>\n<p style=\"text-align: justify;\">Universidad Cat\u00f3lica Redemptoris Mater.<\/p>\n<p style=\"text-align: justify;\">Managua. Nicaragua.<\/p>\n<p style=\"text-align: justify;\">Dr. Andr\u00e9s Kozel<\/p>\n<p style=\"text-align: justify;\">Universidad Nacional de San Mart\u00edn.<\/p>\n<p style=\"text-align: justify;\">Buenos Aires, Argentina<\/p>\n<p>&nbsp;<\/p>\n<p><strong>Publicado por ADHILAC Internacional \u00a9 www.adhilac.com.ar<\/strong><\/p>\n<p>Si Ud. desea asociarse de acuerdo a los Estatutos de ADHILAC\u00a0<a title=\"(ver)\" href=\"https:\/\/adhilac.com.ar\/?page_id=263\">(ver)<\/a> complete el formulario correspondiente\u00a0<a title=\"(Ver)\" href=\"https:\/\/adhilac.com.ar\/?page_id=4779\" target=\"_blank\">(ver)<\/a><\/p>\n<p>E-mail:\u00a0<a title=\"info@adhilac.com.ar\" href=\"https:\/\/adhilac.com.ar\/info@adhilac.com.ar\" target=\"_blank\">info@adhilac.com.ar<\/a><strong> <\/strong><\/p>\n<p>Twitter: @AdhilacInfo<\/p>\n<p>&nbsp;<\/p>\n","protected":false},"excerpt":{"rendered":"<p>Managua 17 a 21 de junio de 2014 &nbsp; Justi\ufb01caci\u00f3n: Parte importante de la historia de Am\u00e9rica Latina ha consistido en de\ufb01nirse frente a distintos poderes imperiales. Las relaciones, muchas veces con\ufb02ictivas, con Espa\u00f1a, Portugal, Holanda, Francia, Gran Breta\u00f1a, Alemania y Estados Unidos, dejaron hondas huellas \u00a0 en la cultura latinoamericana. Muchas de ellas perduran [&hellip;]<\/p>\n","protected":false},"author":2,"featured_media":0,"comment_status":"closed","ping_status":"closed","sticky":false,"template":"","format":"standard","meta":{"_crdt_document":"","footnotes":""},"categories":[5,40],"tags":[487,486,369],"class_list":["post-8999","post","type-post","status-publish","format-standard","hentry","category-congresos","category-informaciones","tag-antiimperialismo","tag-augusto-sandino","tag-nicaragua"],"_links":{"self":[{"href":"https:\/\/adhilac.com.ar\/index.php?rest_route=\/wp\/v2\/posts\/8999","targetHints":{"allow":["GET"]}}],"collection":[{"href":"https:\/\/adhilac.com.ar\/index.php?rest_route=\/wp\/v2\/posts"}],"about":[{"href":"https:\/\/adhilac.com.ar\/index.php?rest_route=\/wp\/v2\/types\/post"}],"author":[{"embeddable":true,"href":"https:\/\/adhilac.com.ar\/index.php?rest_route=\/wp\/v2\/users\/2"}],"replies":[{"embeddable":true,"href":"https:\/\/adhilac.com.ar\/index.php?rest_route=%2Fwp%2Fv2%2Fcomments&post=8999"}],"version-history":[{"count":3,"href":"https:\/\/adhilac.com.ar\/index.php?rest_route=\/wp\/v2\/posts\/8999\/revisions"}],"predecessor-version":[{"id":9011,"href":"https:\/\/adhilac.com.ar\/index.php?rest_route=\/wp\/v2\/posts\/8999\/revisions\/9011"}],"wp:attachment":[{"href":"https:\/\/adhilac.com.ar\/index.php?rest_route=%2Fwp%2Fv2%2Fmedia&parent=8999"}],"wp:term":[{"taxonomy":"category","embeddable":true,"href":"https:\/\/adhilac.com.ar\/index.php?rest_route=%2Fwp%2Fv2%2Fcategories&post=8999"},{"taxonomy":"post_tag","embeddable":true,"href":"https:\/\/adhilac.com.ar\/index.php?rest_route=%2Fwp%2Fv2%2Ftags&post=8999"}],"curies":[{"name":"wp","href":"https:\/\/api.w.org\/{rel}","templated":true}]}}