{"id":9037,"date":"2014-02-04T07:01:08","date_gmt":"2014-02-04T10:01:08","guid":{"rendered":"https:\/\/adhilac.com.ar\/?p=9037"},"modified":"2014-02-06T07:07:21","modified_gmt":"2014-02-06T10:07:21","slug":"3er-congreso-internacional-de-historia-humanismo-y-cultura-universidad-autonoma-chapingo-3-4-y-5-de-octubre-de-2014","status":"publish","type":"post","link":"https:\/\/adhilac.com.ar\/?p=9037","title":{"rendered":"3er Congreso internacional de historia, humanismo y cultura Universidad Aut\u00f3noma Chapingo 3, 4 y 5 de octubre de 2014"},"content":{"rendered":"<h3><span style=\"color: #339966;\"><a href=\"https:\/\/adhilac.com.ar\/wp-content\/uploads\/2014\/02\/Cartel-III-Congreso...-2014..jpg\"><img loading=\"lazy\" decoding=\"async\" class=\"alignleft size-thumbnail wp-image-9038\" title=\"Cartel III Congreso... 2014.\" src=\"https:\/\/adhilac.com.ar\/wp-content\/uploads\/2014\/02\/Cartel-III-Congreso...-2014.-150x150.jpg\" alt=\"\" width=\"150\" height=\"150\" \/><\/a>Convocatoria<\/span><\/h3>\n<p style=\"text-align: justify;\"><strong style=\"font-size: 13px;\">UACh &#8211; <\/strong><strong style=\"font-size: 13px;\">UAM-I &#8211; <\/strong><strong style=\"font-size: 13px;\">IISEHMER &#8211; <\/strong><strong style=\"font-size: 13px;\">\u00c1rea de Disciplinas Human\u00edsticas &#8211; <\/strong><strong style=\"font-size: 13px;\">Programa de Humanidades &#8211; <\/strong><strong style=\"font-size: 13px;\">Academia de Historia Regional de Texcoco &#8211; <\/strong><strong style=\"font-size: 13px;\">Asociaci\u00f3n de Historiadores Latinoamericanos y del Caribe &#8211; <\/strong><strong style=\"font-size: 13px;\">C\u00e1tedra internacional \u201cCarlos Marx\u201d de la UAG <\/strong><\/p>\n<p style=\"text-align: justify;\"><!--more--><\/p>\n<p style=\"text-align: justify;\"><span style=\"font-size: 13px;\">En t\u00e9rminos generales, podemos definir la cultura como el conjunto de <\/span><em style=\"font-size: 13px;\">conocimientos, creencias, h\u00e1bitos, costumbres y valores que constituyen y distinguen una determinada forma de vida<\/em><span style=\"font-size: 13px;\">, es decir, una forma de ser\u00a0 y de estar en el mundo; para el a\u00f1o 2014 nos proponemos el tema: hegemon\u00eda e identidad nacional que ser\u00e1 abordado en el <\/span><strong style=\"font-size: 13px;\">3er<\/strong><span style=\"font-size: 13px;\"> <\/span><strong style=\"font-size: 13px;\">Congreso Internacional de Historia, Humanismo y Cultura<\/strong><span style=\"font-size: 13px;\"> a desarrollarse en la Universidad Aut\u00f3noma Chapingo los d\u00edas 3, 4 y 5 de octubre.<\/span><\/p>\n<p style=\"text-align: justify;\">&nbsp;<\/p>\n<p style=\"text-align: justify;\">Los pa\u00edses invitados ser\u00e1: Rep\u00fablica Federal de Nigeria, Rep\u00fablica Isl\u00e1mica de Ir\u00e1n, Rep\u00fablica \u00c1rabe Democr\u00e1tica Saharaui, Estado de Palestina, Corea del norte, Rep\u00fablica Bolivariana de Venezuela, Rep\u00fablica de Cuba, Rep\u00fablica Argentina, Rep\u00fablica del Ecuador y\u00a0 Estado Plurinacional de Bolivia.<\/p>\n<p style=\"text-align: justify;\">&nbsp;<\/p>\n<p style=\"text-align: justify;\">Todas las ponencias se integrar\u00e1n en las siguientes mesas de trabajo:<\/p>\n<p style=\"text-align: justify;\">&nbsp;<\/p>\n<p style=\"text-align: justify;\"><strong>Del devenir al futuro (historia).- <\/strong>Esta mesa concentrar\u00e1 ponencias de estudios hist\u00f3ricos de manera general, pero adem\u00e1s cr\u00f3nicas y relatos de nuestra vida cotidiana; una parte puede ser sobre el futuro desde una perspectiva literaria y anal\u00edtica, sobre las tecnolog\u00edas y los cambios estructurales.<\/p>\n<p style=\"text-align: justify;\"><strong>Del ser y la conciencia (desarrollo humano).- <\/strong>Reunir\u00e1 estudios sobre las relaciones humanas y la convivencia, aspectos de sexualidad y comunicaci\u00f3n, particularmente entre los j\u00f3venes como nuestros estudiantes.<\/p>\n<p style=\"text-align: justify;\"><strong>Un tropo a la u\u00f1a (literatura y lenguaje).- <\/strong>Estudios literarios y de ling\u00fc\u00edstica, todas las tem\u00e1ticas sobre el lenguaje en sus \u00e1mbitos de estudio: desde los fon\u00e9ticos hasta los metaling\u00fc\u00edsticos.<\/p>\n<p style=\"text-align: justify;\"><strong>Del ser y el conocimiento (educaci\u00f3n).- <\/strong>Re\u00fane trabajos sobre la existencia, el conocimiento, la verdad, la moral, la belleza y la mente; como temas fundamentales de la filosof\u00eda.<\/p>\n<p style=\"text-align: justify;\"><strong>De la contemplaci\u00f3n al arte (est\u00e9tica).- <\/strong>Se presentar\u00e1n trabajos sobre est\u00e9tica y manifestaciones art\u00edsticas como la danza, la m\u00fasica, la pl\u00e1stica o el cine; desde su interpretaci\u00f3n o estudios comparativos.<\/p>\n<p style=\"text-align: justify;\">Podr\u00e1n participar investigadores, acad\u00e9micos, docentes, estudiantes y artistas con una ponencia de hasta diez cuartillas con un resumen de tres cuartillas que debe ser le\u00eddo en 10 minutos.<\/p>\n<p style=\"text-align: justify;\">Las ponencias completas se recibir\u00e1n hasta el 13 de septiembre del 2014 -de lo contrario quedar\u00e1n fuera de la memoria- a los correos:<\/p>\n<p style=\"text-align: justify;\">Fortunato Mois\u00e9s Zurita Zafra: <a href=\"mailto:zurita@correo.chapingo.mx\">zurita@correo.chapingo.mx<\/a><\/p>\n<p style=\"text-align: justify;\">Marco A. Anaya P\u00e9rez: <a href=\"mailto:marcoanaya_uach@yahoo.com\">marcoanaya_uach@yahoo.com<\/a><\/p>\n<p style=\"text-align: justify;\">Fabiola Garc\u00eda Hern\u00e1ndez. <a href=\"mailto:fabygarh@gmail.com\">fabygarh@gmail.com<\/a><\/p>\n<p style=\"text-align: justify;\">Marlene Daisy Samaniego V.: <a href=\"mailto:consultorintegra@gmail.com\">consultorintegra@gmail.com<\/a><\/p>\n<p style=\"text-align: justify;\">Esteban Rafael Ruiz Mu\u00f1oz: <a href=\"mailto:estera@live.com.mx\">estera@live.com.mx<\/a><\/p>\n<p style=\"text-align: justify;\">Alejandro Contla Carmona: <a href=\"mailto:contla039@hotmail.com\">contla039@hotmail.com<\/a><\/p>\n<p style=\"text-align: justify;\">&nbsp;<\/p>\n<p style=\"text-align: justify;\">El costo de la inscripci\u00f3n ser\u00e1 de $ 1 500.00 (mil quinientos pesos mexicanos) o 150 d\u00f3lares o 120 euros.<\/p>\n<p style=\"text-align: justify;\">Los ponentes de instituciones p\u00fablicas podr\u00e1n solicitar becas y descuentos de hasta el 90%.<\/p>\n<p style=\"text-align: justify;\">Los estudiantes que presenten ponencias tendr\u00e1n becas del 100%.<\/p>\n<p style=\"text-align: justify;\">Para los asistentes en general su inscripci\u00f3n es gratuita con derecho a Reconocimiento Acad\u00e9mico.<\/p>\n<p style=\"text-align: justify;\">Informes:\u00a0Marco A. Anaya P\u00e9rez:\u00a0<a href=\"mailto:marcoanaya_uach@yahoo.com\">marcoanaya_uach@yahoo.com<\/a><\/p>\n<p><strong>Publicado por ADHILAC Internacional \u00a9 www.adhilac.com.ar<\/strong><\/p>\n<p>Si Ud. desea asociarse de acuerdo a los Estatutos de ADHILAC\u00a0<a title=\"(ver)\" href=\"https:\/\/adhilac.com.ar\/?page_id=263\">(ver)<\/a> complete el formulario correspondiente\u00a0<a title=\"(Ver)\" href=\"https:\/\/adhilac.com.ar\/?page_id=4779\" target=\"_blank\">(ver)<\/a><\/p>\n<p>E-mail:\u00a0<a title=\"info@adhilac.com.ar\" href=\"https:\/\/adhilac.com.ar\/info@adhilac.com.ar\" target=\"_blank\">info@adhilac.com.ar<\/a><strong> <\/strong><\/p>\n<p>Twitter: @AdhilacInfo<\/p>\n<p style=\"text-align: justify;\">&nbsp;<\/p>\n","protected":false},"excerpt":{"rendered":"<p>Convocatoria UACh &#8211; UAM-I &#8211; IISEHMER &#8211; \u00c1rea de Disciplinas Human\u00edsticas &#8211; Programa de Humanidades &#8211; Academia de Historia Regional de Texcoco &#8211; Asociaci\u00f3n de Historiadores Latinoamericanos y del Caribe &#8211; C\u00e1tedra internacional \u201cCarlos Marx\u201d de la UAG<\/p>\n","protected":false},"author":2,"featured_media":0,"comment_status":"closed","ping_status":"closed","sticky":false,"template":"","format":"standard","meta":{"_crdt_document":"","footnotes":""},"categories":[76,5],"tags":[222,871,339,121],"class_list":["post-9037","post","type-post","status-publish","format-standard","hentry","category-adhilac-mexico","category-congresos","tag-cultura","tag-historia","tag-humanismo","tag-mexico"],"_links":{"self":[{"href":"https:\/\/adhilac.com.ar\/index.php?rest_route=\/wp\/v2\/posts\/9037","targetHints":{"allow":["GET"]}}],"collection":[{"href":"https:\/\/adhilac.com.ar\/index.php?rest_route=\/wp\/v2\/posts"}],"about":[{"href":"https:\/\/adhilac.com.ar\/index.php?rest_route=\/wp\/v2\/types\/post"}],"author":[{"embeddable":true,"href":"https:\/\/adhilac.com.ar\/index.php?rest_route=\/wp\/v2\/users\/2"}],"replies":[{"embeddable":true,"href":"https:\/\/adhilac.com.ar\/index.php?rest_route=%2Fwp%2Fv2%2Fcomments&post=9037"}],"version-history":[{"count":2,"href":"https:\/\/adhilac.com.ar\/index.php?rest_route=\/wp\/v2\/posts\/9037\/revisions"}],"predecessor-version":[{"id":9040,"href":"https:\/\/adhilac.com.ar\/index.php?rest_route=\/wp\/v2\/posts\/9037\/revisions\/9040"}],"wp:attachment":[{"href":"https:\/\/adhilac.com.ar\/index.php?rest_route=%2Fwp%2Fv2%2Fmedia&parent=9037"}],"wp:term":[{"taxonomy":"category","embeddable":true,"href":"https:\/\/adhilac.com.ar\/index.php?rest_route=%2Fwp%2Fv2%2Fcategories&post=9037"},{"taxonomy":"post_tag","embeddable":true,"href":"https:\/\/adhilac.com.ar\/index.php?rest_route=%2Fwp%2Fv2%2Ftags&post=9037"}],"curies":[{"name":"wp","href":"https:\/\/api.w.org\/{rel}","templated":true}]}}