{"id":9089,"date":"2014-02-23T09:44:11","date_gmt":"2014-02-23T12:44:11","guid":{"rendered":"https:\/\/adhilac.com.ar\/?p=9089"},"modified":"2014-02-25T09:44:38","modified_gmt":"2014-02-25T12:44:38","slug":"conmemoracion-del-centenario-de-salvador-cisneros-betancourt-academia-de-la-historia-de-cuba-28-de-febrero-de-2014","status":"publish","type":"post","link":"https:\/\/adhilac.com.ar\/?p=9089","title":{"rendered":"Conmemoraci\u00f3n del Centenario de Salvador Cisneros Betancourt. Academia de la Historia de Cuba. 28 de febrero de 2014"},"content":{"rendered":"<h3 style=\"text-align: justify;\"><span style=\"color: #339966;\">La Habana<\/span><\/h3>\n<p style=\"text-align: justify;\">&nbsp;<\/p>\n<p style=\"text-align: justify;\">La Academia de la Historia de Cuba tiene el gusto de invitarle a la Sesi\u00f3n Solemne dedicada a la Conmemoraci\u00f3n del centenario de la muerte de Salvador Cisneros Betancourt y al acto de la recepci\u00f3n de Acad\u00e9mica Correspondiente Extranjera Eugenia Meyer.28 de febrero de 2014. 3 pm. Aula Magna. Colegio San Ger\u00f3nico\u00a0Edificio Santo Domingo Obispo Nro. 154. 3er piso. Entre Mercedes y San Ignacio. La habana. Cuba.<!--more--><\/p>\n<p><a href=\"https:\/\/adhilac.com.ar\/wp-content\/uploads\/2014\/02\/invitacion-sesion-solemne-28-de-febrero.jpg\"><img loading=\"lazy\" decoding=\"async\" class=\"size-full wp-image-9090 aligncenter\" title=\"invitacion sesion solemne 28 de febrero\" src=\"https:\/\/adhilac.com.ar\/wp-content\/uploads\/2014\/02\/invitacion-sesion-solemne-28-de-febrero.jpg\" alt=\"\" width=\"379\" height=\"269\" srcset=\"https:\/\/adhilac.com.ar\/wp-content\/uploads\/2014\/02\/invitacion-sesion-solemne-28-de-febrero.jpg 1755w, https:\/\/adhilac.com.ar\/wp-content\/uploads\/2014\/02\/invitacion-sesion-solemne-28-de-febrero-300x213.jpg 300w, https:\/\/adhilac.com.ar\/wp-content\/uploads\/2014\/02\/invitacion-sesion-solemne-28-de-febrero-1024x727.jpg 1024w\" sizes=\"auto, (max-width: 379px) 100vw, 379px\" \/><\/a><\/p>\n<p style=\"text-align: justify;\"><strong>Publicado por ADHILAC Internacional \u00a9 www.adhilac.com.ar<\/strong><\/p>\n<p style=\"text-align: justify;\">Si Ud. desea asociarse de acuerdo a los Estatutos de ADHILAC\u00a0<a title=\"(ver)\" href=\"https:\/\/adhilac.com.ar\/?page_id=263\">(ver)<\/a> complete el formulario correspondiente\u00a0<a title=\"(Ver)\" href=\"https:\/\/adhilac.com.ar\/?page_id=4779\" target=\"_blank\">(ver)<\/a><\/p>\n<p style=\"text-align: justify;\">E-mail:\u00a0<a title=\"info@adhilac.com.ar\" href=\"https:\/\/adhilac.com.ar\/info@adhilac.com.ar\" target=\"_blank\">info@adhilac.com.ar<\/a><strong> <\/strong><\/p>\n<p style=\"text-align: justify;\">Twitter: @AdhilacInfo<\/p>\n<p style=\"text-align: justify;\">&nbsp;<\/p>\n","protected":false},"excerpt":{"rendered":"<p>La Habana &nbsp; La Academia de la Historia de Cuba tiene el gusto de invitarle a la Sesi\u00f3n Solemne dedicada a la Conmemoraci\u00f3n del centenario de la muerte de Salvador Cisneros Betancourt y al acto de la recepci\u00f3n de Acad\u00e9mica Correspondiente Extranjera Eugenia Meyer.28 de febrero de 2014. 3 pm. Aula Magna. Colegio San Ger\u00f3nico\u00a0Edificio [&hellip;]<\/p>\n","protected":false},"author":2,"featured_media":0,"comment_status":"closed","ping_status":"closed","sticky":false,"template":"","format":"standard","meta":{"_crdt_document":"","footnotes":""},"categories":[40],"tags":[63,494],"class_list":["post-9089","post","type-post","status-publish","format-standard","hentry","category-informaciones","tag-cuba","tag-salvador-cisneros-betancourt"],"_links":{"self":[{"href":"https:\/\/adhilac.com.ar\/index.php?rest_route=\/wp\/v2\/posts\/9089","targetHints":{"allow":["GET"]}}],"collection":[{"href":"https:\/\/adhilac.com.ar\/index.php?rest_route=\/wp\/v2\/posts"}],"about":[{"href":"https:\/\/adhilac.com.ar\/index.php?rest_route=\/wp\/v2\/types\/post"}],"author":[{"embeddable":true,"href":"https:\/\/adhilac.com.ar\/index.php?rest_route=\/wp\/v2\/users\/2"}],"replies":[{"embeddable":true,"href":"https:\/\/adhilac.com.ar\/index.php?rest_route=%2Fwp%2Fv2%2Fcomments&post=9089"}],"version-history":[{"count":2,"href":"https:\/\/adhilac.com.ar\/index.php?rest_route=\/wp\/v2\/posts\/9089\/revisions"}],"predecessor-version":[{"id":9092,"href":"https:\/\/adhilac.com.ar\/index.php?rest_route=\/wp\/v2\/posts\/9089\/revisions\/9092"}],"wp:attachment":[{"href":"https:\/\/adhilac.com.ar\/index.php?rest_route=%2Fwp%2Fv2%2Fmedia&parent=9089"}],"wp:term":[{"taxonomy":"category","embeddable":true,"href":"https:\/\/adhilac.com.ar\/index.php?rest_route=%2Fwp%2Fv2%2Fcategories&post=9089"},{"taxonomy":"post_tag","embeddable":true,"href":"https:\/\/adhilac.com.ar\/index.php?rest_route=%2Fwp%2Fv2%2Ftags&post=9089"}],"curies":[{"name":"wp","href":"https:\/\/api.w.org\/{rel}","templated":true}]}}