{"id":9117,"date":"2014-02-27T20:00:36","date_gmt":"2014-02-27T23:00:36","guid":{"rendered":"https:\/\/adhilac.com.ar\/?p=9117"},"modified":"2014-02-27T20:43:29","modified_gmt":"2014-02-27T23:43:29","slug":"argentina-fallecio-el-destacado-cientifico-y-luchador-federico-westerkam","status":"publish","type":"post","link":"https:\/\/adhilac.com.ar\/?p=9117","title":{"rendered":"Argentina.  Falleci\u00f3 el destacado cient\u00edfico y luchador Federico Westerkam"},"content":{"rendered":"<h3 style=\"text-align: justify;\"><span style=\"color: #339966;\">Una vida dedicada a la lucha por los Derechos Humanos <\/span><\/h3>\n<p style=\"text-align: justify;\">Transcribimos algunas informaciones de prensa:<\/p>\n<p style=\"text-align: justify;\"><strong>Greenpeace lamenta el fallecimiento del reconocido cient\u00edfico Federico Westerkamp<\/strong><\/p>\n<p style=\"text-align: justify;\">\nA los 96 a\u00f1os falleci\u00f3 Federico Westerkamp, uno de los fundadores del Centro de Estudios Legales y Sociales (Cels) y de la Asamblea Permanente por los Derechos Humanos (APDH).<\/p>\n<p style=\"text-align: justify;\">\nLa Legislatura porte\u00f1a declar\u00f3 en 2012 a Westerkamp \u00abPersonalidad Destacada de las Ciencias y los Derechos Humanos\u00bb.<!--more--><\/p>\n<p style=\"text-align: justify;\">Este Doctor en Qu\u00edmica y F\u00edsica recibido en la Universidad de Buenos Aires en 1949 fue un militante activo contra los riesgos del uso de la energ\u00eda nuclear, se opuso al armamentismo y fue precursor en promover el uso de energ\u00edas limpias y renovables.<\/p>\n<p style=\"text-align: justify;\">Tambi\u00e9n se transform\u00f3 en un activista por la paz: fund\u00f3 el Movip, el Movimiento por la Vida y por la Paz y forma parte de muchas asociaciones internacionales por la paz.<br \/>\nFue miembro de la Pugwash, un movimiento creado por Bertrand Russell y Albert Einstein, a quien conoci\u00f3 personalmente.<\/p>\n<p style=\"text-align: justify;\">Durante la Dictadura militar en Argentina, Westerkamp fue el primero en realizar una lista de cient\u00edficos presos y desaparecidos que se ocup\u00f3 de hacer llegar \u00a0a todos los parlamentos, pol\u00edticos y personalidades de pa\u00edses democr\u00e1ticos que pod\u00edan influir en la pol\u00edtica nacional. En aquellos a\u00f1os fue detenido en dos ocasiones.<\/p>\n<p style=\"text-align: justify;\">La Legislatura porte\u00f1a lo declar\u00f3 en 2012 \u00abPersonalidad Destacada de las Ciencias y los Derechos Humanos\u00bb.<\/p>\n<p style=\"text-align: justify;\">Desde Greenpeace hoy lo despedimos con respeto y un profundo agradecimiento.<\/p>\n<p style=\"text-align: justify;\">Noticia &#8211; 27 febrero, 2014<\/p>\n<p style=\"text-align: justify;\">http:\/\/www.greenpeace.org\/argentina\/es\/noticias\/Greenpeace-despide-a-Federico-Westerkamp-uno-de-los-primeros-cientificos-en-cuestionar-el-plan-nuclear-argentino\/<\/p>\n<p>&nbsp;<\/p>\n<p style=\"text-align: center;\">* * *<\/p>\n<p>&nbsp;<\/p>\n<p style=\"text-align: justify;\">FALLECIO EL DIRIGENTE DE DERECHOS HUMANOS JOSE FEDERICO WESTERKAMP<\/p>\n<p style=\"text-align: justify;\">Cient\u00edfico y luchador<\/p>\n<p style=\"text-align: justify;\">Fue uno de los fundadores del Centro de Estudios Legales y Sociales y miembro de la Asamblea Permanente por los Derechos Humanos. Cient\u00edfico y acad\u00e9mico, se convirti\u00f3 en militante a ra\u00edz del secuestro de su hijo Gustavo.<\/p>\n<p style=\"text-align: justify;\">El hist\u00f3rico referente en la lucha por los derechos humanos, socio fundador del Centro de Estudios Legales y Sociales (CELS) y miembro de la Asamblea Permanente por los Derechos Humanos (APDH), Jos\u00e9 Federico Westerkamp, falleci\u00f3 ayer, a los 96 a\u00f1os.<\/p>\n<p style=\"text-align: justify;\">Cient\u00edfico y acad\u00e9mico, se convirti\u00f3 en activo militante a ra\u00edz del secuestro de su hijo Gustavo, quien estuvo detenido siete a\u00f1os, desde 1975, a disposici\u00f3n del Poder Ejecutivo Nacional luego de realizar la revisaci\u00f3n m\u00e9dica para el Servicio Militar Obligatorio en el Regimiento Patricios. Fue el primero que compil\u00f3 la lista de todos los cient\u00edficos presos y desaparecidos durante la dictadura y la hizo conocer a pol\u00edticos dentro y fuera del pa\u00eds.<\/p>\n<p style=\"text-align: justify;\">Pipo, como lo llamaban amigos y familiares, fue detenido pol\u00edtico en dos oportunidades. La primera de ellas, en 1981, cuando la Junta Militar quiso descabezar el CELS (del cual form\u00f3 parte hasta el \u00faltimo d\u00eda como suplente de la comisi\u00f3n directiva) y detuvo tambi\u00e9n a Emilio Mignone, Augusto Conte, Cristina Caiati, Carmen Lapac\u00f3, Boris Pasik y Alfredo Galetti. La segunda vez, por denunciar al juez federal de Rawson como \u201ccorrupto e ineficiente\u201d, cuando se denunciaban los malos tratos a los detenidos en esa localidad.<\/p>\n<p style=\"text-align: justify;\">Westerkamp tambi\u00e9n contribuy\u00f3 a la formaci\u00f3n de la Comisi\u00f3n de Familiares de Detenidos y Desaparecidos por Razones Pol\u00edticas. Su casa sirvi\u00f3 como recinto para las primeras reuniones del organismo, y luego hizo gestiones para recaudar fondos y conseguir una sede propia.<br \/>\nEntre su larga lista de actividades en defensa de los derechos humanos figuran tambi\u00e9n la fundaci\u00f3n del Movimiento por la Vida y por la Paz (Movip), del cual fue presidente hasta la actualidad. A su vez, fue miembro honor\u00edfico de la organizaci\u00f3n sin fines de lucro Fundaci\u00f3n S\u00edntesis.<\/p>\n<p style=\"text-align: justify;\">En lo que hace a su profesi\u00f3n y vida acad\u00e9mica, Westerkamp fue adem\u00e1s un militante del cuidado del medio ambiente y un precursor en advertir acerca de los usos de la energ\u00eda nuclear. Doctor en qu\u00edmica y f\u00edsica por la UBA, se le reconocen dos grandes logros cient\u00edficos relacionados con el l\u00e1ser y con el microondas.<\/p>\n<p style=\"text-align: justify;\">Estuvo casado con Angela Muruz\u00e1bal, quien falleci\u00f3 en enero de 2012 y con quien tuvo tres hijos. En ese mismo a\u00f1o, la Legislatura porte\u00f1a lo reconoci\u00f3 como Personalidad Destacada de la Ciencia y los Derechos Humanos.<\/p>\n<p style=\"text-align: justify;\">A ra\u00edz de su fallecimiento, distintos organismos para los que prest\u00f3 colaboraci\u00f3n salieron a demostrar su pesar. \u201cLo recordaremos con profundo cari\u00f1o y agradecimiento por su coraje e inestimable contribuci\u00f3n a la lucha por los derechos humanos y la construcci\u00f3n del CELS\u201d, se expresaron desde el Centro de Estudios Legales y Sociales.<\/p>\n<p style=\"text-align: justify;\">El copresidente de la Asamblea Permanente por los Derechos Humanos, Miguel Monserrat, afirm\u00f3 a este diario que Westerkamp fue \u201cun valioso colaborador de la Asamblea cuando se llevaba adelante el duro enfrentamiento con las Fuerzas Armadas en nuestro pa\u00eds\u201d, y agreg\u00f3: \u201cFue un intelectual que hizo su aporte a los derechos humanos para as\u00ed enfrentar el clima de terror que se viv\u00eda en Argentina\u201d, al tiempo que asegur\u00f3 que brindar\u00e1n el debido homenaje pr\u00f3ximamente.<\/p>\n<p style=\"text-align: justify;\">Por su parte, la presidente de la Fundaci\u00f3n S\u00edntesis, Elena Chautemps, defini\u00f3 a Westerkamp como \u201cun amante de la vida\u201d. \u201cNos acompa\u00f1\u00f3 desde 1996 como miembro honor\u00edfico junto a su esposa Angela, iba a cualquier acto que se realizara en las escuelas, en cualquier horario, siempre estaba dispuesto a defender al que necesitara ser defendido\u201d, remarc\u00f3 Chautemps. [&#8230;]\u00bb<\/p>\n<p style=\"text-align: justify;\">&nbsp;<\/p>\n<p style=\"text-align: justify;\">http:\/\/www.pagina12.com.ar\/diario\/elpais\/1-240700-2014-02-27.html<\/p>\n<p><strong>Publicado por ADHILAC Internacional \u00a9 www.adhilac.com.ar<\/strong><\/p>\n<p>Si Ud. desea asociarse de acuerdo a los Estatutos de ADHILAC\u00a0<a title=\"(ver)\" href=\"https:\/\/adhilac.com.ar\/?page_id=263\">(ver)<\/a> complete el formulario correspondiente\u00a0<a title=\"(Ver)\" href=\"https:\/\/adhilac.com.ar\/?page_id=4779\" target=\"_blank\">(ver)<\/a><\/p>\n<p>E-mail:\u00a0<a title=\"info@adhilac.com.ar\" href=\"https:\/\/adhilac.com.ar\/info@adhilac.com.ar\" target=\"_blank\">info@adhilac.com.ar<\/a><strong> <\/strong><\/p>\n<p>Twitter: @AdhilacInfo<\/p>\n<p style=\"text-align: justify;\">&nbsp;<\/p>\n","protected":false},"excerpt":{"rendered":"<p>Una vida dedicada a la lucha por los Derechos Humanos Transcribimos algunas informaciones de prensa: Greenpeace lamenta el fallecimiento del reconocido cient\u00edfico Federico Westerkamp A los 96 a\u00f1os falleci\u00f3 Federico Westerkamp, uno de los fundadores del Centro de Estudios Legales y Sociales (Cels) y de la Asamblea Permanente por los Derechos Humanos (APDH). La Legislatura [&hellip;]<\/p>\n","protected":false},"author":2,"featured_media":0,"comment_status":"closed","ping_status":"closed","sticky":false,"template":"","format":"standard","meta":{"_crdt_document":"","footnotes":""},"categories":[40],"tags":[67,116],"class_list":["post-9117","post","type-post","status-publish","format-standard","hentry","category-informaciones","tag-argentina","tag-derechos-humanos"],"_links":{"self":[{"href":"https:\/\/adhilac.com.ar\/index.php?rest_route=\/wp\/v2\/posts\/9117","targetHints":{"allow":["GET"]}}],"collection":[{"href":"https:\/\/adhilac.com.ar\/index.php?rest_route=\/wp\/v2\/posts"}],"about":[{"href":"https:\/\/adhilac.com.ar\/index.php?rest_route=\/wp\/v2\/types\/post"}],"author":[{"embeddable":true,"href":"https:\/\/adhilac.com.ar\/index.php?rest_route=\/wp\/v2\/users\/2"}],"replies":[{"embeddable":true,"href":"https:\/\/adhilac.com.ar\/index.php?rest_route=%2Fwp%2Fv2%2Fcomments&post=9117"}],"version-history":[{"count":1,"href":"https:\/\/adhilac.com.ar\/index.php?rest_route=\/wp\/v2\/posts\/9117\/revisions"}],"predecessor-version":[{"id":9118,"href":"https:\/\/adhilac.com.ar\/index.php?rest_route=\/wp\/v2\/posts\/9117\/revisions\/9118"}],"wp:attachment":[{"href":"https:\/\/adhilac.com.ar\/index.php?rest_route=%2Fwp%2Fv2%2Fmedia&parent=9117"}],"wp:term":[{"taxonomy":"category","embeddable":true,"href":"https:\/\/adhilac.com.ar\/index.php?rest_route=%2Fwp%2Fv2%2Fcategories&post=9117"},{"taxonomy":"post_tag","embeddable":true,"href":"https:\/\/adhilac.com.ar\/index.php?rest_route=%2Fwp%2Fv2%2Ftags&post=9117"}],"curies":[{"name":"wp","href":"https:\/\/api.w.org\/{rel}","templated":true}]}}