{"id":9120,"date":"2014-02-26T17:18:21","date_gmt":"2014-02-26T20:18:21","guid":{"rendered":"https:\/\/adhilac.com.ar\/?p=9120"},"modified":"2014-03-31T19:20:28","modified_gmt":"2014-03-31T22:20:28","slug":"historietas-x-la-identidad-biblioteca-nacional-mariano-moreno-argentina-marzo-de-2014","status":"publish","type":"post","link":"https:\/\/adhilac.com.ar\/?p=9120","title":{"rendered":"Historietas x la identidad. Biblioteca Nacional Mariano Moreno. Argentina Marzo de 2014"},"content":{"rendered":"<h3 style=\"text-align: justify;\"><span style=\"color: #339966;\">CONVOCATORIA<\/span><\/h3>\n<p style=\"text-align: justify;\">En el marco de la muestra <em>Historietas x la identidad,<\/em> la Biblioteca Nacional Mariano Moreno invita al acto organizado por el Mes de la Memoria, el d\u00eda jueves 6 de marzo a las 19 hs. en la Sala Juan L. Ortiz.<\/p>\n<p style=\"text-align: justify;\">Las Abuelas de Plaza de Mayo, en el marco de sus campa\u00f1as de difusi\u00f3n, convocaron a guionistas y dibujantes para que contaran, a trav\u00e9s de cuadritos, una historia concreta: la de un hermano o hermana (en alg\u00fan caso unos primos) que quiere encontrar a uno o una de los 500 ni\u00f1os y ni\u00f1as apropiadas por la\u00a0\u00faltima dictadura militar.<!--more--><\/p>\n<p style=\"text-align: justify;\">&nbsp;<\/p>\n<p style=\"text-align: justify;\">De largas, cotidianas y persistentes pesquisas &#8211; de la inquietud depositada en el cruce de una mirada, de un gesto de un rasgo que puedan resulta familiares &#8211; hablan los trabajos de <em>Historietas por la identidad <\/em>expuestos ahora en la Bilbioteca Nacional Mariano Moreno.<\/p>\n<p style=\"text-align: justify;\">&nbsp;<\/p>\n<p style=\"text-align: justify;\">La muestra, realizada por la Biblioteca Nacional a trav\u00e9s del Programa de Investigaci\u00f3n en Historieta y Humor Gr\u00e1fico Argentinos y del Programa de Derechos Humanos, se puede visitar hasta fines de marzo de lunes a viernes de 10 a 21 hs. y s\u00e1bados y domingos de 12 a 19 hs. en la Sala Leopoldo Lugones y la Plaza del Lector <em>Rayuela. <\/em><\/p>\n<p style=\"text-align: justify;\">&nbsp;<\/p>\n<p>Biblioteca Nacional Mariano Moreno de la Rep\u00fablica Argentina<\/p>\n<p>Ag\u00fcero 2502 &#8211; Ciudad Autonoma de Buenos Aires<\/p>\n<p>contacto@bn.gov.ar \u00a0 \u00a0 &#8211; \u00a0Tel. (5411) 4804-6000 \u00a0&#8211; www.bn.gov.ar<\/p>\n<p>&nbsp;<\/p>\n<p><strong>Publicado por ADHILAC Internacional \u00a9 www.adhilac.com.ar<\/strong><\/p>\n<p>Si Ud. desea asociarse de acuerdo a los Estatutos de ADHILAC\u00a0<a title=\"(ver)\" href=\"https:\/\/adhilac.com.ar\/?page_id=263\">(ver)<\/a> complete el formulario correspondiente\u00a0<a title=\"(Ver)\" href=\"https:\/\/adhilac.com.ar\/?page_id=4779\" target=\"_blank\">(ver)<\/a><\/p>\n<p>E-mail:\u00a0<a title=\"info@adhilac.com.ar\" href=\"https:\/\/adhilac.com.ar\/info@adhilac.com.ar\" target=\"_blank\">info@adhilac.com.ar<\/a><strong> <\/strong><\/p>\n<p>Twitter: @AdhilacInfo<\/p>\n<p>&nbsp;<\/p>\n","protected":false},"excerpt":{"rendered":"<p>CONVOCATORIA En el marco de la muestra Historietas x la identidad, la Biblioteca Nacional Mariano Moreno invita al acto organizado por el Mes de la Memoria, el d\u00eda jueves 6 de marzo a las 19 hs. en la Sala Juan L. Ortiz. Las Abuelas de Plaza de Mayo, en el marco de sus campa\u00f1as de [&hellip;]<\/p>\n","protected":false},"author":2,"featured_media":0,"comment_status":"closed","ping_status":"closed","sticky":false,"template":"","format":"standard","meta":{"_crdt_document":"","footnotes":""},"categories":[106,40],"tags":[503,119],"class_list":["post-9120","post","type-post","status-publish","format-standard","hentry","category-arte-y-artistas","category-informaciones","tag-historietas-por-la-identidad","tag-memoria"],"_links":{"self":[{"href":"https:\/\/adhilac.com.ar\/index.php?rest_route=\/wp\/v2\/posts\/9120","targetHints":{"allow":["GET"]}}],"collection":[{"href":"https:\/\/adhilac.com.ar\/index.php?rest_route=\/wp\/v2\/posts"}],"about":[{"href":"https:\/\/adhilac.com.ar\/index.php?rest_route=\/wp\/v2\/types\/post"}],"author":[{"embeddable":true,"href":"https:\/\/adhilac.com.ar\/index.php?rest_route=\/wp\/v2\/users\/2"}],"replies":[{"embeddable":true,"href":"https:\/\/adhilac.com.ar\/index.php?rest_route=%2Fwp%2Fv2%2Fcomments&post=9120"}],"version-history":[{"count":3,"href":"https:\/\/adhilac.com.ar\/index.php?rest_route=\/wp\/v2\/posts\/9120\/revisions"}],"predecessor-version":[{"id":9122,"href":"https:\/\/adhilac.com.ar\/index.php?rest_route=\/wp\/v2\/posts\/9120\/revisions\/9122"}],"wp:attachment":[{"href":"https:\/\/adhilac.com.ar\/index.php?rest_route=%2Fwp%2Fv2%2Fmedia&parent=9120"}],"wp:term":[{"taxonomy":"category","embeddable":true,"href":"https:\/\/adhilac.com.ar\/index.php?rest_route=%2Fwp%2Fv2%2Fcategories&post=9120"},{"taxonomy":"post_tag","embeddable":true,"href":"https:\/\/adhilac.com.ar\/index.php?rest_route=%2Fwp%2Fv2%2Ftags&post=9120"}],"curies":[{"name":"wp","href":"https:\/\/api.w.org\/{rel}","templated":true}]}}