{"id":9137,"date":"2014-03-14T11:54:41","date_gmt":"2014-03-14T14:54:41","guid":{"rendered":"https:\/\/adhilac.com.ar\/?p=9137"},"modified":"2014-03-24T08:20:23","modified_gmt":"2014-03-24T11:20:23","slug":"poder-economia-y-relaciones-sociales-en-el-reino-de-guatemala-2014","status":"publish","type":"post","link":"https:\/\/adhilac.com.ar\/?p=9137","title":{"rendered":"Poder, econom\u00eda y relaciones sociales en el reino de Guatemala. 2014."},"content":{"rendered":"<h3><span style=\"color: #339966;\"><span><span>Nueva Publicaci\u00f3n <\/span><\/span><\/span><\/h3>\n<p><a href=\"https:\/\/adhilac.com.ar\/wp-content\/uploads\/2014\/03\/Libro-Poder-econom\u00eda-y-relaciones-sociales-en-el-reino-de-Guatemala.bmp\"><img loading=\"lazy\" decoding=\"async\" class=\"size-full wp-image-9138 alignleft\" title=\"Libro Poder, Econom\u00eda y Relaciones Sociales en el reino de Guatemala\" src=\"https:\/\/adhilac.com.ar\/wp-content\/uploads\/2014\/03\/Libro-Poder-econom\u00eda-y-relaciones-sociales-en-el-reino-de-Guatemala.bmp\" alt=\"\" width=\"148\" height=\"226\" \/><\/a><strong><span><span>Carmela Vel\u00e1zquez Bonilla &#8211; Elizet Payne Iglesias<\/span><\/span><\/strong><\/p>\n<p><span><span>Coordinadoras<\/span><\/span><\/p>\n<p><span><span><span><span>Editorial UCR &#8211; Colecci\u00f3n Nueva Historia<\/span><\/span><\/span><\/span><\/p>\n<p><span><span> <\/span><\/span><!--more--><\/p>\n<p><strong><span><span>Publicado por ADHILAC Internacional \u00a9 www.adhilac.com.ar<\/span><\/span><\/strong><\/p>\n<p><span><span>Si Ud. <\/span><span>DESEA Asociarse de acuerdo a los Estatutos de ADHILAC <\/span><\/span><a title=\"(Ver)\" href=\"https:\/\/adhilac.com.ar\/?page_id=263\"><span><span>(ver)<\/span><\/span><\/a><span><span> completa el Formulario Correspondiente <\/span><\/span><a title=\"(Ver)\" href=\"https:\/\/adhilac.com.ar\/?page_id=4779\" target=\"_blank\"><span><span>(ver)<\/span><\/span><\/a><\/p>\n<p><span><span>E-mail: <\/span><\/span><a title=\"info@adhilac.com.ar\" href=\"https:\/\/adhilac.com.ar\/info@adhilac.com.ar\" target=\"_blank\"><span><span>info@adhilac.com.ar<\/span><\/span><\/a><strong> <\/strong><\/p>\n<p><span><span>Twitter: @ AdhilacInfo<\/span><\/span><\/p>\n<p>&nbsp;<\/p>\n","protected":false},"excerpt":{"rendered":"<p>Nueva Publicaci\u00f3n Carmela Vel\u00e1zquez Bonilla &#8211; Elizet Payne Iglesias Coordinadoras Editorial UCR &#8211; Colecci\u00f3n Nueva Historia<\/p>\n","protected":false},"author":2,"featured_media":0,"comment_status":"closed","ping_status":"closed","sticky":false,"template":"","format":"standard","meta":{"_crdt_document":"","footnotes":""},"categories":[7],"tags":[472,199],"class_list":["post-9137","post","type-post","status-publish","format-standard","hentry","category-publicac-info","tag-guatemala","tag-historia-latinoamericana-y-del-caribe"],"_links":{"self":[{"href":"https:\/\/adhilac.com.ar\/index.php?rest_route=\/wp\/v2\/posts\/9137","targetHints":{"allow":["GET"]}}],"collection":[{"href":"https:\/\/adhilac.com.ar\/index.php?rest_route=\/wp\/v2\/posts"}],"about":[{"href":"https:\/\/adhilac.com.ar\/index.php?rest_route=\/wp\/v2\/types\/post"}],"author":[{"embeddable":true,"href":"https:\/\/adhilac.com.ar\/index.php?rest_route=\/wp\/v2\/users\/2"}],"replies":[{"embeddable":true,"href":"https:\/\/adhilac.com.ar\/index.php?rest_route=%2Fwp%2Fv2%2Fcomments&post=9137"}],"version-history":[{"count":5,"href":"https:\/\/adhilac.com.ar\/index.php?rest_route=\/wp\/v2\/posts\/9137\/revisions"}],"predecessor-version":[{"id":9143,"href":"https:\/\/adhilac.com.ar\/index.php?rest_route=\/wp\/v2\/posts\/9137\/revisions\/9143"}],"wp:attachment":[{"href":"https:\/\/adhilac.com.ar\/index.php?rest_route=%2Fwp%2Fv2%2Fmedia&parent=9137"}],"wp:term":[{"taxonomy":"category","embeddable":true,"href":"https:\/\/adhilac.com.ar\/index.php?rest_route=%2Fwp%2Fv2%2Fcategories&post=9137"},{"taxonomy":"post_tag","embeddable":true,"href":"https:\/\/adhilac.com.ar\/index.php?rest_route=%2Fwp%2Fv2%2Ftags&post=9137"}],"curies":[{"name":"wp","href":"https:\/\/api.w.org\/{rel}","templated":true}]}}