{"id":9166,"date":"2014-03-20T18:09:42","date_gmt":"2014-03-20T21:09:42","guid":{"rendered":"https:\/\/adhilac.com.ar\/?p=9166"},"modified":"2014-03-21T18:09:57","modified_gmt":"2014-03-21T21:09:57","slug":"convocatoria-al-taller-nacional-de-yara-a-san-lorenzo-la-habana-25-y-26-de-marzo-de-2014","status":"publish","type":"post","link":"https:\/\/adhilac.com.ar\/?p=9166","title":{"rendered":"Convocatoria al Taller Nacional: De Yara a San Lorenzo. La Habana. 25 y 26 de marzo de 2014"},"content":{"rendered":"<p style=\"text-align: justify;\">La Casa de Altos Estudios Don Fernando Ortiz, de la Facultad de Filosof\u00eda e Historia de la Universidad de La Habana, con el coauspicio de la Academia de la Historia de Cuba (AHC), la Oficina del Historiador de la Ciudad de La Habana, la Biblioteca Nacional de Cuba <em>Jos\u00e9 Mart\u00ed<\/em> y el Instituto de Historia de Cuba \u00a0<strong>Convocan al Taller Nacional <\/strong><\/p>\n<p style=\"text-align: justify;\"><strong><span><span> <\/span><\/span><\/strong><strong><em><span><span>De Yara a San Lorenzo: <\/span><\/span><\/em><\/strong><strong><em><span><span>Aportes y Retos de la historiograf\u00eda<!--more--><\/span><\/span><\/em><\/strong><\/p>\n<p style=\"text-align: justify;\">Este Taller se propone conmemorar el 140 aniversario de la desaparici\u00f3n f\u00edsica de Carlos Manuel de C\u00e9spedes, Padre de la Patria, ocurrida en San Lorenzo, en el a\u00f1o de 1874. Para ello se ha organizado la presentaci\u00f3n de interesantes mesas de debates y conferencias magistrales, sobre los acontecimientos militares y pol\u00edticos m\u00e1s influyentes durante los primeros a\u00f1os de la Guerra Grande.<\/p>\n<p style=\"text-align: justify;\">En tal sentido, la Casa de Altos Estudios invita a todos aquellos profesores, historiadores, estudiantes y amantes de nuestra historia, a asistir a este Taller que reabrir\u00e1 el debate en torno a la revoluci\u00f3n de 1868 y a los sucesos que marcaron momentos de inflexi\u00f3n en aquella gesta libertaria.<\/p>\n<p style=\"text-align: justify;\">Este Taller se celebrar\u00e1 los d\u00edas 25 y 26 de marzo de 2014, en el horario de 9:30 am a 3:00 pm, en el Sal\u00f3n de Reuniones de la Facultad de Filosof\u00eda e Historia de la Universidad de La Habana.<\/p>\n<p style=\"text-align: justify;\">La entrada es libre.<\/p>\n<p>&nbsp;<\/p>\n<p><strong>Publicado por ADHILAC Internacional \u00a9 www.adhilac.com.ar<\/strong><\/p>\n<p>Si Ud.\u00a0DESEA Asociarse de acuerdo a los Estatutos de ADHILAC<a title=\"(Ver)\" href=\"https:\/\/adhilac.com.ar\/?page_id=263\"> (ver) <\/a>Completa el Formulario Correspondiente<a title=\"(Ver)\" href=\"https:\/\/adhilac.com.ar\/?page_id=4779\" target=\"_blank\"> (ver)<\/a><\/p>\n<p>E-mail:<a title=\"info@adhilac.com.ar\" href=\"https:\/\/adhilac.com.ar\/info@adhilac.com.ar\" target=\"_blank\"> info@adhilac.com.ar<\/a><\/p>\n<p>&nbsp;<\/p>\n","protected":false},"excerpt":{"rendered":"<p>La Casa de Altos Estudios Don Fernando Ortiz, de la Facultad de Filosof\u00eda e Historia de la Universidad de La Habana, con el coauspicio de la Academia de la Historia de Cuba (AHC), la Oficina del Historiador de la Ciudad de La Habana, la Biblioteca Nacional de Cuba Jos\u00e9 Mart\u00ed y el Instituto de Historia [&hellip;]<\/p>\n","protected":false},"author":2,"featured_media":0,"comment_status":"closed","ping_status":"closed","sticky":false,"template":"","format":"standard","meta":{"_crdt_document":"","footnotes":""},"categories":[5,40],"tags":[16,431],"class_list":["post-9166","post","type-post","status-publish","format-standard","hentry","category-congresos","category-informaciones","tag-emancipacion","tag-historia-de-cuba"],"_links":{"self":[{"href":"https:\/\/adhilac.com.ar\/index.php?rest_route=\/wp\/v2\/posts\/9166","targetHints":{"allow":["GET"]}}],"collection":[{"href":"https:\/\/adhilac.com.ar\/index.php?rest_route=\/wp\/v2\/posts"}],"about":[{"href":"https:\/\/adhilac.com.ar\/index.php?rest_route=\/wp\/v2\/types\/post"}],"author":[{"embeddable":true,"href":"https:\/\/adhilac.com.ar\/index.php?rest_route=\/wp\/v2\/users\/2"}],"replies":[{"embeddable":true,"href":"https:\/\/adhilac.com.ar\/index.php?rest_route=%2Fwp%2Fv2%2Fcomments&post=9166"}],"version-history":[{"count":2,"href":"https:\/\/adhilac.com.ar\/index.php?rest_route=\/wp\/v2\/posts\/9166\/revisions"}],"predecessor-version":[{"id":9168,"href":"https:\/\/adhilac.com.ar\/index.php?rest_route=\/wp\/v2\/posts\/9166\/revisions\/9168"}],"wp:attachment":[{"href":"https:\/\/adhilac.com.ar\/index.php?rest_route=%2Fwp%2Fv2%2Fmedia&parent=9166"}],"wp:term":[{"taxonomy":"category","embeddable":true,"href":"https:\/\/adhilac.com.ar\/index.php?rest_route=%2Fwp%2Fv2%2Fcategories&post=9166"},{"taxonomy":"post_tag","embeddable":true,"href":"https:\/\/adhilac.com.ar\/index.php?rest_route=%2Fwp%2Fv2%2Ftags&post=9166"}],"curies":[{"name":"wp","href":"https:\/\/api.w.org\/{rel}","templated":true}]}}