{"id":9173,"date":"2014-03-22T08:20:37","date_gmt":"2014-03-22T11:20:37","guid":{"rendered":"https:\/\/adhilac.com.ar\/?p=9173"},"modified":"2014-03-24T08:25:54","modified_gmt":"2014-03-24T11:25:54","slug":"bicentenario-nueva-publicacion-sobre-centroamerica-y-chiapas","status":"publish","type":"post","link":"https:\/\/adhilac.com.ar\/?p=9173","title":{"rendered":"Bicentenario: Nueva publicaci\u00f3n sobre Centroam\u00e9rica y Chiapas"},"content":{"rendered":"<p style=\"text-align: justify;\"><span><span>La\u00a0\u00e9poca\u00a0de las independencias en\u00a0Centroam\u00e9rica\u00a0y Chiapas nuevo libro e<span>ditado el Dr. Aaron Pollack, Con La Colaboraci\u00f3n de: Christophe Belaubre, Sajid Herrera, Elizet Payne, Timothy Hawkins, Aaron Pollack, Xiomara Avenda\u00f1o y Pablo Rodr\u00edguez. <\/span><span>Porci\u00f3n Impreso el Instituto Mora, M\u00e9xico DF 2013.<!--more--><\/span><\/span><\/span><\/p>\n<p><span><span><a href=\"https:\/\/adhilac.com.ar\/wp-content\/uploads\/2014\/03\/La-\u00e9poca-de-las-Independencias-en-CA-y-Chiapas.bmp\"><img loading=\"lazy\" decoding=\"async\" class=\"size-full wp-image-9174 aligncenter\" title=\"La \u00c9poca de las Independencias en CA y Chiapas\" src=\"https:\/\/adhilac.com.ar\/wp-content\/uploads\/2014\/03\/La-\u00e9poca-de-las-Independencias-en-CA-y-Chiapas.bmp\" alt=\"\" width=\"331\" height=\"493\" \/><\/a><\/span><\/span><\/p>\n<p><strong>Publicado por ADHILAC Internacional \u00a9 www.adhilac.com.ar<\/strong><\/p>\n<p>Si Ud.\u00a0DESEA Asociarse de acuerdo a los Estatutos de ADHILAC<a title=\"(Ver)\" href=\"https:\/\/adhilac.com.ar\/?page_id=263\"> (ver) <\/a>Completa el Formulario Correspondiente<a title=\"(Ver)\" href=\"https:\/\/adhilac.com.ar\/?page_id=4779\" target=\"_blank\"> (ver)<\/a><\/p>\n<p>E-mail:<a title=\"info@adhilac.com.ar\" href=\"https:\/\/adhilac.com.ar\/info@adhilac.com.ar\" target=\"_blank\"> info@adhilac.com.ar<\/a><\/p>\n<p><span><span><br \/>\n<\/span><\/span><\/p>\n","protected":false},"excerpt":{"rendered":"<p>La\u00a0\u00e9poca\u00a0de las independencias en\u00a0Centroam\u00e9rica\u00a0y Chiapas nuevo libro editado el Dr. Aaron Pollack, Con La Colaboraci\u00f3n de: Christophe Belaubre, Sajid Herrera, Elizet Payne, Timothy Hawkins, Aaron Pollack, Xiomara Avenda\u00f1o y Pablo Rodr\u00edguez. Porci\u00f3n Impreso el Instituto Mora, M\u00e9xico DF 2013.<\/p>\n","protected":false},"author":2,"featured_media":0,"comment_status":"closed","ping_status":"closed","sticky":false,"template":"","format":"standard","meta":{"_crdt_document":"","footnotes":""},"categories":[15,40,7],"tags":[14,453,499],"class_list":["post-9173","post","type-post","status-publish","format-standard","hentry","category-historia","category-informaciones","category-publicac-info","tag-bicentenario","tag-centroamerica","tag-chiapas"],"_links":{"self":[{"href":"https:\/\/adhilac.com.ar\/index.php?rest_route=\/wp\/v2\/posts\/9173","targetHints":{"allow":["GET"]}}],"collection":[{"href":"https:\/\/adhilac.com.ar\/index.php?rest_route=\/wp\/v2\/posts"}],"about":[{"href":"https:\/\/adhilac.com.ar\/index.php?rest_route=\/wp\/v2\/types\/post"}],"author":[{"embeddable":true,"href":"https:\/\/adhilac.com.ar\/index.php?rest_route=\/wp\/v2\/users\/2"}],"replies":[{"embeddable":true,"href":"https:\/\/adhilac.com.ar\/index.php?rest_route=%2Fwp%2Fv2%2Fcomments&post=9173"}],"version-history":[{"count":1,"href":"https:\/\/adhilac.com.ar\/index.php?rest_route=\/wp\/v2\/posts\/9173\/revisions"}],"predecessor-version":[{"id":9175,"href":"https:\/\/adhilac.com.ar\/index.php?rest_route=\/wp\/v2\/posts\/9173\/revisions\/9175"}],"wp:attachment":[{"href":"https:\/\/adhilac.com.ar\/index.php?rest_route=%2Fwp%2Fv2%2Fmedia&parent=9173"}],"wp:term":[{"taxonomy":"category","embeddable":true,"href":"https:\/\/adhilac.com.ar\/index.php?rest_route=%2Fwp%2Fv2%2Fcategories&post=9173"},{"taxonomy":"post_tag","embeddable":true,"href":"https:\/\/adhilac.com.ar\/index.php?rest_route=%2Fwp%2Fv2%2Ftags&post=9173"}],"curies":[{"name":"wp","href":"https:\/\/api.w.org\/{rel}","templated":true}]}}