{"id":9179,"date":"2014-03-24T15:19:12","date_gmt":"2014-03-24T18:19:12","guid":{"rendered":"https:\/\/adhilac.com.ar\/?p=9179"},"modified":"2014-03-29T17:49:00","modified_gmt":"2014-03-29T20:49:00","slug":"conferencia-las-relaciones-de-bolivia-y-chile-1879-1930-buenos-aires-28-de-marzo-de-2014","status":"publish","type":"post","link":"https:\/\/adhilac.com.ar\/?p=9179","title":{"rendered":"Conferencia \u00abLas relaciones de Bolivia y Chile 1879-1930\u00bb. Buenos Aires. 28 de marzo de 2014"},"content":{"rendered":"<h3 style=\"text-align: justify;\"><span style=\"color: #339966;\"><span><span><span><span><span><span>INVITACION<\/span><\/span><\/span><\/span><\/span><\/span><\/span><\/h3>\n<p style=\"text-align: justify;\"><span><span><span><span><span><span><span><span><span><span>La Embajada del Estado Plurinacional de Bolivia, Tiene El Agrado de invitar a USTED, a la Conferencia \u00abLas Relaciones de Bolivia y Chile. 1879-1930\u00bb que estafa Motivo de la Conmemoraci\u00f3n del D\u00eda del Mar, ser<\/span><\/span><\/span><\/span><\/span><\/span><\/span><\/span><span><span><span><span><span><span> dictada Una Porci\u00f3n de El ilustre historiador boliviano, Dr. Fernando Caj\u00edas de la Vega, el 28 de marzo de 2014 a las 10:30 horas, En El Sal\u00f3n Central de la Casa Patria Grande \u00abPresidente N\u00e9stor Kirchner\u00bb.<\/span><\/span><\/span><\/span><\/span><\/span><\/span><\/span><\/p>\n<p style=\"text-align: justify;\">&nbsp;<\/p>\n<p style=\"text-align: justify;\"><span><span><span><span><span><span><span><span><span><span>Carlos Pellegrini 1285\/89<!--more--><\/span><\/span><\/span><\/span><\/span><\/span><\/span><\/span><\/span><\/span><\/p>\n<p style=\"text-align: justify;\"><span><span><span><span> <\/span><\/span><a href=\"https:\/\/adhilac.com.ar\/wp-content\/uploads\/2014\/03\/Invitacion-Embaja-Bolivia-Bs-As.jpg\"><img loading=\"lazy\" decoding=\"async\" class=\"alignnone size-full wp-image-9182\" title=\"Invitacion Embaja Bolivia Bs As\" src=\"https:\/\/adhilac.com.ar\/wp-content\/uploads\/2014\/03\/Invitacion-Embaja-Bolivia-Bs-As.jpg\" alt=\"\" width=\"489\" height=\"334\" srcset=\"https:\/\/adhilac.com.ar\/wp-content\/uploads\/2014\/03\/Invitacion-Embaja-Bolivia-Bs-As.jpg 1696w, https:\/\/adhilac.com.ar\/wp-content\/uploads\/2014\/03\/Invitacion-Embaja-Bolivia-Bs-As-300x205.jpg 300w, https:\/\/adhilac.com.ar\/wp-content\/uploads\/2014\/03\/Invitacion-Embaja-Bolivia-Bs-As-1024x700.jpg 1024w\" sizes=\"auto, (max-width: 489px) 100vw, 489px\" \/><\/a><!--more--><\/span><\/span><\/p>\n<p style=\"text-align: justify;\"><span><span><span><span><span><span><span><span>secretaria@embajadadebolivia.com.ar <\/span><\/span><\/span><\/span><\/span><\/span><\/span><\/span><\/p>\n<p style=\"text-align: justify;\"><strong><span><span><span><span><span><span>Publicado por ADHILAC Internacional \u00a9 www.adhilac.com.ar<\/span><\/span><\/span><\/span><\/span><\/span><\/strong><\/p>\n<p style=\"text-align: justify;\"><span><span><span><span><span><span>Si Ud. <\/span><\/span><\/span><\/span><\/span><span><span><span><span><span>DESEA Asociarse de acuerdo a los Estatutos de ADHILAC <\/span><\/span><\/span><\/span><\/span><\/span><a title=\"(Ver)\" href=\"https:\/\/adhilac.com.ar\/?page_id=263\"><span><span><span><span><span><span>(ver)<\/span><\/span><\/span><\/span><\/span><\/span><\/a><span><span><span><span><span><span> Completa el Formulario Correspondiente <\/span><\/span><\/span><\/span><\/span><\/span><a title=\"(Ver)\" href=\"https:\/\/adhilac.com.ar\/?page_id=4779\" target=\"_blank\"><span><span><span><span><span><span>(ver)<\/span><\/span><\/span><\/span><\/span><\/span><\/a><\/p>\n<p style=\"text-align: justify;\"><span><span><span><span><span><span>E-mail: <\/span><\/span><\/span><\/span><\/span><\/span><a title=\"info@adhilac.com.ar\" href=\"https:\/\/adhilac.com.ar\/info@adhilac.com.ar\" target=\"_blank\"><span><span><span><span><span><span>info@adhilac.com.ar<\/span><\/span><\/span><\/span><\/span><\/span><\/a><\/p>\n<p style=\"text-align: justify;\"><span><span><br \/>\n<\/span><\/span><\/p>\n","protected":false},"excerpt":{"rendered":"<p>INVITACION La Embajada del Estado Plurinacional de Bolivia, Tiene El Agrado de invitar a USTED, a la Conferencia \u00abLas Relaciones de Bolivia y Chile. 1879-1930\u00bb que estafa Motivo de la Conmemoraci\u00f3n del D\u00eda del Mar, ser dictada Una Porci\u00f3n de El ilustre historiador boliviano, Dr. Fernando Caj\u00edas de la Vega, el 28 de marzo de [&hellip;]<\/p>\n","protected":false},"author":2,"featured_media":0,"comment_status":"closed","ping_status":"closed","sticky":false,"template":"","format":"standard","meta":{"_crdt_document":"","footnotes":""},"categories":[40],"tags":[298,77,500],"class_list":["post-9179","post","type-post","status-publish","format-standard","hentry","category-informaciones","tag-bolivia","tag-chile","tag-salida-al-mar"],"_links":{"self":[{"href":"https:\/\/adhilac.com.ar\/index.php?rest_route=\/wp\/v2\/posts\/9179","targetHints":{"allow":["GET"]}}],"collection":[{"href":"https:\/\/adhilac.com.ar\/index.php?rest_route=\/wp\/v2\/posts"}],"about":[{"href":"https:\/\/adhilac.com.ar\/index.php?rest_route=\/wp\/v2\/types\/post"}],"author":[{"embeddable":true,"href":"https:\/\/adhilac.com.ar\/index.php?rest_route=\/wp\/v2\/users\/2"}],"replies":[{"embeddable":true,"href":"https:\/\/adhilac.com.ar\/index.php?rest_route=%2Fwp%2Fv2%2Fcomments&post=9179"}],"version-history":[{"count":6,"href":"https:\/\/adhilac.com.ar\/index.php?rest_route=\/wp\/v2\/posts\/9179\/revisions"}],"predecessor-version":[{"id":9183,"href":"https:\/\/adhilac.com.ar\/index.php?rest_route=\/wp\/v2\/posts\/9179\/revisions\/9183"}],"wp:attachment":[{"href":"https:\/\/adhilac.com.ar\/index.php?rest_route=%2Fwp%2Fv2%2Fmedia&parent=9179"}],"wp:term":[{"taxonomy":"category","embeddable":true,"href":"https:\/\/adhilac.com.ar\/index.php?rest_route=%2Fwp%2Fv2%2Fcategories&post=9179"},{"taxonomy":"post_tag","embeddable":true,"href":"https:\/\/adhilac.com.ar\/index.php?rest_route=%2Fwp%2Fv2%2Ftags&post=9179"}],"curies":[{"name":"wp","href":"https:\/\/api.w.org\/{rel}","templated":true}]}}