{"id":9187,"date":"2014-03-26T09:10:54","date_gmt":"2014-03-26T12:10:54","guid":{"rendered":"https:\/\/adhilac.com.ar\/?p=9187"},"modified":"2014-03-29T17:48:22","modified_gmt":"2014-03-29T20:48:22","slug":"coloquio-internacional-%e2%80%9cjose-marti-escritor-de-todos-los-tiempos%e2%80%9d-la-habana-14-a-16-de-mayo-de-2014","status":"publish","type":"post","link":"https:\/\/adhilac.com.ar\/?p=9187","title":{"rendered":"Coloquio Internacional \u201cJos\u00e9 Mart\u00ed, escritor de todos los tiempos\u201d. La Habana. 14 a 16 de mayo de 2014."},"content":{"rendered":"<h3><span style=\"color: #339966;\">CONVOCATORIA<\/span><\/h3>\n<p style=\"text-align: justify;\"><strong>Centro de Estudios Martianos<\/strong><\/p>\n<p style=\"text-align: justify;\"><strong>14 al 16 de mayo de 2014<\/strong><\/p>\n<p style=\"text-align: justify;\">e.mails:\u00a0daniaperez@josemarti.co.cu y\u00a0promoci\u00f3ncem@gmail.com<\/p>\n<p style=\"text-align: justify;\">El Centro de Estudios Martianos convoca al Coloquio Internacional <em>Jos\u00e9 Mart\u00ed, escritor de todos los tiempos<\/em>,\u00a0 a celebrarse entre los d\u00edas 14 al 16 de mayo del 2014 con el objetivo de rendir homenaje a Jos\u00e9 Mart\u00ed al cumplirse el 145 aniversario de la publicaci\u00f3n de su poema dram\u00e1tico Abdala, 125 a\u00f1os de las publicaciones \u201cVindicaci\u00f3n a Cuba\u201d, \u201cMadre Am\u00e9rica\u201d y la revista mensual <em>La Edad<\/em><em> de Oro<\/em>.<!--more--><\/p>\n<p style=\"text-align: justify;\">&nbsp;<\/p>\n<p style=\"text-align: justify;\"><span style=\"text-decoration: underline;\">Ejes tem\u00e1ticos:<\/span><\/p>\n<p style=\"text-align: justify;\">&nbsp;<\/p>\n<ol style=\"text-align: justify;\">\n<li>An\u00e1lisis literarios y      ling\u00fc\u00edsticos.<\/li>\n<li>La expresi\u00f3n de su      ideario a trav\u00e9s de sus textos.<\/li>\n<li>El tratamiento de la      historia en su obra.<\/li>\n<li>Su epistolario como      expresi\u00f3n plena del hombre.<\/li>\n<li>Las zonas menos tratadas      de su corpus literario: los cuadernos de apuntes.<\/li>\n<li>Testimonio y ficci\u00f3n en      su narrativa.<\/li>\n<li>Sobre la cr\u00edtica de arte      de Jos\u00e9 Mart\u00ed.<\/li>\n<li>La comunicaci\u00f3n con los      ni\u00f1os y j\u00f3venes en su escritura.<\/li>\n<li>Acercamientos a las obras<em>:      Abdala<\/em>, <em>Vindicaci\u00f3n a Cuba<\/em>, <em>Madre Am\u00e9rica<\/em>, <em>La Edad<\/em><em> de Oro<\/em>.<\/li>\n<li>Contextos e intertextos.<\/li>\n<\/ol>\n<p style=\"text-align: justify;\">&nbsp;<\/p>\n<p style=\"text-align: justify;\">El programa cient\u00edfico contar\u00e1 con conferencias a cargo de personalidades invitadas, paneles integrados por especialistas y las exposiciones presentadas por los delegados.<\/p>\n<p style=\"text-align: justify;\">&nbsp;<\/p>\n<p style=\"text-align: justify;\"><span style=\"text-decoration: underline;\">De los asistentes<\/span><\/p>\n<p style=\"text-align: justify;\">Se podr\u00e1 concurrir en calidad de ponentes. Deber\u00e1n acreditarse durante la sesi\u00f3n inicial del evento. Podr\u00e1n asistir como ponentes, investigadores o profesionales en cualquier \u00e1rea de las letras, las artes o las ciencias sociales. Tambi\u00e9n se aceptar\u00e1n propuestas de estudiantes de nivel superior de cualquier especialidad af\u00edn.<\/p>\n<p style=\"text-align: justify;\">&nbsp;<\/p>\n<p style=\"text-align: justify;\"><span style=\"text-decoration: underline;\">De las propuestas <\/span><\/p>\n<p style=\"text-align: justify;\">Cada aspirante a ponente enviar\u00e1, antes del 30 de marzo de 2014, un extracto del contenido de su trabajo, que incluya el t\u00edtulo y los nombres y apellidos del autor, acompa\u00f1ado de sus datos personales: resumen curricular, instituci\u00f3n de procedencia, direcci\u00f3n particular, tel\u00e9fono y correo electr\u00f3nico. Los res\u00famenes de las ponencias no exceder\u00e1n los 250 caracteres.<\/p>\n<p style=\"text-align: justify;\">El Comit\u00e9 Cient\u00edfico evaluar\u00e1 las propuestas y se reserva el derecho de rechazar las que no considere con la calidad o la pertinencia requeridas. Los autores aceptados recibir\u00e1n la comunicaci\u00f3n correspondiente y enviar\u00e1n la ponencia antes del 15 de abril. Se presentar\u00e1n en formato tama\u00f1o carta, extensi\u00f3n doc (Word), letra Times New Roman, 12 puntos, interlineado a espacio y medio. Ser\u00e1n admitidas un m\u00e1ximo de 15 cuartillas y se publicar\u00e1 en las memorias del evento.<\/p>\n<p style=\"text-align: justify;\">En ning\u00fan caso el tema podr\u00eda ser variado en el momento de la exposici\u00f3n.<\/p>\n<p style=\"text-align: justify;\">&nbsp;<\/p>\n<p style=\"text-align: justify;\">Las exposiciones durante el coloquio no podr\u00e1n exceder los 15 minutos.<\/p>\n<p style=\"text-align: justify;\">&nbsp;<\/p>\n<p style=\"text-align: justify;\"><strong>Cuotas de inscripci\u00f3n<\/strong><\/p>\n<p style=\"text-align: justify;\">Ponentes extranjeros:\u00a0\u00a0\u00a0\u00a0\u00a0\u00a0\u00a0\u00a0\u00a0\u00a0\u00a0\u00a0\u00a0\u00a0\u00a0\u00a0\u00a0\u00a0\u00a0\u00a0\u00a0\u00a0\u00a0\u00a0\u00a0\u00a0\u00a0\u00a0\u00a0\u00a0\u00a0\u00a0\u00a0 60 CUC<\/p>\n<p style=\"text-align: justify;\">Acompa\u00f1antes y estudiantes extranjeros:\u00a0\u00a0 30 CUC<\/p>\n<p style=\"text-align: justify;\">Ponentes cubanos:\u00a0\u00a0\u00a0\u00a0\u00a0\u00a0\u00a0\u00a0\u00a0\u00a0\u00a0\u00a0\u00a0\u00a0\u00a0\u00a0\u00a0\u00a0\u00a0\u00a0\u00a0\u00a0\u00a0\u00a0\u00a0\u00a0\u00a0\u00a0\u00a0\u00a0\u00a0\u00a0\u00a0\u00a0\u00a0\u00a0\u00a0\u00a0 60 MN<\/p>\n<p style=\"text-align: justify;\">Estudiantes cubanos:\u00a0\u00a0\u00a0\u00a0\u00a0\u00a0\u00a0\u00a0\u00a0\u00a0\u00a0\u00a0\u00a0\u00a0\u00a0\u00a0\u00a0\u00a0\u00a0\u00a0\u00a0\u00a0\u00a0\u00a0\u00a0\u00a0\u00a0\u00a0\u00a0\u00a0\u00a0\u00a0\u00a0\u00a0 30 MN<\/p>\n<p style=\"text-align: justify;\">Las cuotas de inscripci\u00f3n ser\u00e1n entregadas al realizarse la acreditaci\u00f3n al evento.<\/p>\n<p style=\"text-align: justify;\">&nbsp;<\/p>\n<p style=\"text-align: justify;\"><strong>Informaciones y entregas <\/strong><\/p>\n<p style=\"text-align: justify;\">Los interesados podr\u00e1n informarse o hacer sus entregas, directamente o por v\u00eda de correo regular, en la sede del Centro de Estudios Martianos: Calzada n\u00fam. 807, esq. a 4, El Vedado, Ciudad de La Habana, Cuba, C.P. 10400. Telf. 836 4966 al 69, extensiones 109 y 110. El resumen puede enviarse a trav\u00e9s de las direcciones electr\u00f3nicas<em> <\/em>a: daniaperez@josemarti.co.cu y promoci\u00f3ncem@gmail.com<\/p>\n<p style=\"text-align: justify;\">&nbsp;<\/p>\n<p style=\"text-align: justify;\"><strong>Comit\u00e9 Organizador del Coloquio<\/strong><\/p>\n<p style=\"text-align: justify;\">Presidenta: Dra. Ana S\u00e1nchez Collazo<\/p>\n<p style=\"text-align: justify;\">Vicepresidentes: Dra. Mar\u00eda Elena Segura Su\u00e1rez<\/p>\n<p style=\"text-align: justify;\">Dr. Pedro Pablo Rodr\u00edguez L\u00f3pez<\/p>\n<p style=\"text-align: justify;\">Dr. Salvador Arias Garc\u00eda.<\/p>\n<p style=\"text-align: justify;\">Secretarios cient\u00edficos: Dra. Carmen Su\u00e1rez Le\u00f3n<\/p>\n<p style=\"text-align: justify;\">Dra. Mar\u00eda Caridad Pacheco Gonz\u00e1lez<\/p>\n<p style=\"text-align: justify;\">&nbsp;<\/p>\n<p style=\"text-align: justify;\"><strong>Publicado por ADHILAC Internacional \u00a9 www.adhilac.com.ar<\/strong><\/p>\n<p style=\"text-align: justify;\">Si Ud.\u00a0DESEA Asociarse de acuerdo a los Estatutos de ADHILAC<a title=\"(Ver)\" href=\"https:\/\/adhilac.com.ar\/?page_id=263\"> (ver) <\/a>Completa el Formulario Correspondiente<a title=\"(Ver)\" href=\"https:\/\/adhilac.com.ar\/?page_id=4779\" target=\"_blank\"> (ver)<\/a><\/p>\n<p style=\"text-align: justify;\">E-mail: <a title=\"info@adhilac.com.ar\" href=\"info@adhilac.com.ar\" target=\"_blank\">info@adhilac.com.ar<\/a><\/p>\n","protected":false},"excerpt":{"rendered":"<p>CONVOCATORIA Centro de Estudios Martianos 14 al 16 de mayo de 2014 e.mails:\u00a0daniaperez@josemarti.co.cu y\u00a0promoci\u00f3ncem@gmail.com El Centro de Estudios Martianos convoca al Coloquio Internacional Jos\u00e9 Mart\u00ed, escritor de todos los tiempos,\u00a0 a celebrarse entre los d\u00edas 14 al 16 de mayo del 2014 con el objetivo de rendir homenaje a Jos\u00e9 Mart\u00ed al cumplirse el 145 [&hellip;]<\/p>\n","protected":false},"author":2,"featured_media":0,"comment_status":"closed","ping_status":"closed","sticky":false,"template":"","format":"standard","meta":{"_crdt_document":"","footnotes":""},"categories":[5,40],"tags":[63,64],"class_list":["post-9187","post","type-post","status-publish","format-standard","hentry","category-congresos","category-informaciones","tag-cuba","tag-jose-marti"],"_links":{"self":[{"href":"https:\/\/adhilac.com.ar\/index.php?rest_route=\/wp\/v2\/posts\/9187","targetHints":{"allow":["GET"]}}],"collection":[{"href":"https:\/\/adhilac.com.ar\/index.php?rest_route=\/wp\/v2\/posts"}],"about":[{"href":"https:\/\/adhilac.com.ar\/index.php?rest_route=\/wp\/v2\/types\/post"}],"author":[{"embeddable":true,"href":"https:\/\/adhilac.com.ar\/index.php?rest_route=\/wp\/v2\/users\/2"}],"replies":[{"embeddable":true,"href":"https:\/\/adhilac.com.ar\/index.php?rest_route=%2Fwp%2Fv2%2Fcomments&post=9187"}],"version-history":[{"count":3,"href":"https:\/\/adhilac.com.ar\/index.php?rest_route=\/wp\/v2\/posts\/9187\/revisions"}],"predecessor-version":[{"id":9196,"href":"https:\/\/adhilac.com.ar\/index.php?rest_route=\/wp\/v2\/posts\/9187\/revisions\/9196"}],"wp:attachment":[{"href":"https:\/\/adhilac.com.ar\/index.php?rest_route=%2Fwp%2Fv2%2Fmedia&parent=9187"}],"wp:term":[{"taxonomy":"category","embeddable":true,"href":"https:\/\/adhilac.com.ar\/index.php?rest_route=%2Fwp%2Fv2%2Fcategories&post=9187"},{"taxonomy":"post_tag","embeddable":true,"href":"https:\/\/adhilac.com.ar\/index.php?rest_route=%2Fwp%2Fv2%2Ftags&post=9187"}],"curies":[{"name":"wp","href":"https:\/\/api.w.org\/{rel}","templated":true}]}}