{"id":9207,"date":"2014-04-07T00:37:31","date_gmt":"2014-04-07T03:37:31","guid":{"rendered":"https:\/\/adhilac.com.ar\/?p=9207"},"modified":"2014-04-07T07:43:15","modified_gmt":"2014-04-07T10:43:15","slug":"ecuador-universidades-no-todo-es-oro","status":"publish","type":"post","link":"https:\/\/adhilac.com.ar\/?p=9207","title":{"rendered":"Ecuador. Universidades: no todo es oro."},"content":{"rendered":"<h3 style=\"text-align: justify;\"><span style=\"color: #339966;\">Juan J. Paz y Mi\u00f1o Cepeda<\/span><\/h3>\n<p style=\"text-align: justify;\">Desde 1979, cuando se iniciaron los gobiernos democr\u00e1ticos tras una d\u00e9cada de dictaduras militares, el Presidente Rafael Correa ha sido el \u00fanico en asumir seriamente la transformaci\u00f3n de la universidad ecuatoriana.<!--more--><\/p>\n<p style=\"text-align: justify;\">\nPara ello se cre\u00f3 la nueva institucionalidad (Ministerio de Conocimiento y Talento Humano; se dict\u00f3 otra legislaci\u00f3n para la educaci\u00f3n superior; comenz\u00f3 la evaluaci\u00f3n y categorizaci\u00f3n de universidades; aumentaron recursos p\u00fablicos y becas; y se fundaron universidades para la vanguardia, como las recientemente inauguradas U. de las Artes y Yachay.<\/p>\n<p style=\"text-align: justify;\">&nbsp;<\/p>\n<p style=\"text-align: justify;\">Es un avance significativo exigir altas titulaciones a los profesores universitarios, que la investigaci\u00f3n cient\u00edfica pase a ser la medida del desempe\u00f1o y del nivel acad\u00e9mico, y que las carreras y facultades sean evaluadas en base a su calidad.<\/p>\n<p style=\"text-align: justify;\">&nbsp;<\/p>\n<p style=\"text-align: justify;\">Pero no todo est\u00e1 brillando como el oro. Varias orientaciones de las instituciones rectoras de la educaci\u00f3n superior son inconvenientes a la vida universitaria: imposici\u00f3n centralista de criterios; seguimiento de \u201cprocesos\u201d con papeleos innecesarios y \u201cevidencias acad\u00e9micas\u201d cuyas bases vienen del neoliberalismo pedag\u00f3gico; un \u201cmodelo de evaluaci\u00f3n de carreras\u201d que camina a la absurda unificaci\u00f3n y homogenizaci\u00f3n de carreras y programas, que aprecia el trabajo docente exclusivamente por los libros y revistas indexadas, que solo considera un t\u00edtulo profesional, as\u00ed como seminarios o eventos que tengan m\u00ednimo 40 horas; el reconocimiento de t\u00edtulos extranjeros exclusivamente obtenidos bajo la modalidad presencial; la dogm\u00e1tica vinculaci\u00f3n del t\u00edtulo acad\u00e9mico a la materia que se imparte; o los perfiles de remuneraci\u00f3n para rectores o decanos.<\/p>\n<p style=\"text-align: justify;\">&nbsp;<\/p>\n<p style=\"text-align: justify;\">Se cree proceder con verdades de innovaci\u00f3n revolucionaria; pero no se admite que los elitismos y extranjerismos que penetran sobre la universidad y la producci\u00f3n cient\u00edfica exclusivamente indexada, contradicen la misi\u00f3n y sentido hist\u00f3rico que ha caracterizado a las universidades latinoamericanas; tampoco se advierte que son afectadas la diversidad y autonom\u00eda de las universidades; que se ha marginado logros y talentos nacionales, menospreciando trayectorias docentes y cient\u00edficas; y que se est\u00e1 atentando contra la libertad acad\u00e9mica.<\/p>\n<p style=\"text-align: justify;\">&nbsp;<\/p>\n<p style=\"text-align: justify;\">Ha despertado un creciente malestar universitario, como evidencian las razones y cuestionamientos difundidos en el Manifiesto preparado por el Grupo de Trabajo sobre Universidad y Sociedad, acogido por distintos profesores y acad\u00e9micos.<\/p>\n<p style=\"text-align: justify;\">&nbsp;<\/p>\n<p style=\"text-align: justify;\">Fuente:\u00a0<em>EL TEL\u00c9GRAFO<\/em> &#8211; Primer Diario P\u00fablico. Ecuador, lunes 07 de abril de 2014<\/p>\n<p><strong>Publicado por ADHILAC Internacional \u00a9 www.adhilac.com.ar<\/strong><\/p>\n<p>Si Ud.\u00a0DESEA Asociarse de acuerdo a los Estatutos de ADHILAC<a title=\"(Ver)\" href=\"https:\/\/adhilac.com.ar\/?page_id=263\"> (ver) <\/a>Completa el Formulario Correspondiente<a title=\"(Ver)\" href=\"https:\/\/adhilac.com.ar\/?page_id=4779\" target=\"_blank\"> (ver)<\/a><\/p>\n<p>E-mail:\u00a0<a title=\"info@adhilac.com.ar\" href=\"https:\/\/adhilac.com.ar\/info@adhilac.com.ar\" target=\"_blank\">info@adhilac.com.ar<\/a><\/p>\n<p style=\"text-align: justify;\">&nbsp;<\/p>\n","protected":false},"excerpt":{"rendered":"<p>Juan J. Paz y Mi\u00f1o Cepeda Desde 1979, cuando se iniciaron los gobiernos democr\u00e1ticos tras una d\u00e9cada de dictaduras militares, el Presidente Rafael Correa ha sido el \u00fanico en asumir seriamente la transformaci\u00f3n de la universidad ecuatoriana.<\/p>\n","protected":false},"author":18,"featured_media":0,"comment_status":"closed","ping_status":"open","sticky":false,"template":"","format":"standard","meta":{"_crdt_document":"","footnotes":""},"categories":[381,40],"tags":[27,253],"class_list":["post-9207","post","type-post","status-publish","format-standard","hentry","category-archivo","category-informaciones","tag-ecuador","tag-universidad"],"_links":{"self":[{"href":"https:\/\/adhilac.com.ar\/index.php?rest_route=\/wp\/v2\/posts\/9207","targetHints":{"allow":["GET"]}}],"collection":[{"href":"https:\/\/adhilac.com.ar\/index.php?rest_route=\/wp\/v2\/posts"}],"about":[{"href":"https:\/\/adhilac.com.ar\/index.php?rest_route=\/wp\/v2\/types\/post"}],"author":[{"embeddable":true,"href":"https:\/\/adhilac.com.ar\/index.php?rest_route=\/wp\/v2\/users\/18"}],"replies":[{"embeddable":true,"href":"https:\/\/adhilac.com.ar\/index.php?rest_route=%2Fwp%2Fv2%2Fcomments&post=9207"}],"version-history":[{"count":2,"href":"https:\/\/adhilac.com.ar\/index.php?rest_route=\/wp\/v2\/posts\/9207\/revisions"}],"predecessor-version":[{"id":9209,"href":"https:\/\/adhilac.com.ar\/index.php?rest_route=\/wp\/v2\/posts\/9207\/revisions\/9209"}],"wp:attachment":[{"href":"https:\/\/adhilac.com.ar\/index.php?rest_route=%2Fwp%2Fv2%2Fmedia&parent=9207"}],"wp:term":[{"taxonomy":"category","embeddable":true,"href":"https:\/\/adhilac.com.ar\/index.php?rest_route=%2Fwp%2Fv2%2Fcategories&post=9207"},{"taxonomy":"post_tag","embeddable":true,"href":"https:\/\/adhilac.com.ar\/index.php?rest_route=%2Fwp%2Fv2%2Ftags&post=9207"}],"curies":[{"name":"wp","href":"https:\/\/api.w.org\/{rel}","templated":true}]}}