{"id":9211,"date":"2014-04-07T07:34:57","date_gmt":"2014-04-07T10:34:57","guid":{"rendered":"https:\/\/adhilac.com.ar\/?p=9211"},"modified":"2014-04-09T07:41:37","modified_gmt":"2014-04-09T10:41:37","slug":"taller-de-historiografia-cubana-las-decadas-iniciales-del-marxismo-en-la-historiografia-cubana-1943-1964-la-habana-22-de-abril-de-2014","status":"publish","type":"post","link":"https:\/\/adhilac.com.ar\/?p=9211","title":{"rendered":"Taller de historiograf\u00eda cubana: Las d\u00e9cadas iniciales del marxismo en la historiograf\u00eda cubana.  1943- 1964. La Habana. 22 de abril de 2014"},"content":{"rendered":"<h3 style=\"text-align: justify;\"><span style=\"color: #339966;\">De las \u00abSeis Actitudes de la burgues\u00eda cubana\u00bb a <em>El Ingenio<\/em><\/span><\/h3>\n<p style=\"text-align: justify;\"><span><span> <\/span><\/span><br \/>\nCon el inter\u00e9s de invitar a pensar y reabrir el debate sobre la influencia de la teor\u00eda marxista en el desarrollo de nuestra historiograf\u00eda, as\u00ed como impulsar \u00a0el estudio y conocimiento \u00a0de la vida y la obra de \u00a0importantes historiadores cubanos que tuvieron en el marxismo un m\u00e9todo, un aparato conceptual \u00a0y una \u00a0herramienta te\u00f3rica \u00a0para su trabajo intelectual.<!--more--><\/p>\n<p style=\"text-align: justify;\">El Taller constar\u00e1 del siguiente panel:<\/p>\n<p style=\"text-align: justify;\">Fernando Martinez Heredia: El marxismo independiente durante la Segunda Rep\u00fablica. El caso de Ra\u00fal Cepero Bonilla.<\/p>\n<p style=\"text-align: justify;\">Ricardo Quiza: Sergio Aguirre y sus actitudes ante la historia y la historiograf\u00eda.<\/p>\n<p style=\"text-align: justify;\">Enrique L\u00f3pez Mesa: Jorge Castellanos: una inclusi\u00f3n necesaria.<\/p>\n<p style=\"text-align: justify;\">Moderador: Oscar Zanetti Lecuona.<\/p>\n<p style=\"text-align: justify;\">&nbsp;<\/p>\n<p style=\"text-align: justify;\">Las presentaciones servir\u00e1n de propuesta a un debate que habr\u00e1 de desarrollarse con la participaci\u00f3n del p\u00fablico asistente.<\/p>\n<p style=\"text-align: justify;\">El taller se celebrar\u00e1 en el Colegio San Ger\u00f3nimo \u00a0de La Habana, el martes 22 de abril, desde las 9:00 a.m. y hasta las 2:00 p.m. de la tarde, y la participaci\u00f3n estar\u00e1 abierta a todos los interesados.<\/p>\n<p style=\"text-align: justify;\">Los asistentes \u00a0inscritos previamente recibir\u00e1n certificado de participaci\u00f3n. La inscripci\u00f3n podr\u00e1 realizarse en las oficinas de la Academia de la Historia de Cuba, Colegio San Ger\u00f3nimo, \u00a0Calle Obispo # 154, entre Mercaderes y San Ignacio, tercer piso, a trav\u00e9s del tel\u00e9fono: 864-9505 o del correo \u00a0 (academia. historia@ohc.cu), en horario de oficina \u00a0hasta el 21 de abril de este a\u00f1o.<\/p>\n<p style=\"text-align: justify;\"><strong>Publicado por ADHILAC Internacional \u00a9 www.adhilac.com.ar<\/strong><\/p>\n<p style=\"text-align: justify;\">Si Ud. desea asociarse de acuerdo a los Estatutos de ADHILAC\u00a0<a title=\"(ver)\" href=\"https:\/\/adhilac.com.ar\/?page_id=263\">(ver)<\/a> complete el formulario correspondiente\u00a0<a title=\"(Ver)\" href=\"https:\/\/adhilac.com.ar\/?page_id=4779\" target=\"_blank\">(ver)<\/a><\/p>\n<p style=\"text-align: justify;\">E-mail:\u00a0<a title=\"info@adhilac.com.ar\" href=\"https:\/\/adhilac.com.ar\/info@adhilac.com.ar\" target=\"_blank\">info@adhilac.com.ar<\/a><strong> <\/strong><\/p>\n<p style=\"text-align: justify;\">Twitter: @AdhilacInfo<\/p>\n<p style=\"text-align: justify;\">&nbsp;<\/p>\n","protected":false},"excerpt":{"rendered":"<p>De las \u00abSeis Actitudes de la burgues\u00eda cubana\u00bb a El Ingenio Con el inter\u00e9s de invitar a pensar y reabrir el debate sobre la influencia de la teor\u00eda marxista en el desarrollo de nuestra historiograf\u00eda, as\u00ed como impulsar \u00a0el estudio y conocimiento \u00a0de la vida y la obra de \u00a0importantes historiadores cubanos que tuvieron en [&hellip;]<\/p>\n","protected":false},"author":2,"featured_media":0,"comment_status":"closed","ping_status":"open","sticky":false,"template":"","format":"standard","meta":{"_crdt_document":"","footnotes":""},"categories":[40],"tags":[63,134,504],"class_list":["post-9211","post","type-post","status-publish","format-standard","hentry","category-informaciones","tag-cuba","tag-historiografia","tag-marxismo"],"_links":{"self":[{"href":"https:\/\/adhilac.com.ar\/index.php?rest_route=\/wp\/v2\/posts\/9211","targetHints":{"allow":["GET"]}}],"collection":[{"href":"https:\/\/adhilac.com.ar\/index.php?rest_route=\/wp\/v2\/posts"}],"about":[{"href":"https:\/\/adhilac.com.ar\/index.php?rest_route=\/wp\/v2\/types\/post"}],"author":[{"embeddable":true,"href":"https:\/\/adhilac.com.ar\/index.php?rest_route=\/wp\/v2\/users\/2"}],"replies":[{"embeddable":true,"href":"https:\/\/adhilac.com.ar\/index.php?rest_route=%2Fwp%2Fv2%2Fcomments&post=9211"}],"version-history":[{"count":2,"href":"https:\/\/adhilac.com.ar\/index.php?rest_route=\/wp\/v2\/posts\/9211\/revisions"}],"predecessor-version":[{"id":9213,"href":"https:\/\/adhilac.com.ar\/index.php?rest_route=\/wp\/v2\/posts\/9211\/revisions\/9213"}],"wp:attachment":[{"href":"https:\/\/adhilac.com.ar\/index.php?rest_route=%2Fwp%2Fv2%2Fmedia&parent=9211"}],"wp:term":[{"taxonomy":"category","embeddable":true,"href":"https:\/\/adhilac.com.ar\/index.php?rest_route=%2Fwp%2Fv2%2Fcategories&post=9211"},{"taxonomy":"post_tag","embeddable":true,"href":"https:\/\/adhilac.com.ar\/index.php?rest_route=%2Fwp%2Fv2%2Ftags&post=9211"}],"curies":[{"name":"wp","href":"https:\/\/api.w.org\/{rel}","templated":true}]}}