{"id":9242,"date":"2014-04-11T09:44:06","date_gmt":"2014-04-11T12:44:06","guid":{"rendered":"https:\/\/adhilac.com.ar\/?p=9242"},"modified":"2014-04-14T21:01:53","modified_gmt":"2014-04-15T00:01:53","slug":"convocatoria-de-la-catedra-eulalio-ferrer-de-ciencias-humanas-y-sociales-2014","status":"publish","type":"post","link":"https:\/\/adhilac.com.ar\/?p=9242","title":{"rendered":"Convocatoria de la C\u00e1tedra Eulalio Ferrer de Ciencias Humanas y Sociales 2014"},"content":{"rendered":"<p style=\"text-align: justify;\"><strong>Abierto hasta el 15 de mayo el plazo para optar a la C\u00e1tedra Eulalio Ferrer de Ciencias Humanas y Sociales 2014<\/strong><\/p>\n<p style=\"text-align: justify;\"><strong> <\/strong><\/p>\n<p style=\"text-align: justify;\">La  Universidad de Cantabria (UC) y la Fundaci\u00f3n Cervantina de M\u00e9xico han  abierto hasta el 15 de mayo la convocatoria de la C\u00e1tedra Eulalio Ferrer  de Ciencias Humanas y Sociales 2014, por la que un profesor de  reconocido prestigio desarrollar\u00e1 actividades docentes e investigadoras  en la Facultad de Filosof\u00eda y Letras de la UC en el pr\u00f3ximo curso  acad\u00e9mico.<!--more--><\/p>\n<p style=\"text-align: justify;\">&nbsp;<\/p>\n<p style=\"text-align: justify;\">El  aspirante deber\u00e1 de tener la condici\u00f3n de catedr\u00e1tico o profesor  titular universitario, especialista en Historia Contempor\u00e1nea (siglos  XIX y  XX) y se incorporar\u00e1 por un cuatrimestre a la UC para involucrarse en  el Programa de investigaci\u00f3n sobre los espa\u00f1oles en el exilio, en su  dimensi\u00f3n m\u00e1s completa, abordando temas como la aportaci\u00f3n intelectual,  el exilio pol\u00edtico o la emigraci\u00f3n econ\u00f3mica.<\/p>\n<p style=\"text-align: justify;\">&nbsp;<\/p>\n<p style=\"text-align: justify;\">Por  su parte, la docencia se centrar\u00e1 en la Cultura y Pol\u00edtica  Latinoamericanas en la \u00c9poca Contempor\u00e1nea, con especial atenci\u00f3n al  pa\u00eds de origen  del profesor seleccionado. Dicha actividad docente, equivalente a 25  horas te\u00f3ricas, se llevar\u00e1 a cabo en el marco del Master  Interuniversitario de Historia Contempor\u00e1nea.<\/p>\n<p style=\"text-align: justify;\">La  incorporaci\u00f3n del profesor seleccionado se producir\u00e1 entre el 1 de  marzo y el 30 de junio de 2015, percibiendo una aportaci\u00f3n de 12.000  euros brutos m\u00e1s 3.900 euros en concepto de viaje y  residencia.<\/p>\n<p style=\"text-align: justify;\">La  UC cre\u00f3 la C\u00e1tedra Eulalio Ferrer \u2013integrada en Cantabria Campus  Internacional- en su Facultad de Filosof\u00eda y Letras en 2005, mediante un  convenio entre la UC y la Fundaci\u00f3n Cervantina de  M\u00e9xico, renovado en 2012, y con el empuje y apoyo del publicista y  comunic\u00f3logo Eulalio Ferrer, que da nombre a la C\u00e1tedra.<\/p>\n<p style=\"text-align: justify;\">La  valoraci\u00f3n de los m\u00e9ritos se realizar\u00e1 por la Comisi\u00f3n de Seguimiento  de la C\u00e1tedra Eulalio Ferrer de Ciencias Humanas y Sociales, presidida  por el rector,\u00a0 Jose Carlos G\u00f3mez Sal, que har\u00e1  p\u00fablico el resultado antes del 15 de junio de 2014.<\/p>\n<p style=\"text-align: justify;\">&nbsp;<\/p>\n<p style=\"text-align: justify;\">M\u00e1s informaci\u00f3n en la web:<\/p>\n<p style=\"text-align: justify;\"><a href=\"http:\/\/www.cantabriacampusinternacional.com\/convocatorias\/Paginas\/Convocatoria%20C%C3%A1tedra%20Eulalio%20Ferrer%202014.aspx\">http:\/\/www.cantabriacampusinternacional.com\/convocatorias\/Paginas\/Convocatoria%20C%C3%A1tedra%20Eulalio%20Ferrer%202014.aspx<\/a><\/p>\n<p style=\"text-align: justify;\">&nbsp;<\/p>\n<p><strong>Publicado por ADHILAC Internacional \u00a9 www.adhilac.com.ar<\/strong><\/p>\n<p>Si Ud.\u00a0DESEA Asociarse de acuerdo a los Estatutos de ADHILAC<a title=\"(Ver)\" href=\"https:\/\/adhilac.com.ar\/?page_id=263\"> (ver) <\/a>Completa el Formulario Correspondiente<a title=\"(Ver)\" href=\"https:\/\/adhilac.com.ar\/?page_id=4779\" target=\"_blank\"> (ver)<\/a><\/p>\n<p>E-mail:\u00a0<a title=\"info@adhilac.com.ar\" href=\"https:\/\/adhilac.com.ar\/info@adhilac.com.ar\" target=\"_blank\">info@adhilac.com.ar<\/a><\/p>\n","protected":false},"excerpt":{"rendered":"<p>Abierto hasta el 15 de mayo el plazo para optar a la C\u00e1tedra Eulalio Ferrer de Ciencias Humanas y Sociales 2014 La Universidad de Cantabria (UC) y la Fundaci\u00f3n Cervantina de M\u00e9xico han abierto hasta el 15 de mayo la convocatoria de la C\u00e1tedra Eulalio Ferrer de Ciencias Humanas y Sociales 2014, por la que [&hellip;]<\/p>\n","protected":false},"author":2,"featured_media":0,"comment_status":"closed","ping_status":"closed","sticky":false,"template":"","format":"standard","meta":{"_crdt_document":"","footnotes":""},"categories":[40],"tags":[506,139,507],"class_list":["post-9242","post","type-post","status-publish","format-standard","hentry","category-informaciones","tag-catedra-eulalio-ferrer","tag-espana","tag-universidad-de-cantabria"],"_links":{"self":[{"href":"https:\/\/adhilac.com.ar\/index.php?rest_route=\/wp\/v2\/posts\/9242","targetHints":{"allow":["GET"]}}],"collection":[{"href":"https:\/\/adhilac.com.ar\/index.php?rest_route=\/wp\/v2\/posts"}],"about":[{"href":"https:\/\/adhilac.com.ar\/index.php?rest_route=\/wp\/v2\/types\/post"}],"author":[{"embeddable":true,"href":"https:\/\/adhilac.com.ar\/index.php?rest_route=\/wp\/v2\/users\/2"}],"replies":[{"embeddable":true,"href":"https:\/\/adhilac.com.ar\/index.php?rest_route=%2Fwp%2Fv2%2Fcomments&post=9242"}],"version-history":[{"count":4,"href":"https:\/\/adhilac.com.ar\/index.php?rest_route=\/wp\/v2\/posts\/9242\/revisions"}],"predecessor-version":[{"id":9253,"href":"https:\/\/adhilac.com.ar\/index.php?rest_route=\/wp\/v2\/posts\/9242\/revisions\/9253"}],"wp:attachment":[{"href":"https:\/\/adhilac.com.ar\/index.php?rest_route=%2Fwp%2Fv2%2Fmedia&parent=9242"}],"wp:term":[{"taxonomy":"category","embeddable":true,"href":"https:\/\/adhilac.com.ar\/index.php?rest_route=%2Fwp%2Fv2%2Fcategories&post=9242"},{"taxonomy":"post_tag","embeddable":true,"href":"https:\/\/adhilac.com.ar\/index.php?rest_route=%2Fwp%2Fv2%2Ftags&post=9242"}],"curies":[{"name":"wp","href":"https:\/\/api.w.org\/{rel}","templated":true}]}}