{"id":9248,"date":"2014-04-12T20:51:09","date_gmt":"2014-04-12T23:51:09","guid":{"rendered":"https:\/\/adhilac.com.ar\/?p=9248"},"modified":"2014-04-14T20:54:48","modified_gmt":"2014-04-14T23:54:48","slug":"75-aniversario-del-fin-de-la-guerra-civil-en-espana-el-exilio-republicano-espanol-en-america-latina-la-habana-24-de-abril-de-2014","status":"publish","type":"post","link":"https:\/\/adhilac.com.ar\/?p=9248","title":{"rendered":"75 aniversario del fin de la Guerra Civil en Espa\u00f1a: El exilio republicano espa\u00f1ol en Am\u00e9rica Latina. La Habana. 24 de abril de 2014"},"content":{"rendered":"<h3><span style=\"color: #339966;\">INVITACI\u00d3N<\/span><\/h3>\n<p style=\"text-align: justify;\">La Asociaci\u00f3n de Historiadores Latinoamericanos y del Caribe (ADHILAC) y el Departamento de Historia de la Universidad de La Habana tienen el gusto de invitarlo al Panel que tratara sobre <strong><em>\u201cEl exilio republicano espa\u00f1ol en Am\u00e9rica Latina\u201d <\/em><\/strong><em>con motivo del 75 aniversario del fin de la Guerra Civil en Espa\u00f1a<strong>. <\/strong><\/em>Las ponencias centrales estar\u00e1n a cargo de las doctoras Aurea Matilde Fern\u00e1ndez y Katia Figueredo Cabrera. Adem\u00e1s, se proyectar\u00e1 el documental <em>Memorias de viaje<\/em>, entrevistas a espa\u00f1oles de la tercera edad que viven en Cuba. Un estudio socio-hist\u00f3rico.<!--more--><\/p>\n<p style=\"text-align: justify;\">&nbsp;<\/p>\n<p style=\"text-align: justify;\">Jueves, 24 de abril de 2014. 3 pm<\/p>\n<p style=\"text-align: justify;\">Casa del Alba Cultural. Calle L\u00ednea esquina D, Vedado. La Habana. Cuba.<\/p>\n<p><strong>Publicado por ADHILAC Internacional \u00a9 www.adhilac.com.ar<\/strong><\/p>\n<p>Si Ud. desea asociarse de acuerdo a los Estatutos de ADHILAC\u00a0<a title=\"(ver)\" href=\"https:\/\/adhilac.com.ar\/?page_id=263\">(ver)<\/a> complete el formulario correspondiente\u00a0<a title=\"(Ver)\" href=\"https:\/\/adhilac.com.ar\/?page_id=4779\" target=\"_blank\">(ver)<\/a><\/p>\n<p>E-mail:\u00a0<a title=\"info@adhilac.com.ar\" href=\"https:\/\/adhilac.com.ar\/info@adhilac.com.ar\" target=\"_blank\">info@adhilac.com.ar<\/a><strong> <\/strong><\/p>\n<p>Twitter: @AdhilacInfo<\/p>\n<p style=\"text-align: justify;\">&nbsp;<\/p>\n","protected":false},"excerpt":{"rendered":"<p>INVITACI\u00d3N La Asociaci\u00f3n de Historiadores Latinoamericanos y del Caribe (ADHILAC) y el Departamento de Historia de la Universidad de La Habana tienen el gusto de invitarlo al Panel que tratara sobre \u201cEl exilio republicano espa\u00f1ol en Am\u00e9rica Latina\u201d con motivo del 75 aniversario del fin de la Guerra Civil en Espa\u00f1a. Las ponencias centrales estar\u00e1n [&hellip;]<\/p>\n","protected":false},"author":37,"featured_media":0,"comment_status":"closed","ping_status":"closed","sticky":false,"template":"","format":"standard","meta":{"_crdt_document":"","footnotes":""},"categories":[18,40],"tags":[508,127],"class_list":["post-9248","post","type-post","status-publish","format-standard","hentry","category-adhilac-cuba","category-informaciones","tag-exilio-republicano","tag-guerra-civil-espanola"],"_links":{"self":[{"href":"https:\/\/adhilac.com.ar\/index.php?rest_route=\/wp\/v2\/posts\/9248","targetHints":{"allow":["GET"]}}],"collection":[{"href":"https:\/\/adhilac.com.ar\/index.php?rest_route=\/wp\/v2\/posts"}],"about":[{"href":"https:\/\/adhilac.com.ar\/index.php?rest_route=\/wp\/v2\/types\/post"}],"author":[{"embeddable":true,"href":"https:\/\/adhilac.com.ar\/index.php?rest_route=\/wp\/v2\/users\/37"}],"replies":[{"embeddable":true,"href":"https:\/\/adhilac.com.ar\/index.php?rest_route=%2Fwp%2Fv2%2Fcomments&post=9248"}],"version-history":[{"count":1,"href":"https:\/\/adhilac.com.ar\/index.php?rest_route=\/wp\/v2\/posts\/9248\/revisions"}],"predecessor-version":[{"id":9249,"href":"https:\/\/adhilac.com.ar\/index.php?rest_route=\/wp\/v2\/posts\/9248\/revisions\/9249"}],"wp:attachment":[{"href":"https:\/\/adhilac.com.ar\/index.php?rest_route=%2Fwp%2Fv2%2Fmedia&parent=9248"}],"wp:term":[{"taxonomy":"category","embeddable":true,"href":"https:\/\/adhilac.com.ar\/index.php?rest_route=%2Fwp%2Fv2%2Fcategories&post=9248"},{"taxonomy":"post_tag","embeddable":true,"href":"https:\/\/adhilac.com.ar\/index.php?rest_route=%2Fwp%2Fv2%2Ftags&post=9248"}],"curies":[{"name":"wp","href":"https:\/\/api.w.org\/{rel}","templated":true}]}}