{"id":9259,"date":"2014-04-12T19:18:54","date_gmt":"2014-04-12T22:18:54","guid":{"rendered":"https:\/\/adhilac.com.ar\/?p=9259"},"modified":"2014-04-16T19:21:19","modified_gmt":"2014-04-16T22:21:19","slug":"balance-del-xi-encuentro-internacional-de-estudios-politicos-y-sociales-evento-de-ciencias-politicas-la-habana-8-11-de-abril-de-2014-2","status":"publish","type":"post","link":"https:\/\/adhilac.com.ar\/?p=9259","title":{"rendered":"Balance del XI Encuentro Internacional de Estudios Pol\u00edticos y Sociales, evento de Ciencias Pol\u00edticas. La Habana. 8-11 de abril de 2014"},"content":{"rendered":"<p style=\"text-align: justify;\">CONCLUY\u00d3 el XI Encuentro Internacional<\/p>\n<p style=\"text-align: justify;\">\nEntre los d\u00edas 8 al 11 de abril de 2014 sesion\u00f3 en La Habana el XI Encuentro Internacional de Estudios Pol\u00edticos y Sociales, evento de Ciencias Pol\u00edticas con enfoque interdisciplinar, auspiciado por la Asociaci\u00f3n de Historiadores Latinoamericanos y del Caribe (ADHILAC) y la Facultad de Filosof\u00eda e Historia de la Universidad de La Habana (UH).<!--more--><\/p>\n<p style=\"text-align: justify;\">Cerca de un centenar de delegados e invitados de 9 pa\u00edses debatieron durante 4 d\u00edas en el Colegio Universitario San Ger\u00f3nimo de La Habana, en 10 paneles, acerca de la complejidad y los estudios pol\u00edticos interdisciplinarios (incluyendo las reflexiones sobre el fen\u00f3meno religioso, el humanismo en la educaci\u00f3n y las nuevas y pol\u00e9micas visiones acerca del internacionalismo como valor pol\u00edtico); los estudios pol\u00edticos comparados; la Estad\u00edstica en la investigaci\u00f3n social; las interacciones entre democracia, gobernabilidad y participaci\u00f3n pol\u00edtica (enfoques globales y espec\u00edficamente latinoamericanos); el rol de las nuevas tecnolog\u00edas y las redes sociales en el nuevo debate sobre la democracia; las dimensiones nacionales e internacionales del problema migratorio, especialmente en la Uni\u00f3n Europea, M\u00e9xico, Colombia y Cuba; las intervinculaciones entre cultura, pol\u00edtica e identidad nacional; las relaciones Est\u00e9tica y pol\u00edtica, destacando c\u00f3mo el gusto, la imagen, la sensibilidad y la espectacularidad influyen de manera creciente en el mundo pol\u00edtico actual. Particularmente interesantes fueron los debates acerca de los movimientos sociales y pol\u00edticos en Am\u00e9rica Latina; las pol\u00edticas cient\u00edfico-tecnol\u00f3gicas y los problemas del desarrollo en esta parte del mundo; y la visi\u00f3n multidimensional de la situaci\u00f3n concreta de la Venezuela actual. Destac\u00f3 igualmente el an\u00e1lisis de la pol\u00edtica en el hundimiento sovi\u00e9tico, el estudio de nuevas fuentes al respecto y el renacer inusitado de los debates sobre el tema en Rusia y el resto del mundo.<\/p>\n<p>En la apertura del evento el Dr. Sergio Guerra Vilaboy, Presidente de la ADHILAC, remarc\u00f3 la importancia de la integraci\u00f3n interdisciplinar de la Historia, las Ciencias Pol\u00edticas y otras Ciencias Sociales.<\/p>\n<p>Dos conferencias magistrales marcaron la apertura y clausura del evento: \u201cUniversidad y pol\u00edticas sociales de innovaci\u00f3n\u201d, del Dr. Jorge N\u00fa\u00f1ez Jover, Director de Posgrado de la Universidad de La Habana y Presidente de la Secci\u00f3n de Econom\u00eda y Ciencias de la Sociedad Econ\u00f3mica de Amigos del Pa\u00eds, y \u201cActualidad de Michel Foucault\u201d, del Dr. Paul Alli\u00e8s, fundador y Director del Departamento de Ciencia Pol\u00edtica de la Universidad de Montpellier 1 (Francia), Profesor em\u00e9rito desde septiembre de 2013 y Director de P\u00f4le Sud, revista francesa de Ciencias Pol\u00edticas con reconocimiento mundial.<\/p>\n<p>El Dr. Emilio Duharte D\u00edaz, coordinador de este Encuentro Internacional, resalt\u00f3 que los delegados e invitados de Cuba, Colombia, M\u00e9xico, Francia, Rep\u00fablica Dominicana, Ecuador, Argentina, Holanda e Italia, coincidieron en destacar el rigor acad\u00e9mico y cient\u00edfico del evento y mostraron su inter\u00e9s en colaborar en la divulgaci\u00f3n del XII Encuentro Internacional a celebrarse en La Habana del 14 al 18 de marzo de 2016.<\/p>\n<p>La sesi\u00f3n de clausura fue acogida por el Hotel Santa Isabel, del Centro Hist\u00f3rico de La Habana.<\/p>\n<p style=\"text-align: justify;\">&nbsp;<\/p>\n<p><strong>Publicado por ADHILAC Internacional \u00a9 www.adhilac.com.ar<\/strong><\/p>\n<p>Si Ud. desea asociarse de acuerdo a los Estatutos de ADHILAC\u00a0<a title=\"(ver)\" href=\"https:\/\/adhilac.com.ar\/?page_id=263\">(ver)<\/a> complete el formulario correspondiente\u00a0<a title=\"(Ver)\" href=\"https:\/\/adhilac.com.ar\/?page_id=4779\" target=\"_blank\">(ver)<\/a><\/p>\n<p>E-mail:\u00a0<a title=\"info@adhilac.com.ar\" href=\"https:\/\/adhilac.com.ar\/info@adhilac.com.ar\" target=\"_blank\">info@adhilac.com.ar<\/a><strong> <\/strong><\/p>\n<p>Twitter: @AdhilacInfo<\/p>\n<p style=\"text-align: justify;\">&nbsp;<\/p>\n","protected":false},"excerpt":{"rendered":"<p>CONCLUY\u00d3 el XI Encuentro Internacional Entre los d\u00edas 8 al 11 de abril de 2014 sesion\u00f3 en La Habana el XI Encuentro Internacional de Estudios Pol\u00edticos y Sociales, evento de Ciencias Pol\u00edticas con enfoque interdisciplinar, auspiciado por la Asociaci\u00f3n de Historiadores Latinoamericanos y del Caribe (ADHILAC) y la Facultad de Filosof\u00eda e Historia de la [&hellip;]<\/p>\n","protected":false},"author":2,"featured_media":0,"comment_status":"closed","ping_status":"closed","sticky":false,"template":"","format":"standard","meta":{"_crdt_document":"","footnotes":""},"categories":[18,5,40],"tags":[512,57,339,513],"class_list":["post-9259","post","type-post","status-publish","format-standard","hentry","category-adhilac-cuba","category-congresos","category-informaciones","tag-ciencia-politica","tag-educacion","tag-humanismo","tag-internacionalismo"],"_links":{"self":[{"href":"https:\/\/adhilac.com.ar\/index.php?rest_route=\/wp\/v2\/posts\/9259","targetHints":{"allow":["GET"]}}],"collection":[{"href":"https:\/\/adhilac.com.ar\/index.php?rest_route=\/wp\/v2\/posts"}],"about":[{"href":"https:\/\/adhilac.com.ar\/index.php?rest_route=\/wp\/v2\/types\/post"}],"author":[{"embeddable":true,"href":"https:\/\/adhilac.com.ar\/index.php?rest_route=\/wp\/v2\/users\/2"}],"replies":[{"embeddable":true,"href":"https:\/\/adhilac.com.ar\/index.php?rest_route=%2Fwp%2Fv2%2Fcomments&post=9259"}],"version-history":[{"count":2,"href":"https:\/\/adhilac.com.ar\/index.php?rest_route=\/wp\/v2\/posts\/9259\/revisions"}],"predecessor-version":[{"id":9261,"href":"https:\/\/adhilac.com.ar\/index.php?rest_route=\/wp\/v2\/posts\/9259\/revisions\/9261"}],"wp:attachment":[{"href":"https:\/\/adhilac.com.ar\/index.php?rest_route=%2Fwp%2Fv2%2Fmedia&parent=9259"}],"wp:term":[{"taxonomy":"category","embeddable":true,"href":"https:\/\/adhilac.com.ar\/index.php?rest_route=%2Fwp%2Fv2%2Fcategories&post=9259"},{"taxonomy":"post_tag","embeddable":true,"href":"https:\/\/adhilac.com.ar\/index.php?rest_route=%2Fwp%2Fv2%2Ftags&post=9259"}],"curies":[{"name":"wp","href":"https:\/\/api.w.org\/{rel}","templated":true}]}}