{"id":9262,"date":"2014-04-01T10:57:53","date_gmt":"2014-04-01T13:57:53","guid":{"rendered":"https:\/\/adhilac.com.ar\/?p=9262"},"modified":"2014-04-18T08:51:08","modified_gmt":"2014-04-18T11:51:08","slug":"el-congreso-de-viena-y-su-dimension-global-viena-18-22-septiembre-de-2014","status":"publish","type":"post","link":"https:\/\/adhilac.com.ar\/?p=9262","title":{"rendered":"El Congreso de Viena y su dimensi\u00f3n global. Viena. 18-22 septiembre de 2014. Caracter\u00edsticas de la convocatoria"},"content":{"rendered":"<p style=\"text-align: justify;\"><span style=\"color: #339966;\"><strong>CARACTER\u00cdSTICAS<\/strong><\/span><strong><span style=\"color: #339966;\"> DE LA CONVOCATORIA<\/span><\/strong><\/p>\n<p style=\"text-align: justify;\">En ocasi\u00f3n del 40\u00ba aniversario de la fundaci\u00f3n de la Asociaci\u00f3n de Historiadores Latinoamericanos y del Caribe (ADHILAC Internacional) es un placer celebrar el XI Encuentro Internacional de la entidad en Viena, Austria. Es la segunda ocasi\u00f3n en la que este encuentro internacional tiene lugar fuera de Am\u00e9rica Latina, y es la primera vez que el evento se realiza en un pa\u00eds que no es de habla hispana ni portuguesa.<!--more--> Este evento denominado \u201cEl Congreso de Viena y su dimensi\u00f3n global\u201d es amablemente auspiciada por el Instituto de Historia y la Biblioteca de Estudios Hist\u00f3ricos \u00a0de la Universidad de Viena y se llevar\u00e1 a cabo entre el jueves 18 y el lunes 22 de septiembre de 2014. El evento se desarrollar\u00e1 en ingl\u00e9s y castellano.<br \/>\nEsta Conferencia ofrece un interesante programa con la presentaci\u00f3n de ponencias individuales y mesas redondas, como tambi\u00e9n \u00a0conferencias y paneles en plenario conformados por estudiosos e investigadores de todo el mundo. Esto dar\u00e1 lugar a un foro de debate con una amplia perspectiva cultural para la investigaci\u00f3n global con los aportes multi e interdisciplinarios como tambi\u00e9n nacionales, internacionales, transnacionales, locales, regionales, interregionales e inter hemisf\u00e9rica. Los estudiantes de posgrado est\u00e1n invitados a participar (e inscribirse) en el Seminario de doctorado \u201cLa dimensi\u00f3n global en la Historia y la Historiograf\u00eda\u201d que tendr\u00e1 lugar del 17 al 18 de septiembre de 2014. Animamos a todos los participantes a asistir con sus familiares y amigos.<\/p>\n<p style=\"text-align: justify;\">Este encuentro de acad\u00e9micos, estudiantes y otras personas interesadas en esta tem\u00e1tica est\u00e1 dise\u00f1ado para estimular el intercambio intelectual y de investigadores entre los continentes, promover la construcci\u00f3n de redes acad\u00e9micas y contribuir a la producci\u00f3n de capital cient\u00edfico global. Mientras que el hist\u00f3rico Congreso de Viena 1814-15 habr\u00eda excluido el mundo situado \u00abm\u00e1s all\u00e1\u00bb sus l\u00edmites y fronteras europeas contempor\u00e1neas, el actual \u00abCongreso de Viena\u00bb \u00a0desea enf\u00e1ticamente incluir a acad\u00e9micos de las Am\u00e9ricas, \u00c1frica, Asia y el mundo oce\u00e1nico. Doscientos a\u00f1os despu\u00e9s del hist\u00f3rico Congreso estamos deseosos de tomar conocimiento acerca de lo que ocurri\u00f3 en diferentes partes del mundo en aquel momento, de c\u00f3mo fue afectada la comunidad global e incluso la manera en que esto impact\u00f3 en el Congreso. Queremos conocer nuevas fuentes y considerar nuevas perspectivas sobre la historia del Congreso de Viena y su \u00e9poca. La intenci\u00f3n es enriquecer tanto la historia europea como la austr\u00edaca con lo que el mundo no-europeo nos ofrece a partir de nuevas interpretaciones y an\u00e1lisis de esta etapa de nuestra historia.<\/p>\n<p style=\"text-align: justify;\">Como la conceptualizaci\u00f3n tradicional \u2013 esencialmente euroc\u00e9ntrica \u2013 llev\u00f3 a descuidar la dimensi\u00f3n global del Congreso de Viena y dio lugar a una imagen (hist\u00f3rica) significativamente divergente de la realidad en muchos niveles, este intercambio es de importancia trascendental. Si uno mira hacia atr\u00e1s la situaci\u00f3n pol\u00edtica y territorial de la \u00e9poca del Congreso, resulta evidente que los principales imperios europeos de ese per\u00edodo se defin\u00edan a s\u00ed mismos en t\u00e9rminos de sus posesiones coloniales en las Am\u00e9ricas, \u00c1frica y Asia. En otras palabras, sin colonias estas grandes potencias o imperios no podr\u00edan haber existido. \u00a0Es m\u00e1s, estas colonias en algunos casos eran fundamentales para que continuaran su existencia como imperios. Desde comienzos de 1808, la corona portuguesa gobern\u00f3 su imperio desde la colonia extra europea de Brasil, transform\u00e1ndolo en el \u00faltimo pa\u00eds no europeo que particip\u00f3 en ese mega evento. Finalmente, pero no menos importante, el comienzo de la \u201cnueva era imperial\u201d en 1815 no fue una mera coincidencia.<\/p>\n<p style=\"text-align: justify;\">La importancia de las colonias se hace evidente cuando uno examina Austria, una gran potencia que tradicionalmente no estaba vinculada con la posesi\u00f3n de colonias de ultramar. Poseyendo s\u00f3lo temporalmente puntos ligados al tr\u00e1fico comercial en Asia y \u00c1frica, Austria siempre estaba ansiosa de construir un imperio colonial.<\/p>\n<p>Su \u00faltima jugada destacable en este sentido ocurri\u00f3 cuando el pol\u00edtico austr\u00edaco Metternich busc\u00f3 ampliar la motivaci\u00f3n pol\u00edtica de Brasil, \u00a0 a trav\u00e9s de la pol\u00edtica de enlace matrimonial con Austria. Esta pol\u00edtica tuvo efecto dos a\u00f1os despu\u00e9s de finalizado el Congreso de Viena con el matrimonio entre la Archiduquesa Leopoldine y Pedro, el heredero lusitano, y m\u00e1s tarde primer Emperador de Brasil. Cuando el Archiduque Maximiliano (un primo de Pedro II hijo de Leopoldine y Pedro I) se transform\u00f3 en Emperador de M\u00e9xico en 1864 busc\u00f3 sin \u00e9xito una agenda similar con el fin de anexar a las casas de Habsburgo y Bragan\u00e7a todos los pa\u00edses entre los imperios de M\u00e9xico y Brasil.<\/p>\n<p style=\"text-align: justify;\">Este a\u00f1o el encuentro de la ADHILAC est\u00e1 dedicado tambi\u00e9n al historiador alem\u00e1n Manfred Kossok (1930-1993) quien fue el primero en enfocar la dimensi\u00f3n latinoamericana del Congreso de Viena. Ex disc\u00edpulos de Kossok como el presidente Sergio Guerra Vilaboy \u00a0(Universidad de La Habana), el presidente de la conferencia Michael Zeuske (Universidad de Colonia), as\u00ed como los principales oradores Mathias Middell (Universidad de Leipzig) y Ulrike Schmieder (Universidad de Hannover), perpetuar\u00e1n durante la conferencia y despu\u00e9s de la misma, el patrimonio de Kossok de los estudios comparativos sobre revoluciones.<\/p>\n<p style=\"text-align: justify;\">&nbsp;<\/p>\n<p><strong>Publicado por ADHILAC Internacional \u00a9 www.adhilac.com.ar<\/strong><\/p>\n<p>Si Ud. desea asociarse de acuerdo a los Estatutos de ADHILAC\u00a0<a title=\"(ver)\" href=\"https:\/\/adhilac.com.ar\/?page_id=263\">(ver)<\/a> complete el formulario correspondiente\u00a0<a title=\"(Ver)\" href=\"https:\/\/adhilac.com.ar\/?page_id=4779\" target=\"_blank\">(ver)<\/a><\/p>\n<p>E-mail:\u00a0<a title=\"info@adhilac.com.ar\" href=\"https:\/\/adhilac.com.ar\/info@adhilac.com.ar\" target=\"_blank\">info@adhilac.com.ar<\/a><strong> <\/strong><\/p>\n<p>Twitter: @AdhilacInfo<\/p>\n<p style=\"text-align: justify;\">&nbsp;<\/p>\n","protected":false},"excerpt":{"rendered":"<p>CARACTER\u00cdSTICAS DE LA CONVOCATORIA En ocasi\u00f3n del 40\u00ba aniversario de la fundaci\u00f3n de la Asociaci\u00f3n de Historiadores Latinoamericanos y del Caribe (ADHILAC Internacional) es un placer celebrar el XI Encuentro Internacional de la entidad en Viena, Austria. Es la segunda ocasi\u00f3n en la que este encuentro internacional tiene lugar fuera de Am\u00e9rica Latina, y es [&hellip;]<\/p>\n","protected":false},"author":2,"featured_media":0,"comment_status":"closed","ping_status":"closed","sticky":false,"template":"","format":"standard","meta":{"_crdt_document":"","footnotes":""},"categories":[3,5],"tags":[340,505],"class_list":["post-9262","post","type-post","status-publish","format-standard","hentry","category-adhilac-inter","category-congresos","tag-congreso-de-viena","tag-manfred-kossok"],"_links":{"self":[{"href":"https:\/\/adhilac.com.ar\/index.php?rest_route=\/wp\/v2\/posts\/9262","targetHints":{"allow":["GET"]}}],"collection":[{"href":"https:\/\/adhilac.com.ar\/index.php?rest_route=\/wp\/v2\/posts"}],"about":[{"href":"https:\/\/adhilac.com.ar\/index.php?rest_route=\/wp\/v2\/types\/post"}],"author":[{"embeddable":true,"href":"https:\/\/adhilac.com.ar\/index.php?rest_route=\/wp\/v2\/users\/2"}],"replies":[{"embeddable":true,"href":"https:\/\/adhilac.com.ar\/index.php?rest_route=%2Fwp%2Fv2%2Fcomments&post=9262"}],"version-history":[{"count":6,"href":"https:\/\/adhilac.com.ar\/index.php?rest_route=\/wp\/v2\/posts\/9262\/revisions"}],"predecessor-version":[{"id":9349,"href":"https:\/\/adhilac.com.ar\/index.php?rest_route=\/wp\/v2\/posts\/9262\/revisions\/9349"}],"wp:attachment":[{"href":"https:\/\/adhilac.com.ar\/index.php?rest_route=%2Fwp%2Fv2%2Fmedia&parent=9262"}],"wp:term":[{"taxonomy":"category","embeddable":true,"href":"https:\/\/adhilac.com.ar\/index.php?rest_route=%2Fwp%2Fv2%2Fcategories&post=9262"},{"taxonomy":"post_tag","embeddable":true,"href":"https:\/\/adhilac.com.ar\/index.php?rest_route=%2Fwp%2Fv2%2Ftags&post=9262"}],"curies":[{"name":"wp","href":"https:\/\/api.w.org\/{rel}","templated":true}]}}