{"id":9456,"date":"2014-05-01T00:36:03","date_gmt":"2014-05-01T03:36:03","guid":{"rendered":"https:\/\/adhilac.com.ar\/?p=9456"},"modified":"2014-05-01T10:41:36","modified_gmt":"2014-05-01T13:41:36","slug":"1%c2%ba-de-mayo-de-1886-1%c2%ba-de-mayo-de-2014-jorge-nunez-sanchez","status":"publish","type":"post","link":"https:\/\/adhilac.com.ar\/?p=9456","title":{"rendered":"1\u00ba de mayo de 1886 -1\u00ba de mayo de 2014. Jorge N\u00fa\u00f1ez S\u00e1nchez"},"content":{"rendered":"<h3 style=\"text-align: justify;\"><span style=\"color: #339966;\"><a href=\"https:\/\/adhilac.com.ar\/wp-content\/uploads\/2014\/05\/Martires-Chicago-01-03.jpg\"><img loading=\"lazy\" decoding=\"async\" class=\"alignleft size-full wp-image-9460\" title=\"Martires Chicago 01 -03\" src=\"https:\/\/adhilac.com.ar\/wp-content\/uploads\/2014\/05\/Martires-Chicago-01-03.jpg\" alt=\"\" width=\"180\" height=\"268\" srcset=\"https:\/\/adhilac.com.ar\/wp-content\/uploads\/2014\/05\/Martires-Chicago-01-03.jpg 416w, https:\/\/adhilac.com.ar\/wp-content\/uploads\/2014\/05\/Martires-Chicago-01-03-201x300.jpg 201w\" sizes=\"auto, (max-width: 180px) 100vw, 180px\" \/><\/a>Recordando las luchas obreras<\/span><\/h3>\n<p style=\"text-align: justify;\">Ecuador. 1\u00ba de mayo de 2014<\/p>\n<p style=\"text-align: justify;\">Hoy es primero de mayo y en casi todo el mundo se celebra el D\u00eda Internacional de los Trabajadores. Los \u00fanicos pa\u00edses donde no se celebra este d\u00eda son Estados Unidos y otros angl\u00f3fonos, que quieren que el mundo olvide la brutal represi\u00f3n que en esta fecha se produjo en Chicago, en 1886, contra la huelga general obrera que exig\u00eda la jornada de ocho horas.<\/p>\n<p style=\"text-align: justify;\">Los poderosos sindicatos de izquierda llamaron a una huelga que paraliz\u00f3 aquel d\u00eda a unas 12 mil f\u00e1bricas en EE.UU., 40 mil obreros pararon en Nueva York, unos 12 mil en Detroit y 30 mil en Chicago.<!--more--> Dos d\u00edas despu\u00e9s, 340 mil trabajadores estaban en huelga en todo el pa\u00eds y 80 mil solo en Chicago, donde fue convocado un gran mitin en la plaza Haymarket para el 4 de mayo.<\/p>\n<p style=\"text-align: justify;\">La Polic\u00eda atac\u00f3 esa ma\u00f1ana a los huelguistas y, por la noche, luego del gran mitin, atac\u00f3 a los obreros que a\u00fan quedaban en la plaza. De pronto, una bomba estall\u00f3 entre las filas policiales y los polic\u00edas se lanzaron a cazar obreros a balazos, matando a algunos e hiriendo a m\u00e1s de 200.<\/p>\n<p style=\"text-align: justify;\">Ese fue el inicio de la mayor cacer\u00eda de obreros izquierdistas. Se allanaron miles de casas y locales obreros, se cerraron peri\u00f3dicos de izquierda, se prohibieron las huelgas en todo el pa\u00eds y la Polic\u00eda masacr\u00f3 a los que participaban en m\u00edtines. La prensa fue el \u00f3rgano director de esa cacer\u00eda de brujas, proclamando las m\u00e1s feroces ideas represivas y reclamando la horca para todo izquierdista.<\/p>\n<p style=\"text-align: justify;\">En Chicago, la gran ciudad industrial, fueron capturados miles de obreros huelguistas y muchos periodistas revolucionarios. Al fin, se abri\u00f3 juicio contra ocho l\u00edderes de la Asociaci\u00f3n Internacional del Pueblo Trabajador: George Engel, Samuel Fielden, Adolf Fischer, Louis Lingg, Michael Schwab, Albert Parsons, Oscar Neebe y August Spies.<\/p>\n<p style=\"text-align: justify;\">El juicio fue una farsa, llena de trampas, amenazas y testigos falsos, pues los grandes capitalistas quer\u00edan sangre. El fiscal Grinnel dijo en el juicio: \u201cSe\u00f1ores del jurado, condenen a estos hombres, denles un castigo ejemplar, ah\u00f3rquenlos y salven nuestras instituciones, nuestra sociedad\u201d.<\/p>\n<p style=\"text-align: justify;\">George Engel, inmigrante alem\u00e1n, dijo en su defensa: \u201c\u00bfEn qu\u00e9 consiste mi crimen? En que he trabajado por el establecimiento de un sistema social donde sea imposible que mientras unos amontonan millones otros caen en la degradaci\u00f3n y la miseria. As\u00ed como el agua y el aire son libres para todos, as\u00ed la tierra y las invenciones de los hombres de ciencia deben ser utilizados en beneficio de todos. Vuestras leyes est\u00e1n en oposici\u00f3n con las de la naturaleza, y mediante ellas rob\u00e1is a las masas el derecho a la vida, la libertad, el bienestar\u201d.<\/p>\n<p style=\"text-align: justify;\">Al fin, dos acusados fueron condenados a cadena perpetua, otro a 15 a\u00f1os de c\u00e1rcel, uno se suicid\u00f3 y cuatro fueron a la horca el 11 de noviembre de 1887. Murieron cantando La Marsellesa Anarquista. Medio mill\u00f3n de personas fue a su sepelio.<\/p>\n<p style=\"text-align: justify;\">En 1889, el Congreso Obrero Socialista de Par\u00eds consagr\u00f3 al 1 de mayo como el D\u00eda Internacional de los Trabajadores.<\/p>\n<p style=\"text-align: justify;\">Nuestro homenaje emocionado a los m\u00e1rtires de Chicago y a todos los trabajadores manuales e intelectuales del mundo.<\/p>\n<p style=\"text-align: justify;\">Fuente: <em>El Tel\u00e9grafo<\/em>, Primer Diario P\u00fablico, Guayaquil, Ecuador<\/p>\n<p><strong>Publicado por ADHILAC Internacional \u00a9 www.adhilac.com.ar<\/strong><\/p>\n<p>Si Ud. desea asociarse de acuerdo a los Estatutos de ADHILAC\u00a0<a title=\"(ver)\" href=\"https:\/\/adhilac.com.ar\/?page_id=263\">(ver)<\/a> complete el formulario correspondiente\u00a0<a title=\"(Ver)\" href=\"https:\/\/adhilac.com.ar\/?page_id=4779\" target=\"_blank\">(ver)<\/a><\/p>\n<p>E-mail:\u00a0<a title=\"info@adhilac.com.ar\" href=\"https:\/\/adhilac.com.ar\/info@adhilac.com.ar\" target=\"_blank\">info@adhilac.com.ar<\/a><strong> <\/strong><\/p>\n<p>Twitter: @AdhilacInfo<\/p>\n<p style=\"text-align: justify;\">&nbsp;<\/p>\n","protected":false},"excerpt":{"rendered":"<p>Recordando las luchas obreras Ecuador. 1\u00ba de mayo de 2014 Hoy es primero de mayo y en casi todo el mundo se celebra el D\u00eda Internacional de los Trabajadores. Los \u00fanicos pa\u00edses donde no se celebra este d\u00eda son Estados Unidos y otros angl\u00f3fonos, que quieren que el mundo olvide la brutal represi\u00f3n que en [&hellip;]<\/p>\n","protected":false},"author":2,"featured_media":0,"comment_status":"closed","ping_status":"closed","sticky":false,"template":"","format":"standard","meta":{"_crdt_document":"","footnotes":""},"categories":[381,6],"tags":[164,520,372],"class_list":["post-9456","post","type-post","status-publish","format-standard","hentry","category-archivo","category-biblioteca","tag-estados-unidos","tag-martires-de-chicago","tag-movimiento-obrero"],"_links":{"self":[{"href":"https:\/\/adhilac.com.ar\/index.php?rest_route=\/wp\/v2\/posts\/9456","targetHints":{"allow":["GET"]}}],"collection":[{"href":"https:\/\/adhilac.com.ar\/index.php?rest_route=\/wp\/v2\/posts"}],"about":[{"href":"https:\/\/adhilac.com.ar\/index.php?rest_route=\/wp\/v2\/types\/post"}],"author":[{"embeddable":true,"href":"https:\/\/adhilac.com.ar\/index.php?rest_route=\/wp\/v2\/users\/2"}],"replies":[{"embeddable":true,"href":"https:\/\/adhilac.com.ar\/index.php?rest_route=%2Fwp%2Fv2%2Fcomments&post=9456"}],"version-history":[{"count":4,"href":"https:\/\/adhilac.com.ar\/index.php?rest_route=\/wp\/v2\/posts\/9456\/revisions"}],"predecessor-version":[{"id":9462,"href":"https:\/\/adhilac.com.ar\/index.php?rest_route=\/wp\/v2\/posts\/9456\/revisions\/9462"}],"wp:attachment":[{"href":"https:\/\/adhilac.com.ar\/index.php?rest_route=%2Fwp%2Fv2%2Fmedia&parent=9456"}],"wp:term":[{"taxonomy":"category","embeddable":true,"href":"https:\/\/adhilac.com.ar\/index.php?rest_route=%2Fwp%2Fv2%2Fcategories&post=9456"},{"taxonomy":"post_tag","embeddable":true,"href":"https:\/\/adhilac.com.ar\/index.php?rest_route=%2Fwp%2Fv2%2Ftags&post=9456"}],"curies":[{"name":"wp","href":"https:\/\/api.w.org\/{rel}","templated":true}]}}