{"id":9476,"date":"2014-05-04T07:18:08","date_gmt":"2014-05-04T10:18:08","guid":{"rendered":"https:\/\/adhilac.com.ar\/?p=9476"},"modified":"2014-05-04T17:18:46","modified_gmt":"2014-05-04T20:18:46","slug":"apoyo-de-uruguay-a-la-argentina-contra-el-creciente-poder-militar-britanico-y-europeo-en-el-atlantico-sur","status":"publish","type":"post","link":"https:\/\/adhilac.com.ar\/?p=9476","title":{"rendered":"Apoyo de Uruguay a la Argentina contra el creciente poder militar brit\u00e1nico (y europeo) en el Atl\u00e1ntico Sur."},"content":{"rendered":"<h3 style=\"text-align: justify;\"><span style=\"color: #339966;\"><a href=\"https:\/\/adhilac.com.ar\/wp-content\/uploads\/2014\/05\/PilaJuarez-Malvinas-Detalle01.jpg\"><img loading=\"lazy\" decoding=\"async\" class=\"alignleft size-full wp-image-9478\" title=\"PilaJuarez-Malvinas-Detalle01\" src=\"https:\/\/adhilac.com.ar\/wp-content\/uploads\/2014\/05\/PilaJuarez-Malvinas-Detalle01.jpg\" alt=\"\" width=\"327\" height=\"245\" srcset=\"https:\/\/adhilac.com.ar\/wp-content\/uploads\/2014\/05\/PilaJuarez-Malvinas-Detalle01.jpg 567w, https:\/\/adhilac.com.ar\/wp-content\/uploads\/2014\/05\/PilaJuarez-Malvinas-Detalle01-300x224.jpg 300w\" sizes=\"auto, (max-width: 327px) 100vw, 327px\" \/><\/a>Uruguay calific\u00f3 de \u00abamenaza latente\u00bb la militarizaci\u00f3n de Malvinas<\/span><\/h3>\n<p style=\"text-align: justify;\"><em>Izquierda: \u00abMalvinas\u00bb Delfina \u00abPila\u00bb Ju\u00e1rez (1917-2010). <\/em> Detalle.<\/p>\n<p style=\"text-align: justify;\">Buenos Aires.\u00a04 de mayo de 2014.<\/p>\n<p style=\"text-align: justify;\"><strong>Contra la presencia brit\u00e1nica<\/strong><\/p>\n<p style=\"text-align: justify;\">El gobierno uruguayo se sum\u00f3 al planteo argentino en rechazo al despliegue de tropas del Reino Unido en las islas. Advirti\u00f3 que \u201cincide negativamente en el Atl\u00e1ntico Sur como zona de paz y de cooperaci\u00f3n\u201d. Daniel Filmus agradeci\u00f3 el apoyo.<!--more--><\/p>\n<div id=\"cuerpo\" style=\"text-align: justify;\">\n<p>El gobierno de Uruguay calific\u00f3 la presencia brit\u00e1nica en las Islas Malvinas como una \u201camenaza latente\u201d. As\u00ed lo manifest\u00f3 en un comunicado el Ministerio de Defensa de ese pa\u00eds, como adelanto de un documento que ser\u00e1 presentado a la prensa la pr\u00f3xima semana. El planteo de la administraci\u00f3n de Jos\u00e9 Mujica se suma al del gobierno argentino, que a trav\u00e9s de distintos funcionarios sali\u00f3 esta semana a rechazar la militarizaci\u00f3n del Atl\u00e1ntico Sur. El secretario de Asuntos Relativos a las islas Malvinas, Daniel Filmus agradeci\u00f3 a Uruguay por la demostraci\u00f3n de apoyo.<\/p>\n<p>El documento difundido por el gobierno de Mujica se titula \u201cUn Uruguay integrado a la regi\u00f3n y abierto al mundo\u201d. De sus 42 p\u00e1ginas, s\u00f3lo se conoci\u00f3 un avance publicado por el diario La Rep\u00fablica, de Montevideo, relacionado con Malvinas. All\u00ed se sostiene que el enclave colonial en el Atl\u00e1ntico Sur \u201cafecta la zona oce\u00e1nica, donde naturalmente se producen las comunicaciones y la actividad econ\u00f3mica mar\u00edtima del pa\u00eds\u201d. Por este motivo, el gobierno uruguayo lo considera como amenaza, ya que \u201cincide negativamente en el Atl\u00e1ntico Sur como zona de paz y de cooperaci\u00f3n\u201d.<\/p>\n<p>Por otra parte, el Ministerio de Defensa de Uruguay advirti\u00f3 sobre una segunda amenaza, al referirse al \u201cagravamiento de posibles conflictos fronterizos entre pa\u00edses de la regi\u00f3n\u201d, y agreg\u00f3 que esto genera \u201ccarreras armament\u00edsticas contrarias al desarrollo y pone en peligro la confianza mutua\u201d. Tambi\u00e9n identific\u00f3 como \u201cobst\u00e1culos\u201d a la defensa nacional los \u201chechos provocados por el medio ambiente, pandemias, actos terroristas, inestabilidad democr\u00e1tica en la regi\u00f3n, actos de espionaje, ataques cibern\u00e9ticos, e intentos de apropiaci\u00f3n de recursos naturales\u201d.<\/p>\n<p>Daniel Filmus manifest\u00f3 su agradecimiento al gobierno y pueblo uruguayos. En di\u00e1logo con P\u00e1gina\/12, el secretario de Asuntos Relativos a las Islas Malvinas se\u00f1al\u00f3 que de todas maneras no le sorprende esta postura del gobierno de Mujica. Al respecto, cont\u00f3 que \u201cest\u00e1 en la misma l\u00ednea de lo conversado en la reuni\u00f3n que tuve con el canciller uruguayo (Luis Almagro) hace dos semanas\u201d, y que adem\u00e1s \u201ctodo el pueblo latinoamericano se ha mostrado a favor de nuestro pa\u00eds en el reclamo por la soberan\u00eda de las islas Malvinas y comparte la preocupaci\u00f3n profunda por la instalaci\u00f3n de una base militar desmesurada\u201d.<\/p>\n<p>Filmus tambi\u00e9n remarc\u00f3 la importancia de que \u201cpor primera vez contamos con organismos institucionales propios, como Mercosur o Unasur, para la resoluci\u00f3n de los conflictos regionales, sin necesidad de recurrir a las potencias internacionales\u201d. \u201cEsta misma posibilidad se da cuando hay atentados a la democracia al interior de los pa\u00edses\u201d, a\u00f1adi\u00f3 el funcionario y puso como ejemplo los intentos golpistas a Ecuador y Paraguay.<\/p>\n<p>El pasado viernes, el ex ministro de Educaci\u00f3n sali\u00f3 al cruce de las declaraciones del ministro de Relaciones Exteriores con Latinoam\u00e9rica en Gran Breta\u00f1a, Hugo Swire. El brit\u00e1nico hab\u00eda afirmado que la presencia en Malvinas es \u201cpuramente defensiva\u201d, a lo que Filmus respondi\u00f3 que \u201cni la magnitud de las fuerzas apostadas en el archipi\u00e9lago, ni la relevancia estrat\u00e9gica de las islas en el despliegue de poder global de Reino Unido se condicen con pretensiones defensivas\u201d.<\/p>\n<p>No fue Filmus el \u00fanico que marc\u00f3 su postura sobre la militarizaci\u00f3n del archipi\u00e9lago. Durante la semana hicieron lo propio el ministro de Defensa, Agust\u00edn Rossi, y el titular de la C\u00e1mara de Diputados, Juli\u00e1n Dom\u00ednguez. Ambos aprovecharon la ocasi\u00f3n del acto en conmemoraci\u00f3n por los 323 ca\u00eddos en el hundimiento del Crucero General Belgrano, durante la guerra de Malvinas. El ministro se\u00f1al\u00f3 que se trata de una situaci\u00f3n de \u201ccolonialismo inadmisible e injustificado\u201d y expres\u00f3 su preocupaci\u00f3n por la militarizaci\u00f3n de las islas. \u201cEs imperiosa la necesidad de cuidar de nuestros recursos naturales, que los brit\u00e1nicos est\u00e1n poniendo en riesgo con estas maniobras\u201d, concluy\u00f3. Dom\u00ednguez rechaz\u00f3 los recientes ejercicios militares llevados a cabo en las islas, y afirm\u00f3 que \u201cen nombre de los ca\u00eddos, las Malvinas tienen que volver a ser argentinas\u201d.<\/p>\n<p><em><strong>Informe:<\/strong> Cecilia Camarano.<\/em><\/p>\n<\/div>\n<p style=\"text-align: justify;\">Fuente: P\u00e1gina 12. www.pagina12.com.ar<\/p>\n<p><strong>Publicado por ADHILAC Internacional \u00a9 www.adhilac.com.ar<\/strong><\/p>\n<p>Si Ud. desea asociarse de acuerdo a los Estatutos de ADHILAC\u00a0<a title=\"(ver)\" href=\"https:\/\/adhilac.com.ar\/?page_id=263\">(ver)<\/a> complete el formulario correspondiente\u00a0<a title=\"(Ver)\" href=\"https:\/\/adhilac.com.ar\/?page_id=4779\" target=\"_blank\">(ver)<\/a><\/p>\n<p>E-mail:\u00a0<a title=\"info@adhilac.com.ar\" href=\"https:\/\/adhilac.com.ar\/info@adhilac.com.ar\" target=\"_blank\">info@adhilac.com.ar<\/a><strong><\/strong><\/p>\n<p>Twitter: @AdhilacInfo<\/p>\n","protected":false},"excerpt":{"rendered":"<p>Uruguay calific\u00f3 de \u00abamenaza latente\u00bb la militarizaci\u00f3n de Malvinas Izquierda: \u00abMalvinas\u00bb Delfina \u00abPila\u00bb Ju\u00e1rez (1917-2010). Detalle. Buenos Aires.\u00a04 de mayo de 2014. Contra la presencia brit\u00e1nica El gobierno uruguayo se sum\u00f3 al planteo argentino en rechazo al despliegue de tropas del Reino Unido en las islas. Advirti\u00f3 que \u201cincide negativamente en el Atl\u00e1ntico Sur como [&hellip;]<\/p>\n","protected":false},"author":2,"featured_media":0,"comment_status":"closed","ping_status":"closed","sticky":false,"template":"","format":"standard","meta":{"_crdt_document":"","footnotes":""},"categories":[40],"tags":[487,67,522,285,149],"class_list":["post-9476","post","type-post","status-publish","format-standard","hentry","category-informaciones","tag-antiimperialismo","tag-argentina","tag-malvinas","tag-reino-unido","tag-uruguay"],"_links":{"self":[{"href":"https:\/\/adhilac.com.ar\/index.php?rest_route=\/wp\/v2\/posts\/9476","targetHints":{"allow":["GET"]}}],"collection":[{"href":"https:\/\/adhilac.com.ar\/index.php?rest_route=\/wp\/v2\/posts"}],"about":[{"href":"https:\/\/adhilac.com.ar\/index.php?rest_route=\/wp\/v2\/types\/post"}],"author":[{"embeddable":true,"href":"https:\/\/adhilac.com.ar\/index.php?rest_route=\/wp\/v2\/users\/2"}],"replies":[{"embeddable":true,"href":"https:\/\/adhilac.com.ar\/index.php?rest_route=%2Fwp%2Fv2%2Fcomments&post=9476"}],"version-history":[{"count":4,"href":"https:\/\/adhilac.com.ar\/index.php?rest_route=\/wp\/v2\/posts\/9476\/revisions"}],"predecessor-version":[{"id":9481,"href":"https:\/\/adhilac.com.ar\/index.php?rest_route=\/wp\/v2\/posts\/9476\/revisions\/9481"}],"wp:attachment":[{"href":"https:\/\/adhilac.com.ar\/index.php?rest_route=%2Fwp%2Fv2%2Fmedia&parent=9476"}],"wp:term":[{"taxonomy":"category","embeddable":true,"href":"https:\/\/adhilac.com.ar\/index.php?rest_route=%2Fwp%2Fv2%2Fcategories&post=9476"},{"taxonomy":"post_tag","embeddable":true,"href":"https:\/\/adhilac.com.ar\/index.php?rest_route=%2Fwp%2Fv2%2Ftags&post=9476"}],"curies":[{"name":"wp","href":"https:\/\/api.w.org\/{rel}","templated":true}]}}