{"id":9493,"date":"2014-05-02T20:29:12","date_gmt":"2014-05-02T23:29:12","guid":{"rendered":"https:\/\/adhilac.com.ar\/?p=9493"},"modified":"2014-05-10T20:35:07","modified_gmt":"2014-05-10T23:35:07","slug":"revista-historia-da-educacao-n-43-on-line","status":"publish","type":"post","link":"https:\/\/adhilac.com.ar\/?p=9493","title":{"rendered":"Revista Hist\u00f3ria da Educa\u00e7\u00e3o  N. 43 on line."},"content":{"rendered":"<p><strong>Associa\u00e7\u00e3o Sul-Rio-Grandense de Pesquisadores em Hist\u00f3ria da Educa\u00e7\u00e3o- Asphe<\/strong><\/p>\n<p style=\"text-align: justify;\">Neste n\u00famero destaca-se o dossi\u00ea\u00a0Representa\u00e7\u00f5es, pr\u00e1ticas e pol\u00edticas de escolariza\u00e7\u00e3o da inf\u00e2ncia na zona rural,\u00a0integrado  por textos de\u00a0Rosa F\u00e1tima de Souza,\t Virg\u00ednia Pereira da Silva de  \u00c1vila,\u00a0Limber Elbio Santos,\u00a0Macioniro Celeste Filho,\u00a0Analete Regina  Schelbauer e\u00a0Fl\u00e1vio An\u00edcio Andrade.<!--more--><\/p>\n<p style=\"text-align: justify;\">Destaca-se, tamb\u00e9m, a\u00a0tradu\u00e7\u00e3o do texto\u00a0Li\u00e7\u00f5es de coisas e ensino das ci\u00eancias na Fran\u00e7a no fim do s\u00e9culo 19: contribui\u00e7\u00e3o a uma hist\u00f3ria da cultura, de\u00a0Pierre Kahn.<\/p>\n<p style=\"text-align: justify;\">Ainda h\u00e1 artigos de Jos\u00e9 Viegas Br\u00e1s,\t Maria Leal Gon\u00e7alves,\t Jos\u00e9 Hernandez Dias,\u00a0Fl\u00e1via Obino Corr\u00eaa Werle,\u00a0Terciane \u00c2ngela Luchese,\u00a0Antonio Valdir Monteiro Duarte,\u00a0Gladys Mary Ghizoni Teive e Norberto Dallabrida.<\/p>\n<p style=\"text-align: justify;\">Hist\u00f3ria da Educa\u00e7\u00e3o &#8211; <a href=\"http:\/\/seer.ufrgs.br\/asphe\" target=\"_blank\">http:\/\/seer.ufrgs.br\/asphe<\/a> &#8211; <a href=\"http:\/\/www.scielo.br\/heduc\" target=\"_blank\">http:\/\/www.scielo.br\/heduc<\/a><br \/>\nAssocia\u00e7\u00e3o Sul-Rio-Grandense de Pesquisadores em Hist\u00f3ria da Educa\u00e7\u00e3o- Asphe<br \/>\n<a href=\"http:\/\/asphers.blogspot.com\/\" target=\"_blank\">http:\/\/asphers.blogspot.com<\/a><\/p>\n<p><strong>Publicado por ADHILAC Internacional \u00a9 www.adhilac.com.ar<\/strong><\/p>\n<p>Si Ud.\u00a0DESEA Asociarse de acuerdo a los Estatutos de ADHILAC\u00a0<a title=\"(Ver)\" href=\"https:\/\/adhilac.com.ar\/?page_id=263\">(ver)<\/a> Completa el Formulario Correspondiente\u00a0<a title=\"(Ver)\" href=\"https:\/\/adhilac.com.ar\/?page_id=4779\" target=\"_blank\">(ver)<\/a><\/p>\n<p>E-mail:\u00a0<a title=\"info@adhilac.com.ar\" href=\"https:\/\/adhilac.com.ar\/info@adhilac.com.ar\" target=\"_blank\">info@adhilac.com.ar<\/a><strong> <\/strong><\/p>\n<p>Twitter: @ AdhilacInfo<\/p>\n<p style=\"text-align: justify;\">&nbsp;<\/p>\n<p style=\"text-align: justify;\">&nbsp;<\/p>\n","protected":false},"excerpt":{"rendered":"<p>Associa\u00e7\u00e3o Sul-Rio-Grandense de Pesquisadores em Hist\u00f3ria da Educa\u00e7\u00e3o- Asphe Neste n\u00famero destaca-se o dossi\u00ea\u00a0Representa\u00e7\u00f5es, pr\u00e1ticas e pol\u00edticas de escolariza\u00e7\u00e3o da inf\u00e2ncia na zona rural,\u00a0integrado por textos de\u00a0Rosa F\u00e1tima de Souza, Virg\u00ednia Pereira da Silva de \u00c1vila,\u00a0Limber Elbio Santos,\u00a0Macioniro Celeste Filho,\u00a0Analete Regina Schelbauer e\u00a0Fl\u00e1vio An\u00edcio Andrade.<\/p>\n","protected":false},"author":2,"featured_media":0,"comment_status":"closed","ping_status":"closed","sticky":false,"template":"","format":"standard","meta":{"_crdt_document":"","footnotes":""},"categories":[40,7],"tags":[478],"class_list":["post-9493","post","type-post","status-publish","format-standard","hentry","category-informaciones","category-publicac-info","tag-historia-de-la-educacion"],"_links":{"self":[{"href":"https:\/\/adhilac.com.ar\/index.php?rest_route=\/wp\/v2\/posts\/9493","targetHints":{"allow":["GET"]}}],"collection":[{"href":"https:\/\/adhilac.com.ar\/index.php?rest_route=\/wp\/v2\/posts"}],"about":[{"href":"https:\/\/adhilac.com.ar\/index.php?rest_route=\/wp\/v2\/types\/post"}],"author":[{"embeddable":true,"href":"https:\/\/adhilac.com.ar\/index.php?rest_route=\/wp\/v2\/users\/2"}],"replies":[{"embeddable":true,"href":"https:\/\/adhilac.com.ar\/index.php?rest_route=%2Fwp%2Fv2%2Fcomments&post=9493"}],"version-history":[{"count":1,"href":"https:\/\/adhilac.com.ar\/index.php?rest_route=\/wp\/v2\/posts\/9493\/revisions"}],"predecessor-version":[{"id":9494,"href":"https:\/\/adhilac.com.ar\/index.php?rest_route=\/wp\/v2\/posts\/9493\/revisions\/9494"}],"wp:attachment":[{"href":"https:\/\/adhilac.com.ar\/index.php?rest_route=%2Fwp%2Fv2%2Fmedia&parent=9493"}],"wp:term":[{"taxonomy":"category","embeddable":true,"href":"https:\/\/adhilac.com.ar\/index.php?rest_route=%2Fwp%2Fv2%2Fcategories&post=9493"},{"taxonomy":"post_tag","embeddable":true,"href":"https:\/\/adhilac.com.ar\/index.php?rest_route=%2Fwp%2Fv2%2Ftags&post=9493"}],"curies":[{"name":"wp","href":"https:\/\/api.w.org\/{rel}","templated":true}]}}