{"id":9512,"date":"2014-05-16T17:37:55","date_gmt":"2014-05-16T20:37:55","guid":{"rendered":"https:\/\/adhilac.com.ar\/?p=9512"},"modified":"2014-05-19T20:08:37","modified_gmt":"2014-05-19T23:08:37","slug":"reflexiones-sobre-historia-social-desde-nuestra-america-g-gresores-c-spiguel-y-c-mateu-compiladores","status":"publish","type":"post","link":"https:\/\/adhilac.com.ar\/?p=9512","title":{"rendered":"\u00abReflexiones sobre Historia Social desde Nuestra Am\u00e9rica\u00bb G. Gresores, C. Spiguel y C. Mateu compiladores."},"content":{"rendered":"<h3 style=\"text-align: justify;\"><span style=\"color: #339966;\"><a href=\"https:\/\/adhilac.com.ar\/wp-content\/uploads\/2014\/05\/Reflexiones-sobre-Historia-Social-de-Nuestra-America.jpg\"><img loading=\"lazy\" decoding=\"async\" class=\"alignleft size-full wp-image-9513\" title=\"Reflexiones sobre Historia Social de Nuestra America\" src=\"https:\/\/adhilac.com.ar\/wp-content\/uploads\/2014\/05\/Reflexiones-sobre-Historia-Social-de-Nuestra-America.jpg\" alt=\"\" width=\"302\" height=\"427\" srcset=\"https:\/\/adhilac.com.ar\/wp-content\/uploads\/2014\/05\/Reflexiones-sobre-Historia-Social-de-Nuestra-America.jpg 504w, https:\/\/adhilac.com.ar\/wp-content\/uploads\/2014\/05\/Reflexiones-sobre-Historia-Social-de-Nuestra-America-212x300.jpg 212w\" sizes=\"auto, (max-width: 302px) 100vw, 302px\" \/><\/a>NUEVA PUBLICACI\u00d3N<\/span><\/h3>\n<p style=\"text-align: justify;\"><strong><em>Reflexiones sobre Historia Social desde Nuestra Am\u00e9rica<\/em><\/strong><em>. <\/em>Gabriela Gresores, Claudio Spiguel y Cristina Mateu (compiladores)\u00a0Editorial Cienflores, Buenos Aires, 2014. 262 p\u00e1ginas.<\/p>\n<p style=\"text-align: justify;\">&nbsp;<\/p>\n<p style=\"text-align: justify;\">Esta compilaci\u00f3n re\u00fane parte de las preguntas y respuestas desplegadas en m\u00e1s de una d\u00e9cada de trabajo docente y de arduas batallas de la C\u00e1tedra Paralela de Historia Social General de la Facultad de Filosof\u00eda y letras de la UBA, en contra de las corrientes hegem\u00f3nicas, euroc\u00e9ntricas y justificadoras de la opresi\u00f3n de nuestros pueblos.<!--more--><\/p>\n<p style=\"text-align: justify;\">Se trata de apuntes y art\u00edculos tan abiertos como rigurosos, que reflexionan sobre temas fundantes de la historia de las sociedades haci\u00e9ndolo desde y para los pueblos de Nuestra Am\u00e9rica, tal y como propusiera denominar Jos\u00e9 Mart\u00ed a la Patria Grande. Desde la comunidades originarias hasta la \u00a0irrupci\u00f3n del imperialismo, pasando por la invasi\u00f3n europea y la resistencia a la opresi\u00f3n, esta compilaci\u00f3n explora y analizar la formaci\u00f3n hist\u00f3rica y las singularidades de nuestras sociedades en una perspectiva de larga duraci\u00f3n.<\/p>\n<p style=\"text-align: justify;\">Producto del trabajo del equipo docente en un encuentro dial\u00e9ctico con los estudiantes, devueltos a su condici\u00f3n de protagonistas de los procesos de conocimiento. Este libro de lenguaje sencillo y calidad did\u00e1ctica es una lectura necesaria para todo aquel que desea adentrarse en el camino de pensar nuestra realidad recorriente los tres tiempos de la Historia: el pasado, el presente y el futuro.<\/p>\n<p style=\"text-align: justify;\">&nbsp;<\/p>\n<p><strong>Publicado por ADHILAC Internacional \u00a9 www.adhilac.com.ar<\/strong><\/p>\n<p>Si Ud. desea asociarse de acuerdo a los Estatutos de ADHILAC\u00a0<a title=\"(ver)\" href=\"https:\/\/adhilac.com.ar\/?page_id=263\">(ver)<\/a> complete el formulario correspondiente\u00a0<a title=\"(Ver)\" href=\"https:\/\/adhilac.com.ar\/?page_id=4779\" target=\"_blank\">(ver)<\/a><\/p>\n<p>E-mail:\u00a0<a title=\"info@adhilac.com.ar\" href=\"https:\/\/adhilac.com.ar\/info@adhilac.com.ar\" target=\"_blank\">info@adhilac.com.ar<\/a><strong><\/strong><\/p>\n<p>Twitter: @AdhilacInfo<\/p>\n","protected":false},"excerpt":{"rendered":"<p>NUEVA PUBLICACI\u00d3N Reflexiones sobre Historia Social desde Nuestra Am\u00e9rica. Gabriela Gresores, Claudio Spiguel y Cristina Mateu (compiladores)\u00a0Editorial Cienflores, Buenos Aires, 2014. 262 p\u00e1ginas. &nbsp; Esta compilaci\u00f3n re\u00fane parte de las preguntas y respuestas desplegadas en m\u00e1s de una d\u00e9cada de trabajo docente y de arduas batallas de la C\u00e1tedra Paralela de Historia Social General de [&hellip;]<\/p>\n","protected":false},"author":2,"featured_media":0,"comment_status":"closed","ping_status":"closed","sticky":false,"template":"","format":"standard","meta":{"_crdt_document":"","footnotes":""},"categories":[40,7],"tags":[528,25],"class_list":["post-9512","post","type-post","status-publish","format-standard","hentry","category-informaciones","category-publicac-info","tag-historia-social","tag-nuestra-america"],"_links":{"self":[{"href":"https:\/\/adhilac.com.ar\/index.php?rest_route=\/wp\/v2\/posts\/9512","targetHints":{"allow":["GET"]}}],"collection":[{"href":"https:\/\/adhilac.com.ar\/index.php?rest_route=\/wp\/v2\/posts"}],"about":[{"href":"https:\/\/adhilac.com.ar\/index.php?rest_route=\/wp\/v2\/types\/post"}],"author":[{"embeddable":true,"href":"https:\/\/adhilac.com.ar\/index.php?rest_route=\/wp\/v2\/users\/2"}],"replies":[{"embeddable":true,"href":"https:\/\/adhilac.com.ar\/index.php?rest_route=%2Fwp%2Fv2%2Fcomments&post=9512"}],"version-history":[{"count":2,"href":"https:\/\/adhilac.com.ar\/index.php?rest_route=\/wp\/v2\/posts\/9512\/revisions"}],"predecessor-version":[{"id":9515,"href":"https:\/\/adhilac.com.ar\/index.php?rest_route=\/wp\/v2\/posts\/9512\/revisions\/9515"}],"wp:attachment":[{"href":"https:\/\/adhilac.com.ar\/index.php?rest_route=%2Fwp%2Fv2%2Fmedia&parent=9512"}],"wp:term":[{"taxonomy":"category","embeddable":true,"href":"https:\/\/adhilac.com.ar\/index.php?rest_route=%2Fwp%2Fv2%2Fcategories&post=9512"},{"taxonomy":"post_tag","embeddable":true,"href":"https:\/\/adhilac.com.ar\/index.php?rest_route=%2Fwp%2Fv2%2Ftags&post=9512"}],"curies":[{"name":"wp","href":"https:\/\/api.w.org\/{rel}","templated":true}]}}