{"id":954,"date":"2010-03-12T07:37:43","date_gmt":"2010-03-12T10:37:43","guid":{"rendered":"https:\/\/adhilac.com.ar\/?p=954"},"modified":"2012-07-29T17:01:14","modified_gmt":"2012-07-29T20:01:14","slug":"nuevos-talleres-internacionales-de-estudios-regionales-y-locales-urbanos-ii","status":"publish","type":"post","link":"https:\/\/adhilac.com.ar\/?p=954","title":{"rendered":"Nuevos Talleres Internacionales de Estudios Regionales y Locales (Urbanos) II- Santa Clara, Cuba"},"content":{"rendered":"<h3>Entre el 30 de junio y el 3 de julio de 2010<\/h3>\n<p style=\"text-align: justify;\"><strong><img loading=\"lazy\" decoding=\"async\" class=\"size-full wp-image-958 alignleft\" title=\"Taller2 estudios regionales y locales Cuba-2010 - mediano\" src=\"https:\/\/adhilac.com.ar\/wp-content\/uploads\/2010\/03\/Taller2-estudios-regionales-y-locales-Cuba-2010-mediano.jpg\" alt=\"Taller2 estudios regionales y locales Cuba-2010 - mediano\" width=\"340\" height=\"440\" \/><strong>Universidad Central \u201cMarta Abreu\u201d de Santa Clara, capital del centro de Cuba<\/strong><\/strong><\/p>\n<p><strong> <\/strong><\/p>\n<p><strong> <\/strong><\/p>\n<p style=\"text-align: justify;\">La Universidad Central \u201cMarta Abreu\u201d, a trav\u00e9s de sus facultades de Ciencias Sociales y Human\u00edsticas, con el coauspicio de la Asociaci\u00f3n de Historiadores de Am\u00e9rica Latina y el Caribe (ADHILAC) \u2013Continental y Secci\u00f3n Cubana-, de la Uni\u00f3n Nacional de Escritores y Artistas de Cuba (UNEAC) \u2013Secci\u00f3n de Literatura Hist\u00f3rica y Social- , de la Universidad Aut\u00f3noma de Coahuila, M\u00e9xico, de la Universidad Intercultural de Chiapas, M\u00e9xico, del Colegio de Jalisco, M\u00e9xico y de los Centros Universitarios de la Ci\u00e9nega, de los Lagos y de Los Altos, de la Universidad de Guadalajara, M\u00e9xico, convocan a los Nuevos Talleres Internacionales de Estudios Regionales y Locales (Urbanos)II para sesionar entre los d\u00edas 30 de junio al 3 de julio de 2010 en la Universidad Central \u201cMarta Abreu\u201d, de Santa Clara, capital del centro de Cuba.<\/p>\n<p style=\"text-align: justify;\"><!--more-->En Cuba existe ya internacionalmente una conocida tradici\u00f3n de este tipo de estudios, cuyo inicio se desarroll\u00f3 precisamente a trav\u00e9s del trabajo multidisciplinario llevado adelante por esta Universidad desde comienzos de la d\u00e9cada de 1970.\u00a0 Su portavoz por excelencia ha sido desde entonces la revista universitaria Islas, a partir de la cual han surgido innumerables publicaciones bibliohemerogr\u00e1ficas, tanto en Cuba como en el resto de Am\u00e9rica Latina y Europa,\u00a0 as\u00ed como tambi\u00e9n un rico acervo in\u00e9dito hasta hoy.<br \/>\nElemento esencial para el desarrollo del trabajo regional y local, en particular en cuanto a sus definiciones te\u00f3rico-conceptuales y metodol\u00f3gicas, lo ha sido el amplio movimiento que en torno a la historia regional y local se ha desplegado en el pa\u00eds \u2013as\u00ed como en otros pa\u00edses latinoamericanos-, cuya repercusi\u00f3n se puede medir en los diversos congresos y eventos cient\u00edficos internacionales, nacionales y regionales cuyos pivotes esenciales en Cuba lo han sido la Universidad Central \u201cMarta Abreu\u201d, la Universidad de Oriente, la Casa del Caribe y el Instituto de Historia de Cuba.\u00a0 En los \u00faltimos a\u00f1os a estos eventos han concurrido regularmente especialistas de entre doce y quince pa\u00edses, fundamentalmente latinoamericanos, pero tambi\u00e9n de Europa y de los Estados Unidos de Am\u00e9rica.<\/p>\n<p style=\"text-align: justify;\">Por supuesto, ese rico movimiento historiogr\u00e1fico se ha visto acompa\u00f1ado continuamente de la labor en otras \u00e1reas de las Ciencias Sociales y Humanas, por lo que es ahora cuando profundizamos en un paso cualitativamente superior en nuestro trabajo, al integrar todas estas ciencias y disciplinas en un conjunto de talleres \u00fanicos, que interrelacione los resultados alcanzados y que nos permita llegar cada vez m\u00e1s a mayores y mejores conclusiones para el trabajo regional y urbano en su conjunto, en sus m\u00faltiples manifestaciones.\u00a0 Adem\u00e1s, nuestros Talleres sesionan de forma paralela con el XII Simposio Internacional de Pensamiento Latinoamericano, lo que da la oportunidad a nuestros futuros asistentes de relacionarse con otras dis\u00edmiles \u00e1reas y disciplinas human\u00edsticas concernientes al pensamiento de la Am\u00e9rica Nuestra.<\/p>\n<p style=\"text-align: justify;\">En resumen, \u00e9ste es el sentido y fin de los Nuevos Talleres Internacionales de Estudios Regionales y Locales (Urbanos) II que, como su nombre lo indica, emprenden un nuevo camino, de integraci\u00f3n sin exclusiones, acorde con las nuevas realidades del mundo contempor\u00e1neo y en particular de los pa\u00edses en v\u00edas de desarrollo.<\/p>\n<p style=\"text-align: justify;\"><strong>PROGRAMA CIENT\u00cdFICO<\/strong><\/p>\n<p style=\"text-align: justify;\">1.\u00a0\u00a0 \u00a0Regi\u00f3n.\u00a0 Teor\u00eda, m\u00e9todo, fuentes y estudios de casos.<br \/>\n2.\u00a0\u00a0 \u00a0Independencia y regi\u00f3n: los bicentenarios de los movimientos liberadores en Am\u00e9rica Latina y el Caribe.<br \/>\n3.\u00a0\u00a0 \u00a0La Revoluci\u00f3n Mexicana desde las regiones: su centenario.<br \/>\n4.\u00a0\u00a0 \u00a0La Revoluci\u00f3n Cubana en su cincuentenario: las expresiones regionales del fen\u00f3meno nacional y mundial.<br \/>\n5.\u00a0\u00a0 \u00a0Regi\u00f3n e identidades.<br \/>\n6.\u00a0\u00a0 \u00a0Expresiones regionales y locales de la religiosidad.<br \/>\n7.\u00a0\u00a0 \u00a0Gobiernos locales y procesos auton\u00f3micos, pasado y presente.<br \/>\n8.\u00a0\u00a0 \u00a0Desarrollo regional: turismo, ecolog\u00eda, sustentabilidad, el problema del agua.<br \/>\n9.\u00a0\u00a0 \u00a0Antropolog\u00eda y regi\u00f3n.<br \/>\n10.\u00a0\u00a0 \u00a0Migraciones en su impacto regional y urbano.<br \/>\n11.\u00a0\u00a0 \u00a0Movimientos sociales.<br \/>\n12.\u00a0\u00a0 \u00a0 G\u00e9nero y regi\u00f3n.<br \/>\n13.\u00a0\u00a0 \u00a0Integraci\u00f3n regional-integraci\u00f3n nacional.<br \/>\n14.\u00a0\u00a0 \u00a0Programas educativos regionales.<br \/>\n15.\u00a0\u00a0 \u00a0Arte y Cultura regional.<br \/>\n16.\u00a0\u00a0 \u00a0Estudio de variantes ling\u00fc\u00edsticas regionales.<br \/>\n17.\u00a0\u00a0 \u00a0Medios regionales y comunicaci\u00f3n.<br \/>\n18.\u00a0\u00a0 \u00a0Nuevas tecnolog\u00edas en el estudio de las regiones.<br \/>\n19.\u00a0\u00a0 \u00a0Arquitectura y urbanismo.<br \/>\n20.\u00a0\u00a0 \u00a0Desastres: impacto y percepci\u00f3n regional.<br \/>\n21.\u00a0\u00a0 \u00a0Otras propuestas (l\u00e9ase a continuaci\u00f3n)<\/p>\n<p style=\"text-align: justify;\"><strong><br \/>\nORGANIZACI\u00d3N<\/strong><\/p>\n<p style=\"text-align: justify;\">El programa cient\u00edfico se desarrollar\u00e1 por medio de conferencias centrales, mesas, paneles, ponencias y comunicaciones.\u00a0\u00a0 Se solicita la presentaci\u00f3n de propuestas para conformar mesas y paneles tem\u00e1ticos, as\u00ed como otras actividades de inter\u00e9s, incluso en el caso de aquellos temas que no aparezcan recogidos en la presente Convocatoria.<\/p>\n<p style=\"text-align: justify;\">Las propuestas de las personas interesadas en participar se remitir\u00e1n al Comit\u00e9 Organizador, para ser evaluadas, hasta el 31 de marzo de 2010. Estas deben ser enviadas de la siguiente forma:<br \/>\nEncabezamiento con el t\u00edtulo de la actividad a desarrollar, nombre(s) y apellidos, grado(s) cient\u00edfico(s) respectivo(s), instituci\u00f3n(es) a que pertenece(n), ciudad y pa\u00eds, y correo electr\u00f3nico.<br \/>\nResumen no mayor de 250 palabras.<br \/>\nTres palabras claves, en espa\u00f1ol o portugu\u00e9s y su traducci\u00f3n al ingl\u00e9s a continuaci\u00f3n.<br \/>\nEstas propuestas deber\u00e1n venir acompa\u00f1adas de un breve curriculum vitae de cada uno de los participantes, no mayor de dos p\u00e1ginas.<br \/>\nFormatos para ambos casos: Word compatible, letra Arial 12.<br \/>\nSe aclara que la recepci\u00f3n de las propuestas, en tiempo y forma, garantiza la entrega de CD-R del conjunto de todas aquellas que hayan sido aceptadas.\u00a0 Esta entrega se efectuar\u00e1 en el mismo momento de su inscripci\u00f3n en Cuba.<br \/>\nIdiomas oficiales: Espa\u00f1ol y portugu\u00e9s (en el caso de otros idiomas debe solicitarse con antelaci\u00f3n suficiente el servicio extra de traducci\u00f3n e interpretaci\u00f3n).<br \/>\nMesas y paneles: Las informaciones deber\u00e1n venir acompa\u00f1adas de la singularizaci\u00f3n de la persona que se propone como coordinador(a) de estos.<br \/>\nProceso de selecci\u00f3n: Los resultados del proceso de selecci\u00f3n de las propuestas se dar\u00e1n a conocer peri\u00f3dicamente, en el plazo sumo de un mes a contar desde la fecha de su recepci\u00f3n en Cuba.<br \/>\nAceptaci\u00f3n de las propuestas: La aceptaci\u00f3n de los res\u00famenes\u00a0 implica el env\u00edo de los trabajos completos, v\u00eda correo electr\u00f3nico, en igual formato, con un m\u00e1ximo de 8 p\u00e1ginas, a dos espacios, hasta el 30 de abril de 2010.<br \/>\nTodos los participantes deben concurrir a los Talleres con los textos completos, de hasta 15 cuartillas -incluyen aparato cr\u00edtico y anexos diversos-, a dos espacios, en las mismas condiciones arriba\u00a0 descritas.<br \/>\nEstas ponencias completas ser\u00e1n entregadas a la Comisi\u00f3n Organizadora, a su arribo a Cuba, en tres ejemplares impresos, papel 8,5 x 11 y con copia electr\u00f3nica, formato Word compatible siempre, en un CD-Room.<\/p>\n<p style=\"text-align: justify;\">Proceso de selecci\u00f3n de las ponencias para su publicaci\u00f3n en las Memorias y otras publicaciones especializadas: Este se realizar\u00e1 en dos niveles diferentes: por los miembros de la presidencia de la mesa o panel que se trate y, posteriormente, por los integrantes del Comit\u00e9 Cient\u00edfico, adjunto a la Comisi\u00f3n Organizadora del Taller.<br \/>\n<strong> <\/strong><\/p>\n<p style=\"text-align: justify;\"><strong>ACREDITACI\u00d3N<\/strong><br \/>\nLa cuota de inscripci\u00f3n ser\u00e1 de $100.00 pesos para los participantes nacionales y de $100.00 pesos convertibles (CUC)* para los extranjeros. Los estudiantes y los acompa\u00f1antes extranjeros abonar\u00e1n el 50% de dicha cuota, previa presentaci\u00f3n de documento acreditativo en el caso de los estudiantes a ser avalado por la Comisi\u00f3n Organizadora de los Talleres, sin otras excepciones.<br \/>\nEl pago de la cuota de inscripci\u00f3n se realizar\u00e1 en el momento de la acreditaci\u00f3n y \u00e9sta cubre el derecho a participar en las sesiones de trabajo, a recibir la documentaci\u00f3n pertinente sobre los Talleres, el certificado de participaci\u00f3n y los requerimientos correspondientes.<\/p>\n<p style=\"text-align: justify;\">\u00b7\u00a0\u00a0 \u00a01 \u20ac\u00a0 es equivalente aproximadamente a 1.20 CUC o peso convertible cubano (julio de 2009).<br \/>\n\u00b7\u00a0\u00a0 \u00a0Se recomienda no viajar con d\u00f3lares norteamericanos, pues tienen una recarga mayor en Cuba.<br \/>\n<strong><br \/>\nINFORMACI\u00d3N<\/strong><\/p>\n<p style=\"text-align: justify;\">Para cualquier aclaraci\u00f3n, gesti\u00f3n o tr\u00e1mite, por favor dirigirse a:<\/p>\n<p style=\"text-align: justify;\">1.- Prof. Dr. Hern\u00e1n Venegas Delgado. Presidente de la Comisi\u00f3n Organizadora.<br \/>\nCorreo electr\u00f3nico: <a title=\"hvenegasdelgado@yahoo.es\" href=\"gomailto:hvenegasdelgado@yahoo.es\">hvenegasdelgado@yahoo.es<\/a><br \/>\nTel\u00e9fonos (hasta el 14 de junio de 2010): (52-844) 135.05.82 (oficina) y (52-844) 252.46.12 (habitaci\u00f3n) -ambos de M\u00e9xico-<br \/>\nTel\u00e9fono (a partir del 15 de junio de 2010): (53-42) 22.81.73 (habitaci\u00f3n) \u2013Cuba-.<\/p>\n<p style=\"text-align: justify;\">2.- Prof. Dr. Ram\u00f3n P\u00e9rez Linares.\u00a0 Vicepresidente de la Comisi\u00f3n Organizadora.<br \/>\nCorreo electr\u00f3nico: <a title=\"rapelip@sociales.uclv.edu.cu \" href=\"gomailto:rapelip@sociales.uclv.edu.cu \">rapelip@sociales.uclv.edu.cu <\/a><br \/>\nTel\u00e9fono: (53-42) 27.18.21 (habitaci\u00f3n)<\/p>\n<p style=\"text-align: justify;\">3.- Prof. M. Sc. Alicia Acosta Olaldes, Vicepresidente de la Comisi\u00f3n Organizadora.<br \/>\nCorreo electr\u00f3nico: <a title=\"aliciaa@uclv.edu.cu \" href=\"gomailto:aliciaa@uclv.edu.cu \">aliciaa@uclv.edu.cu <\/a><br \/>\nTel\u00e9fono: (53-42) 27.23.10 (habitaci\u00f3n)<\/p>\n<p style=\"text-align: justify;\"><strong>Direcci\u00f3n postal: <\/strong><\/p>\n<p style=\"text-align: justify;\">Prof. Dra. Mely Gonz\u00e1lez Ar\u00f3stegui, Decana.<br \/>\nFacultad de Ciencias Sociales. Universidad\u00a0 Central de Las Villas. Carretera a Camajuan\u00ed km. 5\u00bd, Santa Clara, V.C., Cuba, C.P. 58 430.<br \/>\nTel\u00e9fono: (53-42) 21.19.05<br \/>\nCorreo electr\u00f3nico: <a title=\"arostegui@uclv.edu.cu\" href=\"gomailto:arostegui@uclv.edu.cu\">arostegui@uclv.edu.cu<\/a><\/p>\n<p style=\"text-align: justify;\">&nbsp;<\/p>\n<p><strong>Publicado por ADHILAC Internacional \u00a9 www.adhilac.com.ar<\/strong><\/p>\n<p>Si Ud. desea asociarse de acuerdo a los Estatutos de ADHILAC\u00a0<a title=\"(ver)\" href=\"https:\/\/adhilac.com.ar\/?page_id=263\">(ver)<\/a> complete el siguiente formulario\u00a0<a title=\"(ver)\" href=\"https:\/\/adhilac.com.ar\/?page_id=3194\">(ver)<\/a><\/p>\n<p>E-mail: info@adhilac.com.ar<strong> <\/strong><\/p>\n<p>Twitter: @AdhilacInfo<\/p>\n<p style=\"text-align: justify;\">&nbsp;<\/p>\n","protected":false},"excerpt":{"rendered":"<p>Entre el 30 de junio y el 3 de julio de 2010 Universidad Central \u201cMarta Abreu\u201d de Santa Clara, capital del centro de Cuba La Universidad Central \u201cMarta Abreu\u201d, a trav\u00e9s de sus facultades de Ciencias Sociales y Human\u00edsticas, con el coauspicio de la Asociaci\u00f3n de Historiadores de Am\u00e9rica Latina y el Caribe (ADHILAC) \u2013Continental [&hellip;]<\/p>\n","protected":false},"author":2,"featured_media":0,"comment_status":"closed","ping_status":"closed","sticky":false,"template":"","format":"standard","meta":{"_crdt_document":"","footnotes":""},"categories":[18,3,5],"tags":[38,25],"class_list":["post-954","post","type-post","status-publish","format-standard","hentry","category-adhilac-cuba","category-adhilac-inter","category-congresos","tag-historia-regional","tag-nuestra-america"],"_links":{"self":[{"href":"https:\/\/adhilac.com.ar\/index.php?rest_route=\/wp\/v2\/posts\/954","targetHints":{"allow":["GET"]}}],"collection":[{"href":"https:\/\/adhilac.com.ar\/index.php?rest_route=\/wp\/v2\/posts"}],"about":[{"href":"https:\/\/adhilac.com.ar\/index.php?rest_route=\/wp\/v2\/types\/post"}],"author":[{"embeddable":true,"href":"https:\/\/adhilac.com.ar\/index.php?rest_route=\/wp\/v2\/users\/2"}],"replies":[{"embeddable":true,"href":"https:\/\/adhilac.com.ar\/index.php?rest_route=%2Fwp%2Fv2%2Fcomments&post=954"}],"version-history":[{"count":10,"href":"https:\/\/adhilac.com.ar\/index.php?rest_route=\/wp\/v2\/posts\/954\/revisions"}],"predecessor-version":[{"id":6484,"href":"https:\/\/adhilac.com.ar\/index.php?rest_route=\/wp\/v2\/posts\/954\/revisions\/6484"}],"wp:attachment":[{"href":"https:\/\/adhilac.com.ar\/index.php?rest_route=%2Fwp%2Fv2%2Fmedia&parent=954"}],"wp:term":[{"taxonomy":"category","embeddable":true,"href":"https:\/\/adhilac.com.ar\/index.php?rest_route=%2Fwp%2Fv2%2Fcategories&post=954"},{"taxonomy":"post_tag","embeddable":true,"href":"https:\/\/adhilac.com.ar\/index.php?rest_route=%2Fwp%2Fv2%2Ftags&post=954"}],"curies":[{"name":"wp","href":"https:\/\/api.w.org\/{rel}","templated":true}]}}