{"id":9571,"date":"2014-06-17T15:19:08","date_gmt":"2014-06-17T18:19:08","guid":{"rendered":"https:\/\/adhilac.com.ar\/?p=9571"},"modified":"2014-06-19T15:25:32","modified_gmt":"2014-06-19T18:25:32","slug":"conferencia-del-dr-alberto-prieto-logros-alcanzados-durante-los-10-anos-de-la-revolucion-guatemalteca-1944-1945","status":"publish","type":"post","link":"https:\/\/adhilac.com.ar\/?p=9571","title":{"rendered":"Conferencia del Dr. Alberto Prieto: \u00abLogros alcanzados durante los 10 a\u00f1os de la revoluci\u00f3n guatemalteca: 1944-1945\u00bb."},"content":{"rendered":"<h3><span style=\"color: #339966;\"><a href=\"https:\/\/adhilac.com.ar\/wp-content\/uploads\/2014\/06\/INVITACION-ADHILAC-GUATEMALA.jpg\"><img loading=\"lazy\" decoding=\"async\" class=\"alignleft size-thumbnail wp-image-9573\" title=\"INVITACION ADHILAC (GUATEMALA)\" src=\"https:\/\/adhilac.com.ar\/wp-content\/uploads\/2014\/06\/INVITACION-ADHILAC-GUATEMALA-150x150.jpg\" alt=\"\" width=\"150\" height=\"150\" \/><\/a>INVITACI\u00d3N<\/span><\/h3>\n<p style=\"text-align: justify;\">Mi\u00e9rcoles 25 de junio de 2014. 11 horas. Casa Fernando Ortiz. Calle 27, esq. a L, Vedado. La Habana. Cuba.<\/p>\n<p style=\"text-align: justify;\">El Departamento de Historia de la Universidad de La Habana, la C\u00e1tedra Manuel Galich, la Asociaci\u00f3n de Historiadores Latinoamericanos y del Caribe (ADHILAC), y la Embajada de Guatemala en Cuba, tienen el placer de invitarlo a la Conferencia que impartir\u00e1 el Dr. Alberto Prieto, en recordaci\u00f3n a los sesenta a\u00f1os de la interrupci\u00f3n de la democracia guatemalteca.\u00a0<!--more--><\/p>\n<p style=\"text-align: justify;\">Con esta invitaci\u00f3n queremos promover el acercamiento a la historia de Guatemala y, sobre todo, los logros alcanzados durante los diez a\u00f1os de implementaci\u00f3n de medidas revolucionarias que beneficiaron al pueblo guatemalteco.<\/p>\n<p style=\"text-align: justify;\">Recordemos lo que dijera Eduardo Galeano en su libro \u00abLas venas abiertas de Am\u00e9rica Latina\u00bb:\u00a0La historia es un profeta con la mirada vuelta hacia atr\u00e1s: por lo que fue y contra lo que fue, anuncia lo que ser\u00e1.<\/p>\n<p><a href=\"https:\/\/adhilac.com.ar\/wp-content\/uploads\/2014\/06\/INVITACION-ADHILAC-GUATEMALA.jpg\"><img loading=\"lazy\" decoding=\"async\" class=\"size-full wp-image-9573 aligncenter\" title=\"INVITACION ADHILAC (GUATEMALA)\" src=\"https:\/\/adhilac.com.ar\/wp-content\/uploads\/2014\/06\/INVITACION-ADHILAC-GUATEMALA.jpg\" alt=\"\" width=\"449\" height=\"595\" srcset=\"https:\/\/adhilac.com.ar\/wp-content\/uploads\/2014\/06\/INVITACION-ADHILAC-GUATEMALA.jpg 1890w, https:\/\/adhilac.com.ar\/wp-content\/uploads\/2014\/06\/INVITACION-ADHILAC-GUATEMALA-226x300.jpg 226w, https:\/\/adhilac.com.ar\/wp-content\/uploads\/2014\/06\/INVITACION-ADHILAC-GUATEMALA-773x1024.jpg 773w\" sizes=\"auto, (max-width: 449px) 100vw, 449px\" \/><\/a><\/p>\n<p><strong>Publicado por ADHILAC Internacional \u00a9 www.adhilac.com.ar<\/strong><\/p>\n<p>Si Ud. desea asociarse de acuerdo a los Estatutos de ADHILAC\u00a0<a title=\"(ver)\" href=\"https:\/\/adhilac.com.ar\/?page_id=263\">(ver)<\/a> complete el formulario correspondiente\u00a0<a title=\"(Ver)\" href=\"https:\/\/adhilac.com.ar\/?page_id=4779\" target=\"_blank\">(ver)<\/a><\/p>\n<p>E-mail:\u00a0<a title=\"info@adhilac.com.ar\" href=\"https:\/\/adhilac.com.ar\/info@adhilac.com.ar\" target=\"_blank\">info@adhilac.com.ar<\/a><strong> <\/strong><\/p>\n<p>Twitter: @AdhilacInfo<\/p>\n","protected":false},"excerpt":{"rendered":"<p>INVITACI\u00d3N Mi\u00e9rcoles 25 de junio de 2014. 11 horas. Casa Fernando Ortiz. Calle 27, esq. a L, Vedado. La Habana. Cuba. El Departamento de Historia de la Universidad de La Habana, la C\u00e1tedra Manuel Galich, la Asociaci\u00f3n de Historiadores Latinoamericanos y del Caribe (ADHILAC), y la Embajada de Guatemala en Cuba, tienen el placer de [&hellip;]<\/p>\n","protected":false},"author":2,"featured_media":0,"comment_status":"closed","ping_status":"closed","sticky":false,"template":"","format":"standard","meta":{"_crdt_document":"","footnotes":""},"categories":[18,40],"tags":[472,536],"class_list":["post-9571","post","type-post","status-publish","format-standard","hentry","category-adhilac-cuba","category-informaciones","tag-guatemala","tag-revolucion-guatemalteca"],"_links":{"self":[{"href":"https:\/\/adhilac.com.ar\/index.php?rest_route=\/wp\/v2\/posts\/9571","targetHints":{"allow":["GET"]}}],"collection":[{"href":"https:\/\/adhilac.com.ar\/index.php?rest_route=\/wp\/v2\/posts"}],"about":[{"href":"https:\/\/adhilac.com.ar\/index.php?rest_route=\/wp\/v2\/types\/post"}],"author":[{"embeddable":true,"href":"https:\/\/adhilac.com.ar\/index.php?rest_route=\/wp\/v2\/users\/2"}],"replies":[{"embeddable":true,"href":"https:\/\/adhilac.com.ar\/index.php?rest_route=%2Fwp%2Fv2%2Fcomments&post=9571"}],"version-history":[{"count":2,"href":"https:\/\/adhilac.com.ar\/index.php?rest_route=\/wp\/v2\/posts\/9571\/revisions"}],"predecessor-version":[{"id":9574,"href":"https:\/\/adhilac.com.ar\/index.php?rest_route=\/wp\/v2\/posts\/9571\/revisions\/9574"}],"wp:attachment":[{"href":"https:\/\/adhilac.com.ar\/index.php?rest_route=%2Fwp%2Fv2%2Fmedia&parent=9571"}],"wp:term":[{"taxonomy":"category","embeddable":true,"href":"https:\/\/adhilac.com.ar\/index.php?rest_route=%2Fwp%2Fv2%2Fcategories&post=9571"},{"taxonomy":"post_tag","embeddable":true,"href":"https:\/\/adhilac.com.ar\/index.php?rest_route=%2Fwp%2Fv2%2Ftags&post=9571"}],"curies":[{"name":"wp","href":"https:\/\/api.w.org\/{rel}","templated":true}]}}