{"id":9594,"date":"2014-07-07T06:51:35","date_gmt":"2014-07-07T09:51:35","guid":{"rendered":"https:\/\/adhilac.com.ar\/?p=9594"},"modified":"2014-07-07T15:57:22","modified_gmt":"2014-07-07T18:57:22","slug":"guatemala-dos-conmemoraciones-ignoradas-por-el-gobierno","status":"publish","type":"post","link":"https:\/\/adhilac.com.ar\/?p=9594","title":{"rendered":"Guatemala: dos conmemoraciones ignoradas por el gobierno"},"content":{"rendered":"<h3 style=\"text-align: justify;\"><span style=\"color: #339966;\"><img loading=\"lazy\" decoding=\"async\" class=\"alignright\" src=\"http:\/\/2.bp.blogspot.com\/-vA2pdGqzEDc\/U7dlf4tyrjI\/AAAAAAAAOmc\/Syiw8g7DStE\/s1600\/ar.jpg\" alt=\"\" width=\"261\" height=\"202\" \/>Miguel \u00c1ngel Asturias y Jacobo \u00c1rbenz Guzm\u00e1n<\/span><\/h3>\n<div style=\"text-align: justify;\">Rafael Cuevas Molina*<\/div>\n<div style=\"text-align: justify;\"><em>A la izquierda: Jacobo Arbens.<\/em><\/div>\n<div style=\"text-align: justify;\"><em><br \/>\n<\/em><\/div>\n<div style=\"text-align: justify;\">En este a\u00f1o se han cumplido 40 a\u00f1os de la muerte del Premio Nobel de literatura, Miguel \u00c1ngel Asturias, y 60 del derrocamiento del presidente constitucional Jacobo \u00c1rbenz Guzm\u00e1n, dos acontecimientos importantes para la vida pol\u00edtica y cultural de Guatemala, Centroam\u00e9rica y Am\u00e9rica Latina, pero el gobierno de Guatemala no ha dicho absolutamente nada<em>.<!--more--><\/em><\/div>\n<div style=\"text-align: justify;\">Al ser consultado un funcionario del Ministerio de Cultura por un periodista del diario\u00a0<em>El Pa\u00eds<\/em> de Espa\u00f1a, sobre por qu\u00e9 el aniversario de la muerte de Asturias hab\u00eda pasado desapercibido, solo atin\u00f3 a responder que agradec\u00eda mucho que se le informara del acontecimiento pues ellos no sab\u00edan nada.<\/div>\n<div style=\"text-align: justify;\">Es cierto, hay mucha ignorancia entre los funcionarios del gobierno guatemalteco, un gobierno que ha tra\u00eddo de vuelta a los militares que estuvieron involucrados en la guerra sucia que dur\u00f3 m\u00e1s de 36 a\u00f1os, pero no se trata solo de eso.<\/div>\n<div style=\"text-align: justify;\">Se trata, en primer lugar, del silenciamiento de la memoria hist\u00f3rica, una memoria que levanta un dedo acusador contra muchos de los que hoy ejercen el poder del Estado directa o indirectamente, es decir, como funcionarios o viendo representados sus intereses en las pol\u00edticas del Estado.<\/div>\n<div style=\"text-align: justify;\">Esa batalla por la memoria incluye, claro est\u00e1, los acontecimientos que rodearon el derrocamiento de \u00c1rbenz: la campa\u00f1a internacional en su contra, la intervenci\u00f3n de los Estados Unidos, el papel de las huestes de \u201cliberaci\u00f3n\u201d que invadieron el pa\u00eds desde Honduras.<\/div>\n<div style=\"text-align: justify;\">Incluye tambi\u00e9n conocer las razones por las que derrocaron a \u00c1rbenz: las pol\u00edticas sociales de su gobierno y el anterior, el de Juan Jos\u00e9 Ar\u00e9valo, ambos conocidos como \u201clos gobiernos de la Revoluci\u00f3n\u201d, los avances en materia de legislaci\u00f3n laboral, de seguridad social, de pol\u00edtica agraria en un pa\u00eds tan terriblemente desigual en tenencia de la tierra.<\/div>\n<div style=\"text-align: justify;\"><a href=\"https:\/\/adhilac.com.ar\/wp-content\/uploads\/2014\/07\/Jacobo-Arbens-1.jpg\"><img loading=\"lazy\" decoding=\"async\" class=\"alignleft size-full wp-image-9596\" title=\"Jacobo Arbens 1\" src=\"https:\/\/adhilac.com.ar\/wp-content\/uploads\/2014\/07\/Jacobo-Arbens-1.jpg\" alt=\"\" width=\"300\" height=\"240\" \/><\/a><\/div>\n<div style=\"text-align: justify;\">\u00bfC\u00f3mo podr\u00eda el gobierno conmemorar ese golpe de Estado que puso las bases del estado de cosas que se viven hoy en el pa\u00eds? Todos los \u201ca\u00f1os de la guerra\u201d, la terrible represi\u00f3n contra las fuerzas democr\u00e1ticas; la transformaci\u00f3n del Estado en un Estado contrainsurgente; del Ej\u00e9rcito en un mecanismo volcado contra su propio pueblo; la pervivencia como dominante de una mentalidad racista justificadora de la explotaci\u00f3n y la marginaci\u00f3n de gran parte de la poblaci\u00f3n; las arcaicas estructuras econ\u00f3micas; la desigual distribuci\u00f3n de la riqueza; el desamparo social que obliga a las migraciones masivas; la corrupci\u00f3n generalizada; la generalizaci\u00f3n de la violencia como forma de resoluci\u00f3n de conflictos; todo esto se afianza y pervive como dominante desde el derrocamiento de \u00c1rbenz en 1954.<\/div>\n<div style=\"text-align: justify;\">Igualmente con el tema Miguel \u00c1ngel Asturias. No solo por su literatura, que por reflejar la realidad guatemalteca se torna \u201csubversiva\u201d para quienes pretenden tapar el sol con un dedo, sino por su descendencia, por su hijo Rodrigo comandante de la guerrilla, por el nombre de guerra que asume, proveniente de uno de los protagonistas de una de las novelas de su padre, Gaspar Il\u00f3m.<\/div>\n<div style=\"text-align: justify;\">Miguel \u00c1ngel Asturias, tambi\u00e9n Premio Lenin de la Paz, algo as\u00ed como la condecoraci\u00f3n del mism\u00edsimo demonio para quienes la justicia social es una mala palabra.<\/div>\n<div style=\"text-align: justify;\"><a href=\"https:\/\/adhilac.com.ar\/wp-content\/uploads\/2014\/07\/MA-Asturias-3.jpg\"><img loading=\"lazy\" decoding=\"async\" class=\"size-full wp-image-9597 alignright\" title=\"MA Asturias 3\" src=\"https:\/\/adhilac.com.ar\/wp-content\/uploads\/2014\/07\/MA-Asturias-3.jpg\" alt=\"\" width=\"282\" height=\"179\" \/><\/a><\/div>\n<div style=\"text-align: justify;\">\u00a1Que tristeza y qu\u00e9 verg\u00fcenza! Verg\u00fcenza ajena por tanta tozudez, tanta ignorancia, tanta vileza. Tristeza por la prevalencia de \u201clos coroneles que orinan\u201d los muros de la Patria, como dice el poema de Otto Ren\u00e9 Castillo, otro grande que estas hordas quemaron en un cuartel de mala muerte.<\/div>\n<div style=\"text-align: justify;\"><em>Derecha: Miguel\u00a0\u00c1ngel\u00a0Asturias <\/em><\/div>\n<div style=\"text-align: justify;\">Nota:<\/div>\n<p>*Rafael Cuevas Molin es Presidente de AUNA-Costa Rica<\/p>\n<p>Fuente:\u00a0http:\/\/connuestraamerica.blogspot.com.ar\/2014\/07\/guatemala-dos-conmemoraciones-ignoradas.html<\/p>\n<p><strong>Publicado por ADHILAC Internacional \u00a9 www.adhilac.com.ar<\/strong><\/p>\n<p>Si Ud. desea asociarse de acuerdo a los Estatutos de ADHILAC\u00a0<a title=\"(ver)\" href=\"https:\/\/adhilac.com.ar\/?page_id=263\">(ver)<\/a> complete el siguiente formulario\u00a0<a title=\"(ver)\" href=\"https:\/\/adhilac.com.ar\/?page_id=3194\">(ver)<\/a><\/p>\n<p>E-mail: info@adhilac.com.ar<strong> <\/strong><\/p>\n<p>Twitter: @AdhilacInfo<\/p>\n<p>&nbsp;<\/p>\n","protected":false},"excerpt":{"rendered":"<p>Miguel \u00c1ngel Asturias y Jacobo \u00c1rbenz Guzm\u00e1n Rafael Cuevas Molina* A la izquierda: Jacobo Arbens. En este a\u00f1o se han cumplido 40 a\u00f1os de la muerte del Premio Nobel de literatura, Miguel \u00c1ngel Asturias, y 60 del derrocamiento del presidente constitucional Jacobo \u00c1rbenz Guzm\u00e1n, dos acontecimientos importantes para la vida pol\u00edtica y cultural de Guatemala, [&hellip;]<\/p>\n","protected":false},"author":53,"featured_media":0,"comment_status":"closed","ping_status":"closed","sticky":false,"template":"","format":"standard","meta":{"_crdt_document":"","footnotes":""},"categories":[40],"tags":[472,539,540],"class_list":["post-9594","post","type-post","status-publish","format-standard","hentry","category-informaciones","tag-guatemala","tag-jacobo-arbens","tag-miguel-angel-asturias"],"_links":{"self":[{"href":"https:\/\/adhilac.com.ar\/index.php?rest_route=\/wp\/v2\/posts\/9594","targetHints":{"allow":["GET"]}}],"collection":[{"href":"https:\/\/adhilac.com.ar\/index.php?rest_route=\/wp\/v2\/posts"}],"about":[{"href":"https:\/\/adhilac.com.ar\/index.php?rest_route=\/wp\/v2\/types\/post"}],"author":[{"embeddable":true,"href":"https:\/\/adhilac.com.ar\/index.php?rest_route=\/wp\/v2\/users\/53"}],"replies":[{"embeddable":true,"href":"https:\/\/adhilac.com.ar\/index.php?rest_route=%2Fwp%2Fv2%2Fcomments&post=9594"}],"version-history":[{"count":3,"href":"https:\/\/adhilac.com.ar\/index.php?rest_route=\/wp\/v2\/posts\/9594\/revisions"}],"predecessor-version":[{"id":9613,"href":"https:\/\/adhilac.com.ar\/index.php?rest_route=\/wp\/v2\/posts\/9594\/revisions\/9613"}],"wp:attachment":[{"href":"https:\/\/adhilac.com.ar\/index.php?rest_route=%2Fwp%2Fv2%2Fmedia&parent=9594"}],"wp:term":[{"taxonomy":"category","embeddable":true,"href":"https:\/\/adhilac.com.ar\/index.php?rest_route=%2Fwp%2Fv2%2Fcategories&post=9594"},{"taxonomy":"post_tag","embeddable":true,"href":"https:\/\/adhilac.com.ar\/index.php?rest_route=%2Fwp%2Fv2%2Ftags&post=9594"}],"curies":[{"name":"wp","href":"https:\/\/api.w.org\/{rel}","templated":true}]}}