{"id":9604,"date":"2014-06-21T15:52:59","date_gmt":"2014-06-21T18:52:59","guid":{"rendered":"https:\/\/adhilac.com.ar\/?p=9604"},"modified":"2014-07-07T15:53:25","modified_gmt":"2014-07-07T18:53:25","slug":"comunicado-de-celac-de-apoyo-a-la-argentina-frente-a-los-holdouts-julio-2014","status":"publish","type":"post","link":"https:\/\/adhilac.com.ar\/?p=9604","title":{"rendered":"Comunicado de CELAC de apoyo a la Argentina frente a los holdouts. Julio 2014"},"content":{"rendered":"<h3><span style=\"color: #339966;\">Costa Rica<\/span><\/h3>\n<p style=\"text-align: justify;\">C<strong>OMUNICADO DE LA COMUNIDAD DE ESTADOS LATINOAMERICANOS Y\u00a0CARIBE\u00d1OS EN RESPALDO A LA POSICI\u00d3N DE LA\u00a0REP\u00daBLICA\u00a0ARGENTINA EN LA\u00a0REESTRUCTURACI\u00d3N DE SU DEUDA SOBERANA\u00a0C.008-2014 <\/strong><\/p>\n<p style=\"text-align: justify;\">Frente al reciente fallo judicial referido a un grupo minoritario de tenedores de\u00a0t\u00edtulos de deuda soberana de la Rep\u00fablica Argentina pendiente de reestructuraci\u00f3n\u00a0(hold-outs) los Estados miembros de la CELAC reiteran lo expresado en la\u00a0Declaraci\u00f3n de La Habana, adoptada por la II Cumbre de la CELAC (28 y 29 de enero\u00a0de 2014) en el sentido que: \u201cConsideramos indispensable para la estabilidad y\u00a0predictibilidad de la arquitectura financiera internacional, garantizar que los\u00a0acuerdos alcanzados entre deudores y acreedores en el marco de los procesos de\u00a0reestructuraci\u00f3n de las deudas soberanas sean respetados, permitiendo que los\u00a0flujos de pago sean distribuidos a los acreedores cooperativos seg\u00fan acordado con\u00a0los mismos en el proceso de readecuaci\u00f3n consensual de la deuda. Es necesario\u00a0contar con instrumentos que posibiliten acuerdos razonables y definitivos entre\u00a0acreedores y deudores soberanos, permitiendo hacer frente a problemas de\u00a0sustentabilidad de deuda de forma ordenada.\u201d\u00a0\u00a0<!--more--><\/p>\n<p style=\"text-align: justify;\">San Jos\u00e9, 20 de junio de 2014<\/p>\n<p>Costa Rica \u2013 Presidencia Pro T\u00e9mpore de la CELAC 2014 www.rree.go.cr\/celac\/<\/p>\n<p>Ver tambi\u00e9n<\/p>\n<p>Declaraci\u00f3n de MERCOSUR (<a title=\"Ver\" href=\"https:\/\/adhilac.com.ar\/?p=9602\" target=\"_blank\">Ver<\/a>)<\/p>\n<p>Declaraci\u00f3n de ADHILAC (<a title=\"Ver\" href=\"https:\/\/adhilac.com.ar\/?p=9576\" target=\"_blank\">Ver<\/a>)<\/p>\n<p>&nbsp;<\/p>\n<p><strong>Publicado por ADHILAC Internacional \u00a9 www.adhilac.com.ar<\/strong><\/p>\n<p>Si Ud. desea asociarse de acuerdo a los Estatutos de ADHILAC\u00a0<a title=\"(ver)\" href=\"https:\/\/adhilac.com.ar\/?page_id=263\">(ver)<\/a> complete el siguiente formulario\u00a0<a title=\"(ver)\" href=\"https:\/\/adhilac.com.ar\/?page_id=3194\">(ver)<\/a><\/p>\n<p>E-mail: info@adhilac.com.ar<strong> <\/strong><\/p>\n<p>Twitter: @AdhilacInfo<\/p>\n<p>&nbsp;<\/p>\n","protected":false},"excerpt":{"rendered":"<p>Costa Rica COMUNICADO DE LA COMUNIDAD DE ESTADOS LATINOAMERICANOS Y\u00a0CARIBE\u00d1OS EN RESPALDO A LA POSICI\u00d3N DE LA\u00a0REP\u00daBLICA\u00a0ARGENTINA EN LA\u00a0REESTRUCTURACI\u00d3N DE SU DEUDA SOBERANA\u00a0C.008-2014 Frente al reciente fallo judicial referido a un grupo minoritario de tenedores de\u00a0t\u00edtulos de deuda soberana de la Rep\u00fablica Argentina pendiente de reestructuraci\u00f3n\u00a0(hold-outs) los Estados miembros de la CELAC reiteran lo expresado [&hellip;]<\/p>\n","protected":false},"author":2,"featured_media":0,"comment_status":"closed","ping_status":"open","sticky":false,"template":"","format":"standard","meta":{"_crdt_document":"","footnotes":""},"categories":[40],"tags":[266,541,537,542],"class_list":["post-9604","post","type-post","status-publish","format-standard","hentry","category-informaciones","tag-celac","tag-deuda-externa","tag-fondos-buitres","tag-holdouts"],"_links":{"self":[{"href":"https:\/\/adhilac.com.ar\/index.php?rest_route=\/wp\/v2\/posts\/9604","targetHints":{"allow":["GET"]}}],"collection":[{"href":"https:\/\/adhilac.com.ar\/index.php?rest_route=\/wp\/v2\/posts"}],"about":[{"href":"https:\/\/adhilac.com.ar\/index.php?rest_route=\/wp\/v2\/types\/post"}],"author":[{"embeddable":true,"href":"https:\/\/adhilac.com.ar\/index.php?rest_route=\/wp\/v2\/users\/2"}],"replies":[{"embeddable":true,"href":"https:\/\/adhilac.com.ar\/index.php?rest_route=%2Fwp%2Fv2%2Fcomments&post=9604"}],"version-history":[{"count":3,"href":"https:\/\/adhilac.com.ar\/index.php?rest_route=\/wp\/v2\/posts\/9604\/revisions"}],"predecessor-version":[{"id":9608,"href":"https:\/\/adhilac.com.ar\/index.php?rest_route=\/wp\/v2\/posts\/9604\/revisions\/9608"}],"wp:attachment":[{"href":"https:\/\/adhilac.com.ar\/index.php?rest_route=%2Fwp%2Fv2%2Fmedia&parent=9604"}],"wp:term":[{"taxonomy":"category","embeddable":true,"href":"https:\/\/adhilac.com.ar\/index.php?rest_route=%2Fwp%2Fv2%2Fcategories&post=9604"},{"taxonomy":"post_tag","embeddable":true,"href":"https:\/\/adhilac.com.ar\/index.php?rest_route=%2Fwp%2Fv2%2Ftags&post=9604"}],"curies":[{"name":"wp","href":"https:\/\/api.w.org\/{rel}","templated":true}]}}