{"id":9750,"date":"2014-08-23T03:28:07","date_gmt":"2014-08-23T06:28:07","guid":{"rendered":"https:\/\/adhilac.com.ar\/?p=9750"},"modified":"2014-08-25T03:31:11","modified_gmt":"2014-08-25T06:31:11","slug":"haiti-independencia-y-emancipacion-conferencia-de-juan-francisco-martinez-peria","status":"publish","type":"post","link":"https:\/\/adhilac.com.ar\/?p=9750","title":{"rendered":"Hait\u00ed. Independencia y emancipaci\u00f3n. Conferencia de Juan Francisco Mart\u00ednez Peria"},"content":{"rendered":"<h3><span style=\"color: #339966;\">Ciudad Aut\u00f3noma de Buenos Aires<\/span><\/h3>\n<p style=\"text-align: justify;\">Con motivo de\u00a0la Conmemoraci\u00f3n\u00a0del D\u00eda Internacional del Recuerdo de\u00a0la Trata\u00a0de Esclavos y de su Abolici\u00f3n (23 de agosto),\u00a0la Secci\u00f3n Interdisciplinaria\u00a0de Estudios de Asia y \u00c1frica invita a la charla de Juan Francisco Mart\u00ednez Peria <em>Hait\u00ed. Independencia y emancipaci\u00f3n <\/em>con comentarios de Sergio Galiana<!--more--><\/p>\n<p style=\"text-align: justify;\">&nbsp;<\/p>\n<p style=\"text-align: justify;\">Martes 26 de agosto de 2014 \u2013 18 horas<\/p>\n<p style=\"text-align: justify;\">&nbsp;<\/p>\n<p style=\"text-align: justify;\">&nbsp;<\/p>\n<p style=\"text-align: justify;\">A fines del siglo XVIII la isla de Saint Domingue produc\u00eda el\u00a0 40% del az\u00facar que se consum\u00eda en Europa, en plantaciones en las que trabajaban miles de africanos y afrodescendientes en situaci\u00f3n de esclavitud. El 23 de 1791 se inici\u00f3 all\u00ed el levantamiento que culmin\u00f3 con la abolici\u00f3n de la esclavitud y la independencia de Hait\u00ed en 1804.<\/p>\n<p style=\"text-align: justify;\">&nbsp;<\/p>\n<p style=\"text-align: justify;\">&nbsp;<\/p>\n<p style=\"text-align: justify;\">J.F.Mart\u00ednez Peria es abogado, mag\u00edster y doctorando en historia y autor de<span style=\"text-decoration: underline;\"> \u00a1Libertad o muerte! Historia de\u00a0la Revoluci\u00f3n\u00a0haitiana<\/span> Buenos Aires, Ediciones del CCC, 2013<\/p>\n<p style=\"text-align: justify;\">&nbsp;<\/p>\n<p style=\"text-align: justify;\">Museo Etnogr\u00e1fico \u201cJuan B. Ambrosetti\u201d<\/p>\n<p style=\"text-align: justify;\">Fac. de Filosof\u00eda y Letras &#8211; UBA<\/p>\n<p style=\"text-align: justify;\">Moreno 350 \u2013 Ciudad de Buenos Aires<\/p>\n<p style=\"text-align: justify;\">Consultas: 4345 -8197 o <a href=\"mailto:info.museo@filo.uba.ar\" target=\"_blank\">info.museo@filo.uba.ar<\/a><\/p>\n<p style=\"text-align: justify;\">&nbsp;<\/p>\n<p><strong>Publicado por ADHILAC Internacional \u00a9 www.adhilac.com.ar<\/strong><\/p>\n<p>Si Ud.\u00a0DESEA Asociarse de acuerdo a los Estatutos de ADHILAC\u00a0<a title=\"(Ver)\" href=\"https:\/\/adhilac.com.ar\/?page_id=263\">(ver)<\/a> Completa el Formulario Correspondiente\u00a0<a title=\"(Ver)\" href=\"https:\/\/adhilac.com.ar\/?page_id=4779\" target=\"_blank\">(ver)<\/a><\/p>\n<p>E-mail:\u00a0<a title=\"info@adhilac.com.ar\" href=\"https:\/\/adhilac.com.ar\/info@adhilac.com.ar\" target=\"_blank\">info@adhilac.com.ar<\/a><strong> <\/strong><\/p>\n<p>Twitter: @ AdhilacInfo<\/p>\n<p style=\"text-align: justify;\">&nbsp;<\/p>\n<p style=\"text-align: justify;\">&nbsp;<\/p>\n","protected":false},"excerpt":{"rendered":"<p>Ciudad Aut\u00f3noma de Buenos Aires Con motivo de\u00a0la Conmemoraci\u00f3n\u00a0del D\u00eda Internacional del Recuerdo de\u00a0la Trata\u00a0de Esclavos y de su Abolici\u00f3n (23 de agosto),\u00a0la Secci\u00f3n Interdisciplinaria\u00a0de Estudios de Asia y \u00c1frica invita a la charla de Juan Francisco Mart\u00ednez Peria Hait\u00ed. Independencia y emancipaci\u00f3n con comentarios de Sergio Galiana<\/p>\n","protected":false},"author":2,"featured_media":0,"comment_status":"closed","ping_status":"closed","sticky":false,"template":"","format":"standard","meta":{"_crdt_document":"","footnotes":""},"categories":[15,40],"tags":[54,49],"class_list":["post-9750","post","type-post","status-publish","format-standard","hentry","category-historia","category-informaciones","tag-haiti","tag-independencia"],"_links":{"self":[{"href":"https:\/\/adhilac.com.ar\/index.php?rest_route=\/wp\/v2\/posts\/9750","targetHints":{"allow":["GET"]}}],"collection":[{"href":"https:\/\/adhilac.com.ar\/index.php?rest_route=\/wp\/v2\/posts"}],"about":[{"href":"https:\/\/adhilac.com.ar\/index.php?rest_route=\/wp\/v2\/types\/post"}],"author":[{"embeddable":true,"href":"https:\/\/adhilac.com.ar\/index.php?rest_route=\/wp\/v2\/users\/2"}],"replies":[{"embeddable":true,"href":"https:\/\/adhilac.com.ar\/index.php?rest_route=%2Fwp%2Fv2%2Fcomments&post=9750"}],"version-history":[{"count":1,"href":"https:\/\/adhilac.com.ar\/index.php?rest_route=\/wp\/v2\/posts\/9750\/revisions"}],"predecessor-version":[{"id":9751,"href":"https:\/\/adhilac.com.ar\/index.php?rest_route=\/wp\/v2\/posts\/9750\/revisions\/9751"}],"wp:attachment":[{"href":"https:\/\/adhilac.com.ar\/index.php?rest_route=%2Fwp%2Fv2%2Fmedia&parent=9750"}],"wp:term":[{"taxonomy":"category","embeddable":true,"href":"https:\/\/adhilac.com.ar\/index.php?rest_route=%2Fwp%2Fv2%2Fcategories&post=9750"},{"taxonomy":"post_tag","embeddable":true,"href":"https:\/\/adhilac.com.ar\/index.php?rest_route=%2Fwp%2Fv2%2Ftags&post=9750"}],"curies":[{"name":"wp","href":"https:\/\/api.w.org\/{rel}","templated":true}]}}