{"id":9758,"date":"2014-12-10T12:36:57","date_gmt":"2014-12-10T15:36:57","guid":{"rendered":"https:\/\/adhilac.com.ar\/?p=9758"},"modified":"2014-12-14T05:48:07","modified_gmt":"2014-12-14T08:48:07","slug":"coloquio-internacional-%e2%80%9cla-integracion-en-america-latina-y-el-caribe-alternativas-historicas-y-proyeccion-actual-a-200-anos-de-la-carta-de-jamaica-de-simon-bolivar-adhilac-cuba-la-habana","status":"publish","type":"post","link":"https:\/\/adhilac.com.ar\/?p=9758","title":{"rendered":"Coloquio Internacional \u201cLa integraci\u00f3n en Am\u00e9rica Latina y el Caribe: alternativas hist\u00f3ricas y proyecci\u00f3n actual\u00bb."},"content":{"rendered":"<h3><span style=\"color: #339966;\">A 200 a\u00f1os de la Carta de Jamaica de Sim\u00f3n Bol\u00edvar<\/span><\/h3>\n<h3 style=\"text-align: justify;\"><span style=\"color: #339966;\">ADHILAC Cuba. La Habana, 6-9 de septiembre de 2015<\/span><\/h3>\n<p style=\"text-align: justify;\"><strong><span style=\"color: #000000;\">PRIMERA CIRCULAR<\/span><\/strong><\/p>\n<p style=\"text-align: justify;\"><strong> <\/strong><\/p>\n<p style=\"text-align: justify;\">La Secci\u00f3n Cubana de la Asociaci\u00f3n de Historiadores Latinoamericanos y del Caribe (ADHILAC), con el coauspicio de la C\u00e1tedra Bolivariana de la Universidad de La Habana, la Red de Integraci\u00f3n de Am\u00e9rica Latina y el Caribe (REDIALC), el Instituto de Estudios Hispanoamericanos de la Universidad Central de Venezuela (UCV), el Instituto de Historia de Cuba y la Oficina del Historiador de la Ciudad de La Habana, convocan al<strong> Coloquio Internacional \u201c<em>La integraci\u00f3n en Am\u00e9rica Latina y el Caribe: alternativas hist\u00f3ricas y proyecci\u00f3n actual, a 200 a\u00f1os de la Carta de Jamaica de Sim\u00f3n Bol\u00edvar\u201d,<img decoding=\"async\" title=\"More...\" src=\"https:\/\/adhilac.com.ar\/wp-includes\/js\/tinymce\/plugins\/wordpress\/img\/trans.gif\" alt=\"\" \/><!--more--><\/em><\/strong>en ocasi\u00f3n de conmemorarse el bicentenario de su elaboraci\u00f3n por el\u00a0<em>Libertador<\/em> (6 de septiembre de 1814)<em>. <\/em>Este coloquio internacional se desarrollar\u00e1 entre los d\u00edas 6 y 9 de septiembre de 2015 \u00a0y tendr\u00e1 por sede la Casa Sim\u00f3n Bol\u00edvar y\u00a0 la Casa del Benem\u00e9rito de las Am\u00e9ricas \u201cBenito Ju\u00e1rez\u201d, ambas situadas en la calle Mercaderes en La Habana Vieja, Cuba.\u00a0 El temario contempla los siguientes temas y mesas de trabajo:<span style=\"font-family: Consolas, Monaco, 'Courier New', Courier, monospace; font-size: 12px; line-height: 18px;\"> <\/span><\/p>\n<ul>\n<li><em>Primeras ideas y proyectos de uni\u00f3n hispanoamericana<\/em><\/li>\n<li><em>Las ideas de Francisco Miranda y el continente colombiano<\/em><\/li>\n<li><em>El ideal unionista durante las luchas por la independencia.<\/em><\/li>\n<li><em>La Carta de Jamaica de Bol\u00edvar y su trascendencia hist\u00f3rica<\/em><\/li>\n<li><em>El congreso de Panam\u00e1<\/em><\/li>\n<li><em>La disgregaci\u00f3n hispanoamericana<\/em><\/li>\n<li><em>Recuperaci\u00f3n del legado del congreso anficti\u00f3nico durante el siglo XIX<\/em><\/li>\n<li><em>La idea de Am\u00e9rica Latina<\/em><\/li>\n<li><em>El antillanismo<\/em><\/li>\n<li><em>Intelectuales por la unidad de nuestra Am\u00e9rica<\/em><\/li>\n<li><em>La uni\u00f3n de nuestra Am\u00e9rica en Jos\u00e9 Mart\u00ed y la guerra necesaria de 1895<\/em><\/li>\n<li><em>Panamericanismo versus bolivarianismo<\/em><\/li>\n<li><em>Los proyectos integracionistas en la primera mitad del siglo XX.<\/em><\/li>\n<li><em>Las izquierdas y la integraci\u00f3n de Am\u00e9rica Latina: de Sandino al Che Guevara<\/em><\/li>\n<li><em>Avances y retrocesos contempor\u00e1neos en la integraci\u00f3n latinoamericana<\/em><\/li>\n<li><em>Los proyectos integracionistas regionales en la segunda mitad del siglo XX<\/em><\/li>\n<li><em>El ALCA, una f\u00f3rmula integracionista neopanamericana<\/em><\/li>\n<li><em>Las nuevas propuestas unionistas latinoamericanas<\/em><\/li>\n<li><em>Los movimientos sociales y los procesos de integraci\u00f3n en Am\u00e9rica Latina y el Caribe<\/em><\/li>\n<li><em>Ecolog\u00eda pol\u00edtica e integraci\u00f3n regional<\/em><\/li>\n<li><em>El imaginario de la integraci\u00f3n latinoamericana y caribe\u00f1a: diversas expresiones<\/em><\/li>\n<\/ul>\n<p><strong> <\/strong><span style=\"text-align: justify;\">El Evento ser\u00e1 estructurado por paneles, con la participaci\u00f3n de expertos de REDIALC invitados especialmente, y mesas de presentaci\u00f3n de ponencias organizadas seg\u00fan el temario del evento.<\/span><\/p>\n<p style=\"text-align: justify;\"><em> <\/em><\/p>\n<p style=\"text-align: justify;\">Para formalizar su inscripci\u00f3n, los interesados, tanto nacionales como extranjeros, deber\u00e1n enviar por\u00a0<em>e. mail<\/em>, antes del 25 de julio de 2015, un breve resumen de su ponencia, de uno o dos p\u00e1rrafos de extensi\u00f3n en formato electr\u00f3nico, a los organizadores del taller.<\/p>\n<p style=\"text-align: justify;\">&nbsp;<\/p>\n<p style=\"text-align: justify;\">La cuota de inscripci\u00f3n ser\u00e1 de 50.00 cuc. (moneda convertible cubana) y para los estudiantes regir\u00e1 una tarifa especial de 25.00 cuc. La acreditaci\u00f3n, tanto de ponentes como de observadores, se har\u00e1 el primer d\u00eda del evento.<\/p>\n<p style=\"text-align: justify;\">&nbsp;<\/p>\n<p style=\"text-align: justify;\">Durante el Taller los ponentes deber\u00e1n entregar en forma electr\u00f3nica el texto \u00edntegro de sus trabajos, el cual no deber\u00e1 exceder de 10 p\u00e1ginas, pues los ponentes solo dispondr\u00e1n de 15 minutos para la presentaci\u00f3n de sus trabajos. .<\/p>\n<p style=\"text-align: justify;\">&nbsp;<\/p>\n<p style=\"text-align: justify;\">El acceso a Cuba puede realizarse a trav\u00e9s de las agencias de turismo que habitualmente realizan viajes a Cuba.<\/p>\n<p style=\"text-align: justify;\">&nbsp;<\/p>\n<p style=\"text-align: justify;\">Para cualquier informaci\u00f3n adicional, as\u00ed como para la inscripci\u00f3n, los interesados deben comunicarse con los coordinadores del coloquio Dr. Sergio Guerra Vilaboy,\u00a0<a href=\"mailto:serguev@ach.ohc.cu\">serguev@ach.ohc.cu<\/a>, y Mtr. Carlos Oliva Campos<a href=\"mailto:carlosoc@umich.mx\">carlosoc@umich.mx<\/a>.\u00a0\u00a0 Tambi\u00e9n pueden llamar a los tel\u00e9fonos (537) 8323200 y 8307328 del Departamento de Historia de Universidad de La Habana, en L y 27, n\u00famero 160, El Vedado, La Habana, Cuba.<\/p>\n<p style=\"text-align: justify;\">&nbsp;<\/p>\n<p style=\"text-align: justify;\"><strong>Publicado por ADHILAC Internacional \u00a9 www.adhilac.com.ar<\/strong><\/p>\n<p style=\"text-align: justify;\">Si Ud.\u00a0DESEA Asociarse de acuerdo a los Estatutos de ADHILAC\u00a0<a title=\"(Ver)\" href=\"https:\/\/adhilac.com.ar\/?page_id=263\">(ver)<\/a> Completa el Formulario Correspondiente\u00a0<a title=\"(Ver)\" href=\"https:\/\/adhilac.com.ar\/?page_id=4779\" target=\"_blank\">(ver)<\/a><\/p>\n<p style=\"text-align: justify;\">E-mail:\u00a0<a title=\"info@adhilac.com.ar\" href=\"https:\/\/adhilac.com.ar\/info@adhilac.com.ar\" target=\"_blank\">info@adhilac.com.ar<\/a><strong> <\/strong><\/p>\n<p style=\"text-align: justify;\">Twitter: @ AdhilacInfo<\/p>\n","protected":false},"excerpt":{"rendered":"<p>A 200 a\u00f1os de la Carta de Jamaica de Sim\u00f3n Bol\u00edvar ADHILAC Cuba. La Habana, 6-9 de septiembre de 2015 PRIMERA CIRCULAR La Secci\u00f3n Cubana de la Asociaci\u00f3n de Historiadores Latinoamericanos y del Caribe (ADHILAC), con el coauspicio de la C\u00e1tedra Bolivariana de la Universidad de La Habana, la Red de Integraci\u00f3n de Am\u00e9rica Latina [&hellip;]<\/p>\n","protected":false},"author":2,"featured_media":0,"comment_status":"closed","ping_status":"closed","sticky":false,"template":"","format":"standard","meta":{"_crdt_document":"","footnotes":""},"categories":[18,5,40],"tags":[538,46],"class_list":["post-9758","post","type-post","status-publish","format-standard","hentry","category-adhilac-cuba","category-congresos","category-informaciones","tag-integracion-latinoamericana","tag-simon-bolivar"],"_links":{"self":[{"href":"https:\/\/adhilac.com.ar\/index.php?rest_route=\/wp\/v2\/posts\/9758","targetHints":{"allow":["GET"]}}],"collection":[{"href":"https:\/\/adhilac.com.ar\/index.php?rest_route=\/wp\/v2\/posts"}],"about":[{"href":"https:\/\/adhilac.com.ar\/index.php?rest_route=\/wp\/v2\/types\/post"}],"author":[{"embeddable":true,"href":"https:\/\/adhilac.com.ar\/index.php?rest_route=\/wp\/v2\/users\/2"}],"replies":[{"embeddable":true,"href":"https:\/\/adhilac.com.ar\/index.php?rest_route=%2Fwp%2Fv2%2Fcomments&post=9758"}],"version-history":[{"count":11,"href":"https:\/\/adhilac.com.ar\/index.php?rest_route=\/wp\/v2\/posts\/9758\/revisions"}],"predecessor-version":[{"id":10286,"href":"https:\/\/adhilac.com.ar\/index.php?rest_route=\/wp\/v2\/posts\/9758\/revisions\/10286"}],"wp:attachment":[{"href":"https:\/\/adhilac.com.ar\/index.php?rest_route=%2Fwp%2Fv2%2Fmedia&parent=9758"}],"wp:term":[{"taxonomy":"category","embeddable":true,"href":"https:\/\/adhilac.com.ar\/index.php?rest_route=%2Fwp%2Fv2%2Fcategories&post=9758"},{"taxonomy":"post_tag","embeddable":true,"href":"https:\/\/adhilac.com.ar\/index.php?rest_route=%2Fwp%2Fv2%2Ftags&post=9758"}],"curies":[{"name":"wp","href":"https:\/\/api.w.org\/{rel}","templated":true}]}}